{"id":267273,"date":"2021-04-21T14:10:47","date_gmt":"2021-04-21T17:10:47","guid":{"rendered":"https:\/\/www.mendoza.gov.ar\/prensa\/?p=267273"},"modified":"2021-04-21T15:44:40","modified_gmt":"2021-04-21T18:44:40","slug":"economia-se-reunio-con-camaras-pymes-para-sumar-a-mendoza-al-nuevo-regimen-de-promocion-de-empleo","status":"publish","type":"post","link":"https:\/\/www.mendoza.gov.ar\/prensa\/economia-se-reunio-con-camaras-pymes-para-sumar-a-mendoza-al-nuevo-regimen-de-promocion-de-empleo\/","title":{"rendered":"Econom\u00eda se reuni\u00f3 con c\u00e1maras pymes para sumar a Mendoza al nuevo R\u00e9gimen de Promoci\u00f3n de Empleo"},"content":{"rendered":"<!DOCTYPE html PUBLIC \"-\/\/W3C\/\/DTD HTML 4.0 Transitional\/\/EN\" \"http:\/\/www.w3.org\/TR\/REC-html40\/loose.dtd\">\n<html><body><h5>A la espera de&nbsp;una respuesta formal de la Naci&oacute;n, la Provincia elev&oacute; una propuesta que incluye actividades generadoras de empleo y una combinaci&oacute;n con los programas Enlace y Mendoza Activa.<\/h5>\n\n\n\n<p>El ministro de Econom&iacute;a y Energ&iacute;a, Enrique Vaqui&eacute;, acompa&ntilde;ado por el subsecretario de Industria y Comercio, Alejandro Zlotolow, mantuvo un encuentro con las entidades productivas y territoriales de la provincia para informarles el estado de situaci&oacute;n de Mendoza ante el nuevo R&eacute;gimen de Promoci&oacute;n de Empleo. Impulsada por la Naci&oacute;n, esta nueva normativa brinda ventajas fiscales a Catamarca, Chaco, Corrientes, Formosa, Jujuy, La Rioja, Misiones, Salta, Santiago del Estero, Tucum&aacute;n y la recientemente incorporada San Juan.<\/p>\n\n\n\n<p>En la reuni&oacute;n participaron representantes de las c&aacute;maras de Comercio e Industria de Tunuy&aacute;n, San Rafael, Tupungato, Malarg&uuml;e, San Mart&iacute;n y General&nbsp; Alvear. Tambi&eacute;n, la Asociaci&oacute;n de Empresarios Rodr&iacute;guez Pe&ntilde;a (Aderpe), la Federaci&oacute;n Econ&oacute;mica de Mendoza (FEM), la Uni&oacute;n Industrial de Mendoza (UIM), el Consejo Econ&oacute;mico de Mendoza (CEM) y la Uni&oacute;n Comercial e Industrial de Mendoza (UCIM).<\/p>\n\n\n\n<p>&ldquo;La provincia de Mendoza manifiesta mediante una nota a Naci&oacute;n, el mismo d&iacute;a que sale el decreto 191\/21, su disconformidad ante el mismo, al considerar que la distancia que la separa de los principales n&uacute;cleos de consumo es similar a las del Norte Grande y, al existir este R&eacute;gimen de Promoci&oacute;n de Empleo, semejante a la Promoci&oacute;n Industrial de los a&ntilde;os 90, discrimina a Mendoza, afectando sus posibilidades de generaci&oacute;n de empleo&rdquo;, explic&oacute; Alejandro Zlotolow<\/p>\n\n\n\n<p>Tras la reuni&oacute;n realizada el mi&eacute;rcoles 31 de marzo, en la que participaron el ministro de Econom&iacute;a y Energ&iacute;a, Enrique Vaqui&eacute;; el subsecretario de Industria y Comercio, Alejandro Zlotolow; el secretario de Industria, Econom&iacute;a del Conocimiento y Gesti&oacute;n Comercial, Ariel Schale, y el secretario de la Peque&ntilde;a y Mediana Empresa y los Emprendedores, Guillermo Merediz, ambos funcionarios del Ministerio de Desarrollo Productivo de Naci&oacute;n, Mendoza env&iacute;a formalmente una propuesta para ser incluida en el nuevo R&eacute;gimen de Promoci&oacute;n de Empleo.<\/p>\n\n\n\n<p>Entre los puntos principales del env&iacute;o, el Gobierno mendocino propone a Naci&oacute;n poder utilizar recursos del Fondo Nacional de Desarrollo Productivo (FONDEP) para complementar todas las l&iacute;neas de acci&oacute;n que se vienen desarrollando con recursos propios, como los programas Mendoza Activa, Enlace y Mendoza Activa Hidrocarburos.<\/p>\n\n\n\n<p>&ldquo;En nuestro escrito proponemos que&nbsp;los fondos para Aportes no Reembolsables (ANR), es decir para subsidios a la inversi&oacute;n y el empleo, sean destinados a un fideicomiso para posibilitar su eficiente gesti&oacute;n. Adem&aacute;s, la gesti&oacute;n del beneficio se podr&iacute;a realizar de manera <em>on-line<\/em>, a trav&eacute;s del sistema Ticket de la Provincia de Mendoza, sistema de seguimiento gestionado por la Direcci&oacute;n de Inform&aacute;tica y Comunicaciones. Se trata de un sistema probado, transparente y &aacute;gil y que sirve de soporte a otros programas ejecutados por la provincia&rdquo;, a&ntilde;adi&oacute; el subsecretario de Industria y Comercio, Alejandro Zlotolow<\/p>\n\n\n\n<p>&ldquo;Queremos llegar a un acuerdo lo m&aacute;s pronto posible. Existe buena comunicaci&oacute;n con las autoridades del Ministerio de Producci&oacute;n. No veo intenciones de generalizar para todas las provincias argentinas este tipo de r&eacute;gimen, sino m&aacute;s bien entiendo que se discutir&aacute; por zonas. Nosotros realizamos las gestiones mediante notas y la presentaci&oacute;n de una propuesta completa. Ahora estamos a la espera de una respuesta por parte de las autoridades nacionales&rdquo;, finaliz&oacute; el ministro de Econom&iacute;a y Energ&iacute;a, Enrique Vaqui&eacute;.<\/p>\n\n\n\n<figure class=\"wp-block-gallery columns-3\"><ul class=\"blocks-gallery-grid\"><li class=\"blocks-gallery-item\"><figure><a href=\"https:\/\/www.mendoza.gov.ar\/wp-content\/uploads\/sites\/5\/2021\/04\/WhatsApp-Image-2021-04-21-at-10.43.41-700x467.jpeg\"><img loading=\"lazy\" width=\"700\" height=\"467\" src=\"https:\/\/www.mendoza.gov.ar\/wp-content\/uploads\/sites\/5\/2021\/04\/WhatsApp-Image-2021-04-21-at-10.43.41-700x467.jpeg\" alt=\"\" data-id=\"267275\" data-link=\"https:\/\/www.mendoza.gov.ar\/prensa\/?attachment_id=267275\" class=\"wp-image-267275 img-responsive center-block\" srcset=\"https:\/\/www.mendoza.gov.ar\/wp-content\/uploads\/sites\/5\/2021\/04\/WhatsApp-Image-2021-04-21-at-10.43.41-700x467.jpeg 700w, https:\/\/www.mendoza.gov.ar\/wp-content\/uploads\/sites\/5\/2021\/04\/WhatsApp-Image-2021-04-21-at-10.43.41-250x167.jpeg 250w, https:\/\/www.mendoza.gov.ar\/wp-content\/uploads\/sites\/5\/2021\/04\/WhatsApp-Image-2021-04-21-at-10.43.41-768x512.jpeg 768w, https:\/\/www.mendoza.gov.ar\/wp-content\/uploads\/sites\/5\/2021\/04\/WhatsApp-Image-2021-04-21-at-10.43.41-120x80.jpeg 120w, https:\/\/www.mendoza.gov.ar\/wp-content\/uploads\/sites\/5\/2021\/04\/WhatsApp-Image-2021-04-21-at-10.43.41.jpeg 1280w\" sizes=\"(max-width: 700px) 100vw, 700px\"><\/a><\/figure><\/li><li class=\"blocks-gallery-item\"><figure><a href=\"https:\/\/www.mendoza.gov.ar\/wp-content\/uploads\/sites\/5\/2021\/04\/WhatsApp-Image-2021-04-21-at-10.43.41-1-700x467.jpeg\"><img loading=\"lazy\" width=\"700\" height=\"467\" src=\"https:\/\/www.mendoza.gov.ar\/wp-content\/uploads\/sites\/5\/2021\/04\/WhatsApp-Image-2021-04-21-at-10.43.41-1-700x467.jpeg\" alt=\"\" data-id=\"267276\" data-link=\"https:\/\/www.mendoza.gov.ar\/prensa\/?attachment_id=267276\" class=\"wp-image-267276 img-responsive center-block\" srcset=\"https:\/\/www.mendoza.gov.ar\/wp-content\/uploads\/sites\/5\/2021\/04\/WhatsApp-Image-2021-04-21-at-10.43.41-1-700x467.jpeg 700w, https:\/\/www.mendoza.gov.ar\/wp-content\/uploads\/sites\/5\/2021\/04\/WhatsApp-Image-2021-04-21-at-10.43.41-1-250x167.jpeg 250w, https:\/\/www.mendoza.gov.ar\/wp-content\/uploads\/sites\/5\/2021\/04\/WhatsApp-Image-2021-04-21-at-10.43.41-1-768x512.jpeg 768w, https:\/\/www.mendoza.gov.ar\/wp-content\/uploads\/sites\/5\/2021\/04\/WhatsApp-Image-2021-04-21-at-10.43.41-1-120x80.jpeg 120w, https:\/\/www.mendoza.gov.ar\/wp-content\/uploads\/sites\/5\/2021\/04\/WhatsApp-Image-2021-04-21-at-10.43.41-1.jpeg 1280w\" sizes=\"(max-width: 700px) 100vw, 700px\"><\/a><\/figure><\/li><li class=\"blocks-gallery-item\"><figure><a href=\"https:\/\/www.mendoza.gov.ar\/wp-content\/uploads\/sites\/5\/2021\/04\/WhatsApp-Image-2021-04-21-at-10.43.42-700x467.jpeg\"><img loading=\"lazy\" width=\"700\" height=\"467\" src=\"https:\/\/www.mendoza.gov.ar\/wp-content\/uploads\/sites\/5\/2021\/04\/WhatsApp-Image-2021-04-21-at-10.43.42-700x467.jpeg\" alt=\"\" data-id=\"267277\" data-link=\"https:\/\/www.mendoza.gov.ar\/prensa\/?attachment_id=267277\" class=\"wp-image-267277 img-responsive center-block\" srcset=\"https:\/\/www.mendoza.gov.ar\/wp-content\/uploads\/sites\/5\/2021\/04\/WhatsApp-Image-2021-04-21-at-10.43.42-700x467.jpeg 700w, https:\/\/www.mendoza.gov.ar\/wp-content\/uploads\/sites\/5\/2021\/04\/WhatsApp-Image-2021-04-21-at-10.43.42-250x167.jpeg 250w, https:\/\/www.mendoza.gov.ar\/wp-content\/uploads\/sites\/5\/2021\/04\/WhatsApp-Image-2021-04-21-at-10.43.42-768x512.jpeg 768w, https:\/\/www.mendoza.gov.ar\/wp-content\/uploads\/sites\/5\/2021\/04\/WhatsApp-Image-2021-04-21-at-10.43.42-120x80.jpeg 120w, https:\/\/www.mendoza.gov.ar\/wp-content\/uploads\/sites\/5\/2021\/04\/WhatsApp-Image-2021-04-21-at-10.43.42.jpeg 1280w\" sizes=\"(max-width: 700px) 100vw, 700px\"><\/a><\/figure><\/li><li class=\"blocks-gallery-item\"><figure><a href=\"https:\/\/www.mendoza.gov.ar\/wp-content\/uploads\/sites\/5\/2021\/04\/WhatsApp-Image-2021-04-21-at-10.43.42-1-700x467.jpeg\"><img loading=\"lazy\" width=\"700\" height=\"467\" src=\"https:\/\/www.mendoza.gov.ar\/wp-content\/uploads\/sites\/5\/2021\/04\/WhatsApp-Image-2021-04-21-at-10.43.42-1-700x467.jpeg\" alt=\"\" data-id=\"267278\" data-link=\"https:\/\/www.mendoza.gov.ar\/prensa\/?attachment_id=267278\" class=\"wp-image-267278 img-responsive center-block\" srcset=\"https:\/\/www.mendoza.gov.ar\/wp-content\/uploads\/sites\/5\/2021\/04\/WhatsApp-Image-2021-04-21-at-10.43.42-1-700x467.jpeg 700w, https:\/\/www.mendoza.gov.ar\/wp-content\/uploads\/sites\/5\/2021\/04\/WhatsApp-Image-2021-04-21-at-10.43.42-1-250x167.jpeg 250w, https:\/\/www.mendoza.gov.ar\/wp-content\/uploads\/sites\/5\/2021\/04\/WhatsApp-Image-2021-04-21-at-10.43.42-1-768x512.jpeg 768w, https:\/\/www.mendoza.gov.ar\/wp-content\/uploads\/sites\/5\/2021\/04\/WhatsApp-Image-2021-04-21-at-10.43.42-1-120x80.jpeg 120w, https:\/\/www.mendoza.gov.ar\/wp-content\/uploads\/sites\/5\/2021\/04\/WhatsApp-Image-2021-04-21-at-10.43.42-1.jpeg 1280w\" sizes=\"(max-width: 700px) 100vw, 700px\"><\/a><\/figure><\/li><li class=\"blocks-gallery-item\"><figure><a href=\"https:\/\/www.mendoza.gov.ar\/wp-content\/uploads\/sites\/5\/2021\/04\/WhatsApp-Image-2021-04-21-at-10.43.44.jpeg\"><img loading=\"lazy\" width=\"700\" height=\"467\" src=\"https:\/\/www.mendoza.gov.ar\/wp-content\/uploads\/sites\/5\/2021\/04\/WhatsApp-Image-2021-04-21-at-10.43.44-700x467.jpeg\" alt=\"\" data-id=\"267279\" data-full-url=\"https:\/\/www.mendoza.gov.ar\/wp-content\/uploads\/sites\/5\/2021\/04\/WhatsApp-Image-2021-04-21-at-10.43.44.jpeg\" data-link=\"https:\/\/www.mendoza.gov.ar\/prensa\/?attachment_id=267279\" class=\"wp-image-267279 img-responsive center-block\" srcset=\"https:\/\/www.mendoza.gov.ar\/wp-content\/uploads\/sites\/5\/2021\/04\/WhatsApp-Image-2021-04-21-at-10.43.44-700x467.jpeg 700w, https:\/\/www.mendoza.gov.ar\/wp-content\/uploads\/sites\/5\/2021\/04\/WhatsApp-Image-2021-04-21-at-10.43.44-250x167.jpeg 250w, https:\/\/www.mendoza.gov.ar\/wp-content\/uploads\/sites\/5\/2021\/04\/WhatsApp-Image-2021-04-21-at-10.43.44-768x512.jpeg 768w, https:\/\/www.mendoza.gov.ar\/wp-content\/uploads\/sites\/5\/2021\/04\/WhatsApp-Image-2021-04-21-at-10.43.44-120x80.jpeg 120w, https:\/\/www.mendoza.gov.ar\/wp-content\/uploads\/sites\/5\/2021\/04\/WhatsApp-Image-2021-04-21-at-10.43.44.jpeg 1280w\" sizes=\"(max-width: 700px) 100vw, 700px\"><\/a><\/figure><\/li><\/ul><\/figure>\n\n\n\n<figure class=\"wp-block-image\" id=\"block-6ced38ce-cf36-43a4-bda2-6d6ecc045941\"><img src=\"https:\/\/www.mendoza.gov.ar\/prensa\/wp-content\/uploads\/sites\/5\/2020\/03\/WhatsApp-Image-2020-03-17-at-6.23.29-PM-1.jpeg\" alt=\"Esta imagen tiene un atributo alt vac&iacute;o; el nombre del archivo es WhatsApp-Image-2020-03-17-at-6.23.29-PM-1.jpeg\" class=\" img-responsive center-block\"><\/figure>\n\n\n\n<p class=\"has-text-align-center\" id=\"block-4672d608-8a30-472c-91ba-07e641c39018\"><a rel=\"noreferrer noopener\" href=\"https:\/\/www.mendoza.gov.ar\/prensa\/covid-19\/\" target=\"_blank\"><strong>Clic aqu&iacute; para ver m&aacute;s noticias sobre coronavirus<\/strong><\/a><\/p>\n\n\n\n<figure class=\"wp-block-image\" id=\"block-679c5d04-4f24-4464-a49a-df7b140e38eb\"><img src=\"https:\/\/www.mendoza.gov.ar\/prensa\/wp-content\/uploads\/sites\/5\/2020\/03\/WhatsApp-Image-2020-03-17-at-6.23.29-PM-1.jpeg\" alt=\"Esta imagen tiene un atributo alt vac&iacute;o; el nombre del archivo es WhatsApp-Image-2020-03-17-at-6.23.29-PM-1.jpeg\" class=\" img-responsive center-block\"><\/figure>\n\n\n\n<p class=\"has-text-align-center\" id=\"block-e70c843d-9c55-4a54-a13e-110b356d59f8\"><strong><a rel=\"noreferrer noopener\" href=\"https:\/\/www.mendoza.gov.ar\/prensa\/comunicados\/\" target=\"_blank\">Clic aqu&iacute; para ver los comunicados del Ministerio de Salud<\/a><\/strong><\/p>\n\n\n\n<figure class=\"wp-block-image\" id=\"block-55da5334-2597-4644-a2ad-ad62409c9f96\"><img src=\"https:\/\/www.mendoza.gov.ar\/prensa\/wp-content\/uploads\/sites\/5\/2020\/03\/WhatsApp-Image-2020-03-17-at-6.23.29-PM-1.jpeg\" alt=\"Esta imagen tiene un atributo alt vac&iacute;o; el nombre del archivo es WhatsApp-Image-2020-03-17-at-6.23.29-PM-1.jpeg\" class=\" img-responsive center-block\"><\/figure>\n\n\n\n<p class=\"has-text-align-center\" id=\"block-f052e2af-737b-4a93-aa6a-293bed4ff9e2\"><strong><a rel=\"noreferrer noopener\" href=\"https:\/\/www.mendoza.gov.ar\/coronavirus\" target=\"_blank\">www.mendoza.gov.ar\/coronavirus<\/a><\/strong><\/p>\n<\/body><\/html>\n","protected":false},"excerpt":{"rendered":"A la espera de&nbsp;una respuesta formal de la Naci&oacute;n, la Provincia elev&oacute; una propuesta que incluye actividades generadoras de empleo y una combinaci&oacute;n con los programas Enlace y Mendoza Activa. El ministro de Econom&iacute;a y Energ&iacute;a, Enrique Vaqui&eacute;, acompa&ntilde;ado por el subsecretario de Industria y Comercio, Alejandro Zlotolow, mantuvo un encuentro con las entidades productivas&#8230; <a class=\"view-article\" href=\"https:\/\/www.mendoza.gov.ar\/prensa\/economia-se-reunio-con-camaras-pymes-para-sumar-a-mendoza-al-nuevo-regimen-de-promocion-de-empleo\/\"><\/a>","protected":false},"author":76,"featured_media":267277,"comment_status":"open","ping_status":"open","sticky":false,"template":"","format":"standard","meta":[],"categories":[15],"tags":[],"_links":{"self":[{"href":"https:\/\/www.mendoza.gov.ar\/prensa\/wp-json\/wp\/v2\/posts\/267273"}],"collection":[{"href":"https:\/\/www.mendoza.gov.ar\/prensa\/wp-json\/wp\/v2\/posts"}],"about":[{"href":"https:\/\/www.mendoza.gov.ar\/prensa\/wp-json\/wp\/v2\/types\/post"}],"author":[{"embeddable":true,"href":"https:\/\/www.mendoza.gov.ar\/prensa\/wp-json\/wp\/v2\/users\/76"}],"replies":[{"embeddable":true,"href":"https:\/\/www.mendoza.gov.ar\/prensa\/wp-json\/wp\/v2\/comments?post=267273"}],"version-history":[{"count":3,"href":"https:\/\/www.mendoza.gov.ar\/prensa\/wp-json\/wp\/v2\/posts\/267273\/revisions"}],"predecessor-version":[{"id":267282,"href":"https:\/\/www.mendoza.gov.ar\/prensa\/wp-json\/wp\/v2\/posts\/267273\/revisions\/267282"}],"wp:featuredmedia":[{"embeddable":true,"href":"https:\/\/www.mendoza.gov.ar\/prensa\/wp-json\/wp\/v2\/media\/267277"}],"wp:attachment":[{"href":"https:\/\/www.mendoza.gov.ar\/prensa\/wp-json\/wp\/v2\/media?parent=267273"}],"wp:term":[{"taxonomy":"category","embeddable":true,"href":"https:\/\/www.mendoza.gov.ar\/prensa\/wp-json\/wp\/v2\/categories?post=267273"},{"taxonomy":"post_tag","embeddable":true,"href":"https:\/\/www.mendoza.gov.ar\/prensa\/wp-json\/wp\/v2\/tags?post=267273"}],"curies":[{"name":"wp","href":"https:\/\/api.w.org\/{rel}","templated":true}]}}