{"id":267392,"date":"2021-04-22T12:07:17","date_gmt":"2021-04-22T15:07:17","guid":{"rendered":"https:\/\/www.mendoza.gov.ar\/prensa\/?p=267392"},"modified":"2021-04-22T13:12:19","modified_gmt":"2021-04-22T16:12:19","slug":"infraestructura-a-punto-de-concluir-la-reparacion-del-desague-cloacal-del-jardin-de-infantes-de-la-escuela-lainez","status":"publish","type":"post","link":"https:\/\/www.mendoza.gov.ar\/prensa\/infraestructura-a-punto-de-concluir-la-reparacion-del-desague-cloacal-del-jardin-de-infantes-de-la-escuela-lainez\/","title":{"rendered":"Infraestructura, a punto de concluir la reparaci\u00f3n del desag\u00fce cloacal del jard\u00edn de infantes de la Escuela L\u00e1inez"},"content":{"rendered":"<!DOCTYPE html PUBLIC \"-\/\/W3C\/\/DTD HTML 4.0 Transitional\/\/EN\" \"http:\/\/www.w3.org\/TR\/REC-html40\/loose.dtd\">\n<html><body><h5>Las salas de nivel inicial sufrieron un importante asentamiento en el terreno, debido a la rotura de las ca&ntilde;er&iacute;as que llevan los l&iacute;quidos a la red madre, ubicada sobre la calle Luzuriaga, de Capital. Tambi&eacute;n se arreglaron los sanitarios. Inversi&oacute;n cercana a $2,5 millones.<\/h5>\n\n\n\n<p>En un poco m&aacute;s de un mes de ejecuci&oacute;n, la Subsecretar&iacute;a de Infraestructura Escolar est&aacute; a punto de concluir la reparaci&oacute;n integral del piso del jard&iacute;n de infantes de la Escuela 1-110 Manuel L&aacute;inez, de Capital, debido a que la estructura de las salas sufri&oacute; un asentamiento en el terreno y debieron ser inhabilitadas.<\/p>\n\n\n\n<p>Las tareas en el establecimiento ubicado en la calle Luzuriaga al 300 est&aacute;n a cargo de la firma Lusocani SRL. Comprendieron el recambio completo de ca&ntilde;er&iacute;a de desag&uuml;e cloacal, pisos y algunos arreglos en los sanitarios, entre otros.<\/p>\n\n\n\n<p>La intervenci&oacute;n, que est&aacute; prevista ser finalizada y entregada por la contratista la pr&oacute;xima semana, demand&oacute; una inversi&oacute;n cercana a $2,5 millones, financiados &iacute;ntegramente con fondos provinciales.<\/p>\n\n\n\n<p>&ldquo;Estamos muy conformes con los trabajos que viene realizando la contratista, dado que ha demorado la ejecuci&oacute;n mucho menos tiempo del que ten&iacute;amos previsto, que eran unos dos meses. La pr&oacute;xima semana terminaremos los trabajos para que la comunidad educativa vuelva a disponer de las instalaciones&rdquo;, indic&oacute; el director de Mantenimiento y Reparaciones de Escuelas, Bernardino Rodr&iacute;guez.<\/p>\n\n\n\n<p>Mientras se realizaron las tareas, docentes y alumnos del jard&iacute;n de infantes afectado fueron trasladados a otro edificio. En este caso, la Direcci&oacute;n General de Escuelas decidi&oacute; reubicarlos en un sal&oacute;n de usos m&uacute;ltiples que pertenece a la Universidad Tecnol&oacute;gica Nacional, en la calle Sobremonte de Ciudad, a unas cuadras de la sede de la Escuela L&aacute;inez.<\/p>\n\n\n\n<p><strong>Arreglos en la Escuela Manuel Belgrano<\/strong><\/p>\n\n\n\n<p>Adem&aacute;s del jard&iacute;n de la Escuela Manuel L&aacute;inez, Infraestructura Escolar termin&oacute; una serie de reparaciones en la Escuela 1-034 Manuel Belgrano, de Capital.<\/p>\n\n\n\n<p>Los trabajos contemplaron el arreglo de los grupos sanitarios, donde se remplazaron todas las mochilas de almacenamiento de agua que presentaban inconvenientes.<\/p>\n\n\n\n<p>En tanto, tambi&eacute;n se hicieron refacciones de filtraciones en el techo del ingreso al establecimiento educativo ubicado en la calle Carlos Pellegrini al 400, en la provisi&oacute;n de agua y en parte del sistema el&eacute;ctrico.<\/p>\n\n\n\n<p>La intervenci&oacute;n demand&oacute; una inversi&oacute;n que supera $700 mil, financiados con fondos provinciales, y dej&oacute; en condiciones operativas al edificio escolar de nivel primario.<\/p>\n\n\n\n<figure class=\"wp-block-gallery columns-3\"><ul class=\"blocks-gallery-grid\"><li class=\"blocks-gallery-item\"><figure><a href=\"https:\/\/www.mendoza.gov.ar\/wp-content\/uploads\/sites\/5\/2021\/04\/Seleccion-1-2.jpg\"><img loading=\"lazy\" width=\"700\" height=\"465\" src=\"https:\/\/www.mendoza.gov.ar\/wp-content\/uploads\/sites\/5\/2021\/04\/Seleccion-1-2-700x465.jpg\" alt=\"\" data-id=\"267393\" data-full-url=\"https:\/\/www.mendoza.gov.ar\/wp-content\/uploads\/sites\/5\/2021\/04\/Seleccion-1-2.jpg\" data-link=\"https:\/\/www.mendoza.gov.ar\/prensa\/?attachment_id=267393\" class=\"wp-image-267393 img-responsive center-block\" srcset=\"https:\/\/www.mendoza.gov.ar\/wp-content\/uploads\/sites\/5\/2021\/04\/Seleccion-1-2-700x465.jpg 700w, https:\/\/www.mendoza.gov.ar\/wp-content\/uploads\/sites\/5\/2021\/04\/Seleccion-1-2-250x166.jpg 250w, https:\/\/www.mendoza.gov.ar\/wp-content\/uploads\/sites\/5\/2021\/04\/Seleccion-1-2-768x510.jpg 768w, https:\/\/www.mendoza.gov.ar\/wp-content\/uploads\/sites\/5\/2021\/04\/Seleccion-1-2-1536x1020.jpg 1536w, https:\/\/www.mendoza.gov.ar\/wp-content\/uploads\/sites\/5\/2021\/04\/Seleccion-1-2-2048x1360.jpg 2048w, https:\/\/www.mendoza.gov.ar\/wp-content\/uploads\/sites\/5\/2021\/04\/Seleccion-1-2-120x80.jpg 120w\" sizes=\"(max-width: 700px) 100vw, 700px\"><\/a><\/figure><\/li><li class=\"blocks-gallery-item\"><figure><a href=\"https:\/\/www.mendoza.gov.ar\/wp-content\/uploads\/sites\/5\/2021\/04\/Seleccion-2-2.jpg\"><img loading=\"lazy\" width=\"700\" height=\"465\" src=\"https:\/\/www.mendoza.gov.ar\/wp-content\/uploads\/sites\/5\/2021\/04\/Seleccion-2-2-700x465.jpg\" alt=\"\" data-id=\"267394\" data-full-url=\"https:\/\/www.mendoza.gov.ar\/wp-content\/uploads\/sites\/5\/2021\/04\/Seleccion-2-2.jpg\" data-link=\"https:\/\/www.mendoza.gov.ar\/prensa\/?attachment_id=267394\" class=\"wp-image-267394 img-responsive center-block\" srcset=\"https:\/\/www.mendoza.gov.ar\/wp-content\/uploads\/sites\/5\/2021\/04\/Seleccion-2-2-700x465.jpg 700w, https:\/\/www.mendoza.gov.ar\/wp-content\/uploads\/sites\/5\/2021\/04\/Seleccion-2-2-250x166.jpg 250w, https:\/\/www.mendoza.gov.ar\/wp-content\/uploads\/sites\/5\/2021\/04\/Seleccion-2-2-768x510.jpg 768w, https:\/\/www.mendoza.gov.ar\/wp-content\/uploads\/sites\/5\/2021\/04\/Seleccion-2-2-1536x1020.jpg 1536w, https:\/\/www.mendoza.gov.ar\/wp-content\/uploads\/sites\/5\/2021\/04\/Seleccion-2-2-2048x1360.jpg 2048w, https:\/\/www.mendoza.gov.ar\/wp-content\/uploads\/sites\/5\/2021\/04\/Seleccion-2-2-120x80.jpg 120w\" sizes=\"(max-width: 700px) 100vw, 700px\"><\/a><\/figure><\/li><li class=\"blocks-gallery-item\"><figure><a href=\"https:\/\/www.mendoza.gov.ar\/wp-content\/uploads\/sites\/5\/2021\/04\/Seleccion-3.jpg\"><img loading=\"lazy\" width=\"700\" height=\"465\" src=\"https:\/\/www.mendoza.gov.ar\/wp-content\/uploads\/sites\/5\/2021\/04\/Seleccion-3-700x465.jpg\" alt=\"\" data-id=\"267395\" data-full-url=\"https:\/\/www.mendoza.gov.ar\/wp-content\/uploads\/sites\/5\/2021\/04\/Seleccion-3.jpg\" data-link=\"https:\/\/www.mendoza.gov.ar\/prensa\/?attachment_id=267395\" class=\"wp-image-267395 img-responsive center-block\" srcset=\"https:\/\/www.mendoza.gov.ar\/wp-content\/uploads\/sites\/5\/2021\/04\/Seleccion-3-700x465.jpg 700w, https:\/\/www.mendoza.gov.ar\/wp-content\/uploads\/sites\/5\/2021\/04\/Seleccion-3-250x166.jpg 250w, https:\/\/www.mendoza.gov.ar\/wp-content\/uploads\/sites\/5\/2021\/04\/Seleccion-3-768x510.jpg 768w, https:\/\/www.mendoza.gov.ar\/wp-content\/uploads\/sites\/5\/2021\/04\/Seleccion-3-1536x1020.jpg 1536w, https:\/\/www.mendoza.gov.ar\/wp-content\/uploads\/sites\/5\/2021\/04\/Seleccion-3-2048x1360.jpg 2048w, https:\/\/www.mendoza.gov.ar\/wp-content\/uploads\/sites\/5\/2021\/04\/Seleccion-3-120x80.jpg 120w\" sizes=\"(max-width: 700px) 100vw, 700px\"><\/a><\/figure><\/li><\/ul><\/figure>\n<\/body><\/html>\n","protected":false},"excerpt":{"rendered":"Las salas de nivel inicial sufrieron un importante asentamiento en el terreno, debido a la rotura de las ca&ntilde;er&iacute;as que llevan los l&iacute;quidos a la red madre, ubicada sobre la calle Luzuriaga, de Capital. Tambi&eacute;n se arreglaron los sanitarios. Inversi&oacute;n cercana a $2,5 millones. En un poco m&aacute;s de un mes de ejecuci&oacute;n, la Subsecretar&iacute;a&#8230; <a class=\"view-article\" href=\"https:\/\/www.mendoza.gov.ar\/prensa\/infraestructura-a-punto-de-concluir-la-reparacion-del-desague-cloacal-del-jardin-de-infantes-de-la-escuela-lainez\/\"><\/a>","protected":false},"author":66,"featured_media":267393,"comment_status":"open","ping_status":"open","sticky":false,"template":"","format":"standard","meta":[],"categories":[1801],"tags":[],"_links":{"self":[{"href":"https:\/\/www.mendoza.gov.ar\/prensa\/wp-json\/wp\/v2\/posts\/267392"}],"collection":[{"href":"https:\/\/www.mendoza.gov.ar\/prensa\/wp-json\/wp\/v2\/posts"}],"about":[{"href":"https:\/\/www.mendoza.gov.ar\/prensa\/wp-json\/wp\/v2\/types\/post"}],"author":[{"embeddable":true,"href":"https:\/\/www.mendoza.gov.ar\/prensa\/wp-json\/wp\/v2\/users\/66"}],"replies":[{"embeddable":true,"href":"https:\/\/www.mendoza.gov.ar\/prensa\/wp-json\/wp\/v2\/comments?post=267392"}],"version-history":[{"count":3,"href":"https:\/\/www.mendoza.gov.ar\/prensa\/wp-json\/wp\/v2\/posts\/267392\/revisions"}],"predecessor-version":[{"id":267410,"href":"https:\/\/www.mendoza.gov.ar\/prensa\/wp-json\/wp\/v2\/posts\/267392\/revisions\/267410"}],"wp:featuredmedia":[{"embeddable":true,"href":"https:\/\/www.mendoza.gov.ar\/prensa\/wp-json\/wp\/v2\/media\/267393"}],"wp:attachment":[{"href":"https:\/\/www.mendoza.gov.ar\/prensa\/wp-json\/wp\/v2\/media?parent=267392"}],"wp:term":[{"taxonomy":"category","embeddable":true,"href":"https:\/\/www.mendoza.gov.ar\/prensa\/wp-json\/wp\/v2\/categories?post=267392"},{"taxonomy":"post_tag","embeddable":true,"href":"https:\/\/www.mendoza.gov.ar\/prensa\/wp-json\/wp\/v2\/tags?post=267392"}],"curies":[{"name":"wp","href":"https:\/\/api.w.org\/{rel}","templated":true}]}}