{"id":272020,"date":"2021-06-02T11:03:28","date_gmt":"2021-06-02T14:03:28","guid":{"rendered":"https:\/\/www.mendoza.gov.ar\/prensa\/?p=272020"},"modified":"2021-06-02T11:03:30","modified_gmt":"2021-06-02T14:03:30","slug":"se-intensifica-la-vacunacion-a-docentes-en-valle-de-uco-seran-alcanzados-mas-de-2-500-docentes-y-personal-no-docente","status":"publish","type":"post","link":"https:\/\/www.mendoza.gov.ar\/prensa\/se-intensifica-la-vacunacion-a-docentes-en-valle-de-uco-seran-alcanzados-mas-de-2-500-docentes-y-personal-no-docente\/","title":{"rendered":"Se intensifica la vacunaci\u00f3n a docentes en Valle de Uco: ser\u00e1n alcanzados m\u00e1s de 2.500 docentes y personal no docente"},"content":{"rendered":"<!DOCTYPE html PUBLIC \"-\/\/W3C\/\/DTD HTML 4.0 Transitional\/\/EN\" \"http:\/\/www.w3.org\/TR\/REC-html40\/loose.dtd\">\n<html><body><h5>La nueva etapa de vacunaci&oacute;n arranca el jueves 3 y el viernes 4 de junio. Los operativos se incrementan en los tres departamentos de la regi&oacute;n y se lograr&aacute; inocular a mayores de 30 a&ntilde;os y a personal no docente.<\/h5>\n\n\n\n<p>Los equipos de Salud y de la DGE del Gobierno provincial en Valle de Uco, inician con los operativos de vacunaci&oacute;n a personal docente y no docente de toda la regi&oacute;n. <\/p>\n\n\n\n<p>Las autoridades provinciales han proyectado y organizado los espacios y los equipos a efectos de alcanzar en tiempo r&eacute;cord la inoculaci&oacute;n de la mayor cantidad de docentes y miembros de las comunidades educativas.<\/p>\n\n\n\n<p>El pr&oacute;ximo jueves 3 y viernes 4 de junio inicia la inoculaci&oacute;n a aquellos docentes del grupo 1 (sin l&iacute;mite de edad) que no hab&iacute;an recibido la primera dosis y mayores de 30 a&ntilde;os de los grupos 2, 3 y 4 con la primera dosis.<\/p>\n\n\n\n<p>En total, en esta nueva etapa de vacunaci&oacute;n, se planifica inocular a 2.645 docentes y no docentes de toda la regi&oacute;n. En detalle, en dos d&iacute;as en Tunuy&aacute;n se planifica alcanzar la inoculaci&oacute;n de 1033 personas, en Tupungato de 764 y en San Carlos de 848. La vacunaci&oacute;n se realizar&aacute; en el Hotel Turismo de Tupungato, en el MicroHospital en La Consulta, San Carlos, y en el Hospital Antonio J. Scaravelli de Tunuy&aacute;n.<\/p>\n\n\n\n<p><strong>Docentes y personal no docente que se vacunar&aacute;n<\/strong><\/p>\n\n\n\n<p>Grupo 1<\/p>\n\n\n\n<p>Personal de direcci&oacute;n y gesti&oacute;n de los establecimientos escolares de todos los niveles y modalidades.<\/p>\n\n\n\n<p>Inspectores\/as y supervisores\/as de todos los niveles y modalidades.<\/p>\n\n\n\n<p>Docentes frente a estudiantes de Nivel Inicial (se incluyen jardines maternales).<\/p>\n\n\n\n<p>Docentes del Primer Ciclo (1&deg;, 2&deg; y 3&deg; grado) de Nivel Primario.<\/p>\n\n\n\n<p>Docentes de la modalidad de Educaci&oacute;n Especial.<\/p>\n\n\n\n<p>Personal de direcci&oacute;n y gesti&oacute;n y docentes de SEOS y CAE.<\/p>\n\n\n\n<p>Equipos t&eacute;cnicos seccionales de DOAITE.<\/p>\n\n\n\n<p>Personal de direcci&oacute;n y gesti&oacute;n de Nivel Superior (rectores\/as, vice-rectores\/as, directores\/as de Nivel [escuelas normales], regentes y\/o secretarios acad&eacute;micos.<\/p>\n\n\n\n<p>Grupo 2<\/p>\n\n\n\n<p>Secretarios\/as, docentes de apoyo, docentes MATE, docentes de &aacute;reas especiales (Pl&aacute;stica, Educaci&oacute;n F&iacute;sica, Teatro, Artes Visuales, M&uacute;sica, Ingl&eacute;s, etc.), docentes nocheros y similares de escuelas albergue, bibliotecarios\/as, jefes\/as generales de ense&ntilde;anza pr&aacute;ctica, MEP, ATP, jefes de secci&oacute;n de 30 a&ntilde;os de edad o m&aacute;s.<\/p>\n\n\n\n<p>Miembros de los equipos del Servicio de Orientaci&oacute;n de escuelas de Nivel Secundario Orientado, de la Modalidad T&eacute;cnico-Profesional y de la Modalidad de Educaci&oacute;n Permanente de J&oacute;venes y Adultos de 30 a&ntilde;os de edad o m&aacute;s.<\/p>\n\n\n\n<p>Personal celador que desempe&ntilde;e funciones de cocineros\/as, calderistas, peones y serenos, que trabajen en establecimientos escolares de Educaci&oacute;n Inicial, Primaria, Especial, Secundaria Orientada y T&eacute;cnica, y de Educaci&oacute;n Permanente de J&oacute;venes y Adultos de 30 a&ntilde;os de edad o m&aacute;s.<\/p>\n\n\n\n<p>Jefes\/as de preceptores\/as y preceptores\/as que desempe&ntilde;en sus tareas en establecimientos escolares de Nivel Secundario Orientado y T&eacute;cnico, de Educaci&oacute;n Permanente de J&oacute;venes y Adultos de 30 a&ntilde;os de edad o m&aacute;s.<\/p>\n\n\n\n<p>Grupo 3<\/p>\n\n\n\n<p>Docentes del Segundo Ciclo (4&deg; a 7&deg; grados) de Nivel Primario de 30 a&ntilde;os de edad o m&aacute;s.<\/p>\n\n\n\n<p>Grupo 4<\/p>\n\n\n\n<p>Docentes de escuelas de Nivel Secundario Orientado y T&eacute;cnico, y de Educaci&oacute;n Permanente de J&oacute;venes y Adultos de 30 a&ntilde;os de edad o m&aacute;s.<\/p>\n\n\n\n<figure class=\"wp-block-gallery columns-3\"><ul class=\"blocks-gallery-grid\"><li class=\"blocks-gallery-item\"><figure><a href=\"https:\/\/www.mendoza.gov.ar\/wp-content\/uploads\/sites\/5\/2021\/06\/Vacunacion-Valle-de-Uco-docentes.jpg\"><img loading=\"lazy\" width=\"700\" height=\"359\" src=\"https:\/\/www.mendoza.gov.ar\/wp-content\/uploads\/sites\/5\/2021\/06\/Vacunacion-Valle-de-Uco-docentes.jpg\" alt=\"\" data-id=\"272021\" data-link=\"https:\/\/www.mendoza.gov.ar\/prensa\/?attachment_id=272021\" class=\"wp-image-272021 img-responsive center-block\" srcset=\"https:\/\/www.mendoza.gov.ar\/wp-content\/uploads\/sites\/5\/2021\/06\/Vacunacion-Valle-de-Uco-docentes.jpg 700w, https:\/\/www.mendoza.gov.ar\/wp-content\/uploads\/sites\/5\/2021\/06\/Vacunacion-Valle-de-Uco-docentes-250x128.jpg 250w, https:\/\/www.mendoza.gov.ar\/wp-content\/uploads\/sites\/5\/2021\/06\/Vacunacion-Valle-de-Uco-docentes-120x62.jpg 120w\" sizes=\"(max-width: 700px) 100vw, 700px\"><\/a><\/figure><\/li><li class=\"blocks-gallery-item\"><figure><a href=\"https:\/\/www.mendoza.gov.ar\/wp-content\/uploads\/sites\/5\/2021\/06\/Vacunacion-Valle-de-Uco4.jpg\"><img src=\"https:\/\/www.mendoza.gov.ar\/wp-content\/uploads\/sites\/5\/2021\/06\/Vacunacion-Valle-de-Uco4.jpg\" alt=\"\" data-id=\"272022\" data-link=\"https:\/\/www.mendoza.gov.ar\/prensa\/?attachment_id=272022\" class=\"wp-image-272022 img-responsive center-block\"><\/a><\/figure><\/li><li class=\"blocks-gallery-item\"><figure><a href=\"https:\/\/www.mendoza.gov.ar\/wp-content\/uploads\/sites\/5\/2021\/06\/Vacunacion-Valle-de-Uco3.jpg\"><img loading=\"lazy\" width=\"540\" height=\"960\" src=\"https:\/\/www.mendoza.gov.ar\/wp-content\/uploads\/sites\/5\/2021\/06\/Vacunacion-Valle-de-Uco3.jpg\" alt=\"\" data-id=\"272023\" data-full-url=\"https:\/\/www.mendoza.gov.ar\/wp-content\/uploads\/sites\/5\/2021\/06\/Vacunacion-Valle-de-Uco3.jpg\" data-link=\"https:\/\/www.mendoza.gov.ar\/prensa\/?attachment_id=272023\" class=\"wp-image-272023 img-responsive center-block\" srcset=\"https:\/\/www.mendoza.gov.ar\/wp-content\/uploads\/sites\/5\/2021\/06\/Vacunacion-Valle-de-Uco3.jpg 540w, https:\/\/www.mendoza.gov.ar\/wp-content\/uploads\/sites\/5\/2021\/06\/Vacunacion-Valle-de-Uco3-250x444.jpg 250w, https:\/\/www.mendoza.gov.ar\/wp-content\/uploads\/sites\/5\/2021\/06\/Vacunacion-Valle-de-Uco3-120x213.jpg 120w\" sizes=\"(max-width: 540px) 100vw, 540px\"><\/a><\/figure><\/li><\/ul><\/figure>\n<\/body><\/html>\n","protected":false},"excerpt":{"rendered":"La nueva etapa de vacunaci&oacute;n arranca el jueves 3 y el viernes 4 de junio. Los operativos se incrementan en los tres departamentos de la regi&oacute;n y se lograr&aacute; inocular a mayores de 30 a&ntilde;os y a personal no docente. Los equipos de Salud y de la DGE del Gobierno provincial en Valle de Uco,&#8230; <a class=\"view-article\" href=\"https:\/\/www.mendoza.gov.ar\/prensa\/se-intensifica-la-vacunacion-a-docentes-en-valle-de-uco-seran-alcanzados-mas-de-2-500-docentes-y-personal-no-docente\/\"><\/a>","protected":false},"author":61,"featured_media":272021,"comment_status":"open","ping_status":"open","sticky":false,"template":"","format":"standard","meta":[],"categories":[1822,32],"tags":[],"_links":{"self":[{"href":"https:\/\/www.mendoza.gov.ar\/prensa\/wp-json\/wp\/v2\/posts\/272020"}],"collection":[{"href":"https:\/\/www.mendoza.gov.ar\/prensa\/wp-json\/wp\/v2\/posts"}],"about":[{"href":"https:\/\/www.mendoza.gov.ar\/prensa\/wp-json\/wp\/v2\/types\/post"}],"author":[{"embeddable":true,"href":"https:\/\/www.mendoza.gov.ar\/prensa\/wp-json\/wp\/v2\/users\/61"}],"replies":[{"embeddable":true,"href":"https:\/\/www.mendoza.gov.ar\/prensa\/wp-json\/wp\/v2\/comments?post=272020"}],"version-history":[{"count":2,"href":"https:\/\/www.mendoza.gov.ar\/prensa\/wp-json\/wp\/v2\/posts\/272020\/revisions"}],"predecessor-version":[{"id":272025,"href":"https:\/\/www.mendoza.gov.ar\/prensa\/wp-json\/wp\/v2\/posts\/272020\/revisions\/272025"}],"wp:featuredmedia":[{"embeddable":true,"href":"https:\/\/www.mendoza.gov.ar\/prensa\/wp-json\/wp\/v2\/media\/272021"}],"wp:attachment":[{"href":"https:\/\/www.mendoza.gov.ar\/prensa\/wp-json\/wp\/v2\/media?parent=272020"}],"wp:term":[{"taxonomy":"category","embeddable":true,"href":"https:\/\/www.mendoza.gov.ar\/prensa\/wp-json\/wp\/v2\/categories?post=272020"},{"taxonomy":"post_tag","embeddable":true,"href":"https:\/\/www.mendoza.gov.ar\/prensa\/wp-json\/wp\/v2\/tags?post=272020"}],"curies":[{"name":"wp","href":"https:\/\/api.w.org\/{rel}","templated":true}]}}