{"id":279126,"date":"2021-08-03T09:10:31","date_gmt":"2021-08-03T12:10:31","guid":{"rendered":"https:\/\/www.mendoza.gov.ar\/prensa\/?p=279126"},"modified":"2021-08-03T12:50:09","modified_gmt":"2021-08-03T15:50:09","slug":"economia-firmo-un-convenio-con-oscar-david-para-identificar-productos-de-origen-local-en-sus-gondolas","status":"publish","type":"post","link":"https:\/\/www.mendoza.gov.ar\/prensa\/economia-firmo-un-convenio-con-oscar-david-para-identificar-productos-de-origen-local-en-sus-gondolas\/","title":{"rendered":"Econom\u00eda firm\u00f3 un convenio con Oscar David para identificar productos de origen local en sus g\u00f3ndolas"},"content":{"rendered":"<!DOCTYPE html PUBLIC \"-\/\/W3C\/\/DTD HTML 4.0 Transitional\/\/EN\" \"http:\/\/www.w3.org\/TR\/REC-html40\/loose.dtd\">\n<html><body><h5><strong>Con el objetivo de acompa&ntilde;ar a los productores mendocinos en el marco de los que establece la nueva ley, el Ejecutivo provincial cre&oacute; la marca Ra&iacute;ces Mendoza, que podr&aacute; apreciarse en los pasillos del mayorista ubicado en Godoy Cruz.&nbsp;<\/strong><\/h5>\n\n\n\n<p>El Ministerio de Econom&iacute;a y Energ&iacute;a, a trav&eacute;s de la Subsecretar&iacute;a de Industria y Comercio, acord&oacute; identificar con la marca Ra&iacute;ces Mendoza productos locales que formen parte de las g&oacute;ndolas del mayorista Oscar David. &nbsp;<\/p>\n\n\n\n<p>El acuerdo se llev&oacute; a cabo en las instalaciones de la cartera econ&oacute;mica provincial. Participaron el ministro Enrique Vaqui&eacute;; el subsecretario de Industria y Comercio, Alejandro Zlotolow, y Rub&eacute;n Dav&iacute;d, gerente del hipermercado ubicado en el departamento de Godoy Cruz. &nbsp;<\/p>\n\n\n\n<p>Al respecto,&nbsp;el titular de la cartera econ&oacute;mica provincial se&ntilde;al&oacute;: &ldquo;Con este acuerdo, todos los productos que tienen origen mendocino, que se destacan por su calidad a ra&iacute;z de nuestro suelo, nuestro clima, y por la propia mano de nuestros emprendedores, van a estar se&ntilde;alizados en las g&oacute;ndolas bajo la indicaci&oacute;n Ra&iacute;ces Mendoza&rdquo;.&nbsp;&nbsp;&nbsp;<\/p>\n\n\n\n<p>M&aacute;s all&aacute; de lo que plantea la Ley de G&oacute;ndolas, desde la subsecretar&iacute;a se est&aacute; prestando asistencia y acompa&ntilde;amiento para que productores mendocinos puedan ingresar a las grandes superficies comerciales. &ldquo;Son productos que innovan y representan una alternativa para el consumidor con la calidad que nos identifica a los mendocinos&rdquo;, destac&oacute; Alejandro Zlotolow.&nbsp;&nbsp;&nbsp;<\/p>\n\n\n\n<p>El titular de Industria y Comercio&nbsp;remarc&oacute; adem&aacute;s que desde las grandes superficies est&aacute;n informando los productos que necesitan para cumplir con esta nueva reglamentaci&oacute;n. &ldquo;Es all&iacute; donde la cartera econ&oacute;mica provincial act&uacute;a de intermediario para lograr que estos productos finalmente se encuentren en las g&oacute;ndolas&rdquo;, explic&oacute;.<\/p>\n\n\n\n<p>Por &uacute;ltimo, Zlotolow hizo referencia al registro de productores que se puso en marcha desde el Ministerio de Econom&iacute;a y Energ&iacute;a: &ldquo;El espacio busca llegar a esos productores y acompa&ntilde;arlos en aquellas dificultades que les impiden llegar a las grandes superficies comerciales. Es all&iacute; donde nosotros establecemos la relaci&oacute;n y avanzamos en la asistencia y en el asesoramiento&rdquo;. &nbsp;<\/p>\n\n\n\n<p>Actualmente, quienes ingresen al&nbsp;<a rel=\"noreferrer noopener\" href=\"https:\/\/ticketsform.mendoza.gov.ar\/ticketsform\/servlet\/responderformulario?LEY_GONDOLAS_27545\" target=\"_blank\">registro<\/a> podr&aacute;n obtener el beneficio del 50% en el costo del c&oacute;digo de barras, uno de los requisitos a cumplir para entrar en las grandes superficies. Adem&aacute;s, desde la cartera se acompa&ntilde;a y asesora en todo lo que tiene que ver con el Registro Nacional de Establecimiento (RNE) y en el Registro Nacional de Productos Alimenticios (RNPA).&nbsp;&nbsp;&nbsp;<\/p>\n\n\n\n<p>Tras la firma,&nbsp;Rub&eacute;n David<strong>&nbsp;<\/strong>coment&oacute;: &ldquo;Es un convenio de publicidad y sobre todo de colaboraci&oacute;n con los productores mendocinos. La idea es que los productores mendocinos que tengan sus productos en nuestro local est&eacute;n bien identificados con un logo que ha hecho la Provincia y brindarles un valor agregado al momento en que el consumidor va a la g&oacute;ndola&rdquo;. &nbsp;<\/p>\n\n\n\n<p>&ldquo;Estamos muy contentos. Esperamos poder colaborar con todas estas organizaciones que en muchos casos se est&aacute;n iniciando con algunos productos. La intenci&oacute;n es darnos una mano entre mendocinos para poder salir de esta situaci&oacute;n complicada&rdquo;, agreg&oacute;. &nbsp;<\/p>\n\n\n\n<p>Oscar David ya cuenta con 47 a&ntilde;os de experiencia en el rubro. En este sentido, el gerente de la empresa record&oacute;: &ldquo;Fuimos de a poquito creciendo y pasamos de ser distribuidores exclusivos a atender en mostrador y de ah&iacute; el siguiente paso fue convertirnos en mayoristas en nuestra propia casa, ya que antes alquil&aacute;bamos&rdquo;. &nbsp;<\/p>\n\n\n\n<p><strong>Avanzar en el comercio electr&oacute;nico &nbsp;<\/strong><\/p>\n\n\n\n<p>Uno de los objetivos que se ha planteado la empresa en el corto plazo es posicionarse en el mercado a trav&eacute;s de una plataforma de internet. En este sentido, David adelant&oacute;: &ldquo;Estamos avanzando a paso firme en un proyecto de comercio electr&oacute;nico para dar respuesta a clientes que necesariamente, a ra&iacute;z de la pandemia, comenzaron a requerir de un espacio que les permitiera acceder a la compra de manera virtual. Esperamos tenerlo en marcha en un plazo de tres meses aproximadamente&rdquo;. &nbsp;<\/p>\n\n\n\n<p>Para ello, la firma cuenta con el aporte profesional de una agencia mendocina que est&aacute; trabajando en todos los detalles que permitan a Oscar David ofrecer un canal m&aacute;s de venta para sus clientes. &nbsp;<\/p>\n\n\n\n<p><strong>Enlazados &nbsp;<\/strong><\/p>\n\n\n\n<p>Rub&eacute;n David hizo referencia a los resultados obtenidos mediante la participaci&oacute;n en el programa de entrenamiento laboral certificado, (Enlace), y su segunda etapa, Enlazado: &ldquo;Ha sido una experiencia muy buena para darle una oportunidad a los m&aacute;s chicos que se est&aacute;n capacitando. Eso es lo m&aacute;s importante: llegan capacitados al trabajo, ya que &uacute;ltimamente est&aacute;bamos teniendo ese problema y se lo hicimos llegar al Gobierno&rdquo;. &nbsp;<\/p>\n\n\n\n<p>Por &uacute;ltimo, David coment&oacute; que el programa les ha dado una ventaja porque la capacitaci&oacute;n en el empleo es muy buena y han observado una diferencia: &ldquo;Se hizo un convenio y se fueron agregando chicos a la empresa. En esta segunda etapa buscamos, si la econom&iacute;a nos acompa&ntilde;a, seguir incorporando personal a nuestra planta permanente. &nbsp;<\/p>\n\n\n\n<figure class=\"wp-block-gallery columns-2\"><ul class=\"blocks-gallery-grid\"><li class=\"blocks-gallery-item\"><figure><a href=\"https:\/\/www.mendoza.gov.ar\/wp-content\/uploads\/sites\/5\/2021\/08\/WhatsApp-Image-2021-08-02-at-13.32.19-700x525.jpeg\"><img loading=\"lazy\" width=\"700\" height=\"525\" src=\"https:\/\/www.mendoza.gov.ar\/wp-content\/uploads\/sites\/5\/2021\/08\/WhatsApp-Image-2021-08-02-at-13.32.19-700x525.jpeg\" alt=\"\" data-id=\"279131\" data-link=\"https:\/\/www.mendoza.gov.ar\/prensa\/?attachment_id=279131\" class=\"wp-image-279131 img-responsive center-block\" srcset=\"https:\/\/www.mendoza.gov.ar\/wp-content\/uploads\/sites\/5\/2021\/08\/WhatsApp-Image-2021-08-02-at-13.32.19-700x525.jpeg 700w, https:\/\/www.mendoza.gov.ar\/wp-content\/uploads\/sites\/5\/2021\/08\/WhatsApp-Image-2021-08-02-at-13.32.19-250x188.jpeg 250w, https:\/\/www.mendoza.gov.ar\/wp-content\/uploads\/sites\/5\/2021\/08\/WhatsApp-Image-2021-08-02-at-13.32.19-768x576.jpeg 768w, https:\/\/www.mendoza.gov.ar\/wp-content\/uploads\/sites\/5\/2021\/08\/WhatsApp-Image-2021-08-02-at-13.32.19-120x90.jpeg 120w, https:\/\/www.mendoza.gov.ar\/wp-content\/uploads\/sites\/5\/2021\/08\/WhatsApp-Image-2021-08-02-at-13.32.19.jpeg 1280w\" sizes=\"(max-width: 700px) 100vw, 700px\"><\/a><\/figure><\/li><li class=\"blocks-gallery-item\"><figure><a href=\"https:\/\/www.mendoza.gov.ar\/wp-content\/uploads\/sites\/5\/2021\/08\/WhatsApp-Image-2021-08-02-at-13.32.19-1.jpeg\"><img loading=\"lazy\" width=\"700\" height=\"525\" src=\"https:\/\/www.mendoza.gov.ar\/wp-content\/uploads\/sites\/5\/2021\/08\/WhatsApp-Image-2021-08-02-at-13.32.19-1-700x525.jpeg\" alt=\"\" data-id=\"279132\" data-full-url=\"https:\/\/www.mendoza.gov.ar\/wp-content\/uploads\/sites\/5\/2021\/08\/WhatsApp-Image-2021-08-02-at-13.32.19-1.jpeg\" data-link=\"https:\/\/www.mendoza.gov.ar\/prensa\/?attachment_id=279132\" class=\"wp-image-279132 img-responsive center-block\" srcset=\"https:\/\/www.mendoza.gov.ar\/wp-content\/uploads\/sites\/5\/2021\/08\/WhatsApp-Image-2021-08-02-at-13.32.19-1-700x525.jpeg 700w, https:\/\/www.mendoza.gov.ar\/wp-content\/uploads\/sites\/5\/2021\/08\/WhatsApp-Image-2021-08-02-at-13.32.19-1-250x188.jpeg 250w, https:\/\/www.mendoza.gov.ar\/wp-content\/uploads\/sites\/5\/2021\/08\/WhatsApp-Image-2021-08-02-at-13.32.19-1-768x576.jpeg 768w, https:\/\/www.mendoza.gov.ar\/wp-content\/uploads\/sites\/5\/2021\/08\/WhatsApp-Image-2021-08-02-at-13.32.19-1-120x90.jpeg 120w, https:\/\/www.mendoza.gov.ar\/wp-content\/uploads\/sites\/5\/2021\/08\/WhatsApp-Image-2021-08-02-at-13.32.19-1.jpeg 1280w\" sizes=\"(max-width: 700px) 100vw, 700px\"><\/a><\/figure><\/li><\/ul><\/figure>\n<\/body><\/html>\n","protected":false},"excerpt":{"rendered":"Con el objetivo de acompa&ntilde;ar a los productores mendocinos en el marco de los que establece la nueva ley, el Ejecutivo provincial cre&oacute; la marca Ra&iacute;ces Mendoza, que podr&aacute; apreciarse en los pasillos del mayorista ubicado en Godoy Cruz.&nbsp; El Ministerio de Econom&iacute;a y Energ&iacute;a, a trav&eacute;s de la Subsecretar&iacute;a de Industria y Comercio, acord&oacute;&#8230; <a class=\"view-article\" href=\"https:\/\/www.mendoza.gov.ar\/prensa\/economia-firmo-un-convenio-con-oscar-david-para-identificar-productos-de-origen-local-en-sus-gondolas\/\"><\/a>","protected":false},"author":61,"featured_media":279131,"comment_status":"open","ping_status":"open","sticky":false,"template":"","format":"standard","meta":[],"categories":[15],"tags":[],"_links":{"self":[{"href":"https:\/\/www.mendoza.gov.ar\/prensa\/wp-json\/wp\/v2\/posts\/279126"}],"collection":[{"href":"https:\/\/www.mendoza.gov.ar\/prensa\/wp-json\/wp\/v2\/posts"}],"about":[{"href":"https:\/\/www.mendoza.gov.ar\/prensa\/wp-json\/wp\/v2\/types\/post"}],"author":[{"embeddable":true,"href":"https:\/\/www.mendoza.gov.ar\/prensa\/wp-json\/wp\/v2\/users\/61"}],"replies":[{"embeddable":true,"href":"https:\/\/www.mendoza.gov.ar\/prensa\/wp-json\/wp\/v2\/comments?post=279126"}],"version-history":[{"count":8,"href":"https:\/\/www.mendoza.gov.ar\/prensa\/wp-json\/wp\/v2\/posts\/279126\/revisions"}],"predecessor-version":[{"id":279198,"href":"https:\/\/www.mendoza.gov.ar\/prensa\/wp-json\/wp\/v2\/posts\/279126\/revisions\/279198"}],"wp:featuredmedia":[{"embeddable":true,"href":"https:\/\/www.mendoza.gov.ar\/prensa\/wp-json\/wp\/v2\/media\/279131"}],"wp:attachment":[{"href":"https:\/\/www.mendoza.gov.ar\/prensa\/wp-json\/wp\/v2\/media?parent=279126"}],"wp:term":[{"taxonomy":"category","embeddable":true,"href":"https:\/\/www.mendoza.gov.ar\/prensa\/wp-json\/wp\/v2\/categories?post=279126"},{"taxonomy":"post_tag","embeddable":true,"href":"https:\/\/www.mendoza.gov.ar\/prensa\/wp-json\/wp\/v2\/tags?post=279126"}],"curies":[{"name":"wp","href":"https:\/\/api.w.org\/{rel}","templated":true}]}}