{"id":280989,"date":"2021-08-17T15:56:54","date_gmt":"2021-08-17T18:56:54","guid":{"rendered":"https:\/\/www.mendoza.gov.ar\/prensa\/?p=280989"},"modified":"2021-08-18T08:01:23","modified_gmt":"2021-08-18T11:01:23","slug":"inicio-la-obra-de-ampliacion-de-la-red-de-ciclovias-del-area-metropolitana","status":"publish","type":"post","link":"https:\/\/www.mendoza.gov.ar\/prensa\/inicio-la-obra-de-ampliacion-de-la-red-de-ciclovias-del-area-metropolitana\/","title":{"rendered":"Se inici\u00f3 la obra de ampliaci\u00f3n de la red de ciclov\u00edas del \u00c1rea Metropolitana"},"content":{"rendered":"<!DOCTYPE html PUBLIC \"-\/\/W3C\/\/DTD HTML 4.0 Transitional\/\/EN\" \"http:\/\/www.w3.org\/TR\/REC-html40\/loose.dtd\">\n<html><body><h5>Con esta ambiciosa obra provincial encarada desde la Secretar&iacute;a de Ambiente y Ordenamiento Territorial &ndash;a trav&eacute;s de Unicipio&ndash; se construir&aacute;n un total de 110 km de la Red de Ciclov&iacute;as del &Aacute;rea Metropolitana de Mendoza en una primera etapa. Se convertir&aacute; as&iacute; en la m&aacute;s extensa del interior del pa&iacute;s.<\/h5>\n\n\n\n<p>Asistieron al inicio de la obra el secretario de Ambiente y Ordenamiento Territorial de la Provincia, Humberto Mingorance; la coordinadora provincial de Unicipio, Graciela Marty; representantes de la Unidad de Financiamiento Internacional (UFI), un representante de la empresa adjudicataria de la licitaci&oacute;n y referentes t&eacute;cnicos de la Secretar&iacute;a de Ambiente vinculados al proyecto.<\/p>\n\n\n\n<p>&ldquo;Esta obra significa un gran avance tanto en sustentabilidad como para el Sistema de Movilidad Polimodal. Se interconectan los siete departamentos del &Aacute;rea Metropolitana de Mendoza. Un dato importante es que &uacute;ltimamente creci&oacute; el uso de la bicicleta en los principales centros urbanos del pa&iacute;s, entre ellos el &Aacute;rea Metropolitana de Mendoza. Esto por un lado, por el contexto de pandemia, con los medios de transporte limitados a usos esenciales y, por otro, debido a una tendencia sociocultural a favor de la movilidad sustentable. Seg&uacute;n informaci&oacute;n de Naci&oacute;n, en el &uacute;ltimo a&ntilde;o creci&oacute; 156% en toda la Argentina&rdquo;, explic&oacute; Mingorance.<\/p>\n\n\n\n<p>Este proyecto de ampliaci&oacute;n de la red de ciclov&iacute;as del &Aacute;rea Metropolitana de Mendoza se realiza mediante el Programa DAMI II, cuya ejecuci&oacute;n est&aacute; a cargo de los ministerios de H&aacute;bitat e Interior de la Naci&oacute;n, con pr&eacute;stamos del BID (N&ordm;3780\/OC-AR) cuyos fondos tienen car&aacute;cter de no reembolsables para la Provincia. La obra ser&aacute; ejecutada por la firma adjudicataria de la licitaci&oacute;n, Stornini SA, por $460.387.883,45 pesos, con un plazo de ejecuci&oacute;n de 18 meses.<\/p>\n\n\n\n<p>Esta primera etapa de la red de ciclov&iacute;as del &Aacute;rea Metropolitana contempla la construcci&oacute;n de 81 kil&oacute;metros de ciclov&iacute;as, con una posterior ampliaci&oacute;n de 29 kil&oacute;metros, que dar&aacute; un total de 110 kil&oacute;metros. Esto aumentar&aacute; significativamente la red metropolitana de transporte en bicicleta. Con esto, Mendoza tendr&aacute; la red de ciclov&iacute;as metropolitana m&aacute;s grande del interior del pa&iacute;s.<\/p>\n\n\n\n<p>&ldquo;Hoy estamos empezando a concretar una iniciativa que es fruto de un arduo proceso de trabajo conjunto, interjurisdiccional y t&eacute;cnico entre Unicipio, la Secretar&iacute;a de Ambiente y Ordenamiento Territorial, la Secretar&iacute;a de Servicios P&uacute;blicos, la Unidad de Financiamiento Internacional (UFI), representando al Gobierno provincial, los equipos t&eacute;cnicos del Programa de Desarrollo de &Aacute;reas Metropolitanas del Interior y los siete gobiernos municipales del &Aacute;rea Metropolitana de Mendoza&rdquo;, resumi&oacute; la coordinadora de Unicipio, Graciela Marty.<\/p>\n\n\n\n<p>Con la implementaci&oacute;n de la primera etapa de la trama de la Red de Ciclov&iacute;as se licit&oacute; tambi&eacute;n la adquisici&oacute;n y colocaci&oacute;n de 730 bicicleteros en edificios y espacios atractores de p&uacute;blico (municipalidades, hospitales, centros de ense&ntilde;anza, etc.). Ser&aacute;n distribuidos en los siete departamentos del &Aacute;rea Metropolitana, y representan unos 3.650 espacios nuevos para estacionar bicicletas. Adem&aacute;s, toda la trama incluye se&ntilde;alizaci&oacute;n.<\/p>\n\n\n\n<figure class=\"wp-block-gallery columns-2\"><ul class=\"blocks-gallery-grid\"><li class=\"blocks-gallery-item\"><figure><a href=\"https:\/\/www.mendoza.gov.ar\/wp-content\/uploads\/sites\/5\/2021\/08\/WhatsApp-Image-2021-08-17-at-14.07.03.jpeg\"><img loading=\"lazy\" width=\"700\" height=\"394\" src=\"https:\/\/www.mendoza.gov.ar\/wp-content\/uploads\/sites\/5\/2021\/08\/WhatsApp-Image-2021-08-17-at-14.07.03-700x394.jpeg\" alt=\"\" data-id=\"280992\" data-full-url=\"https:\/\/www.mendoza.gov.ar\/wp-content\/uploads\/sites\/5\/2021\/08\/WhatsApp-Image-2021-08-17-at-14.07.03.jpeg\" data-link=\"https:\/\/www.mendoza.gov.ar\/prensa\/?attachment_id=280992\" class=\"wp-image-280992 img-responsive center-block\" srcset=\"https:\/\/www.mendoza.gov.ar\/wp-content\/uploads\/sites\/5\/2021\/08\/WhatsApp-Image-2021-08-17-at-14.07.03-700x394.jpeg 700w, https:\/\/www.mendoza.gov.ar\/wp-content\/uploads\/sites\/5\/2021\/08\/WhatsApp-Image-2021-08-17-at-14.07.03-250x141.jpeg 250w, https:\/\/www.mendoza.gov.ar\/wp-content\/uploads\/sites\/5\/2021\/08\/WhatsApp-Image-2021-08-17-at-14.07.03-768x432.jpeg 768w, https:\/\/www.mendoza.gov.ar\/wp-content\/uploads\/sites\/5\/2021\/08\/WhatsApp-Image-2021-08-17-at-14.07.03-1536x864.jpeg 1536w, https:\/\/www.mendoza.gov.ar\/wp-content\/uploads\/sites\/5\/2021\/08\/WhatsApp-Image-2021-08-17-at-14.07.03-120x67.jpeg 120w, https:\/\/www.mendoza.gov.ar\/wp-content\/uploads\/sites\/5\/2021\/08\/WhatsApp-Image-2021-08-17-at-14.07.03.jpeg 1599w\" sizes=\"(max-width: 700px) 100vw, 700px\"><\/a><\/figure><\/li><li class=\"blocks-gallery-item\"><figure><a href=\"https:\/\/www.mendoza.gov.ar\/wp-content\/uploads\/sites\/5\/2021\/08\/WhatsApp-Image-2021-08-17-at-14.22.57.jpeg\"><img src=\"https:\/\/www.mendoza.gov.ar\/wp-content\/uploads\/sites\/5\/2021\/08\/WhatsApp-Image-2021-08-17-at-14.22.57-700x525.jpeg\" alt=\"\" data-id=\"280993\" data-full-url=\"https:\/\/www.mendoza.gov.ar\/wp-content\/uploads\/sites\/5\/2021\/08\/WhatsApp-Image-2021-08-17-at-14.22.57.jpeg\" data-link=\"https:\/\/www.mendoza.gov.ar\/prensa\/?attachment_id=280993\" class=\"wp-image-280993 img-responsive center-block\"><\/a><\/figure><\/li><\/ul><\/figure>\n<\/body><\/html>\n","protected":false},"excerpt":{"rendered":"Con esta ambiciosa obra provincial encarada desde la Secretar&iacute;a de Ambiente y Ordenamiento Territorial &ndash;a trav&eacute;s de Unicipio&ndash; se construir&aacute;n un total de 110 km de la Red de Ciclov&iacute;as del &Aacute;rea Metropolitana de Mendoza en una primera etapa. Se convertir&aacute; as&iacute; en la m&aacute;s extensa del interior del pa&iacute;s. Asistieron al inicio de la&#8230; <a class=\"view-article\" href=\"https:\/\/www.mendoza.gov.ar\/prensa\/inicio-la-obra-de-ampliacion-de-la-red-de-ciclovias-del-area-metropolitana\/\"><\/a>","protected":false},"author":68,"featured_media":280993,"comment_status":"open","ping_status":"open","sticky":false,"template":"","format":"standard","meta":[],"categories":[3,1792],"tags":[],"_links":{"self":[{"href":"https:\/\/www.mendoza.gov.ar\/prensa\/wp-json\/wp\/v2\/posts\/280989"}],"collection":[{"href":"https:\/\/www.mendoza.gov.ar\/prensa\/wp-json\/wp\/v2\/posts"}],"about":[{"href":"https:\/\/www.mendoza.gov.ar\/prensa\/wp-json\/wp\/v2\/types\/post"}],"author":[{"embeddable":true,"href":"https:\/\/www.mendoza.gov.ar\/prensa\/wp-json\/wp\/v2\/users\/68"}],"replies":[{"embeddable":true,"href":"https:\/\/www.mendoza.gov.ar\/prensa\/wp-json\/wp\/v2\/comments?post=280989"}],"version-history":[{"count":4,"href":"https:\/\/www.mendoza.gov.ar\/prensa\/wp-json\/wp\/v2\/posts\/280989\/revisions"}],"predecessor-version":[{"id":281066,"href":"https:\/\/www.mendoza.gov.ar\/prensa\/wp-json\/wp\/v2\/posts\/280989\/revisions\/281066"}],"wp:featuredmedia":[{"embeddable":true,"href":"https:\/\/www.mendoza.gov.ar\/prensa\/wp-json\/wp\/v2\/media\/280993"}],"wp:attachment":[{"href":"https:\/\/www.mendoza.gov.ar\/prensa\/wp-json\/wp\/v2\/media?parent=280989"}],"wp:term":[{"taxonomy":"category","embeddable":true,"href":"https:\/\/www.mendoza.gov.ar\/prensa\/wp-json\/wp\/v2\/categories?post=280989"},{"taxonomy":"post_tag","embeddable":true,"href":"https:\/\/www.mendoza.gov.ar\/prensa\/wp-json\/wp\/v2\/tags?post=280989"}],"curies":[{"name":"wp","href":"https:\/\/api.w.org\/{rel}","templated":true}]}}