{"id":281261,"date":"2021-08-19T14:12:26","date_gmt":"2021-08-19T17:12:26","guid":{"rendered":"https:\/\/www.mendoza.gov.ar\/prensa\/?p=281261"},"modified":"2021-08-20T11:56:47","modified_gmt":"2021-08-20T14:56:47","slug":"mendoza-activa-2-a-dias-de-culminar-la-primera-convocatoria-mas-de-1-200-familias-presentaron-sus-proyectos-de-inversion","status":"publish","type":"post","link":"https:\/\/www.mendoza.gov.ar\/prensa\/mendoza-activa-2-a-dias-de-culminar-la-primera-convocatoria-mas-de-1-200-familias-presentaron-sus-proyectos-de-inversion\/","title":{"rendered":"Mendoza Activa 2: a d\u00edas de culminar la primera convocatoria, m\u00e1s de 1.200 familias presentaron sus proyectos de inversi\u00f3n"},"content":{"rendered":"<!DOCTYPE html PUBLIC \"-\/\/W3C\/\/DTD HTML 4.0 Transitional\/\/EN\" \"http:\/\/www.w3.org\/TR\/REC-html40\/loose.dtd\">\n<html><body><h5>As&iacute; lo confirm&oacute; el ministro Enrique Vaqui&eacute;, que junto a su par, Mariana Juri, recorrieron el Valle de Uco para acercar detalles de programas laborales, incentivos tur&iacute;sticos y reintegros a la inversi&oacute;n privada.<\/h5>\n\n\n\n<p>Como parte de la iniciativa de federalizar los programas provinciales y que los beneficios de Mendoza Activa 2, Enlace y Enlazados lleguen a todos los rincones de la provincia, el ministro de Econom&iacute;a y Energ&iacute;a, Enrique Vaqui&eacute;, recorri&oacute; los departamentos del Valle de Uco, acompa&ntilde;ado por la ministra de Cultura y Turismo, Mariana Juri, quien adem&aacute;s difundi&oacute; los detalles de Sale Mendoza.<\/p>\n\n\n\n<p>Vaqui&eacute; se mostr&oacute; muy satisfecho con la puesta en marcha de la primera convocatoria de Mendoza Activa 2, que hasta el domingo 22 estar&aacute; vigente. &ldquo;Tenemos m&aacute;s de 1.250 proyectos presentados, estimamos que van a llegar a 1.500 y con estos n&uacute;meros proyectamos que solo entre la primera y segunda convocatoria de esta edici&oacute;n vamos a superar el total de las iniciativas de inversi&oacute;n presentadas en todas las convocatorias de Mendoza Activa 1.<\/p>\n\n\n\n<p>&ldquo;La l&iacute;nea destinada a la compra de computadoras, tablets y notebook para el personal docente es uno de los subprogramas que m&aacute;s tracciona: hay 400 proyectos de este tipo presentados. Despierta mucho inter&eacute;s porque reintegra en efectivo y en la cuenta bancaria de cobro de sueldo el 40% del costo, para todos los docentes de la provincia, del &aacute;mbito p&uacute;blico o privado&rdquo;, agreg&oacute; el funcionario.<\/p>\n\n\n\n<p>Por su parte, la ministra Mariana Juri sostuvo: &ldquo;Fue muy exitosa la implementaci&oacute;n de Mendoza Activa 1 en toda la provincia, pero particularmente en el Valle de Uco. Podemos decir orgullosamente que gracias al trabajo del Gobierno de Mendoza, en conjunto con los emprendedores y empresarios del sector, contamos con la misma cantidad de establecimientos tur&iacute;sticos que antes de la pandemia. Esta situaci&oacute;n no se replica en el resto del pa&iacute;s y tiene que ver con el manejo que desde Mendoza hicimos de la pandemia y la apertura anticipada del turismo interno.<\/p>\n\n\n\n<p>&ldquo;Mendoza Activa 2 llega con especial apoyo al sector tur&iacute;stico y cultural, que necesita renovarse en vista de un turismo cada vez m&aacute;s exigente, por eso tambi&eacute;n acompa&ntilde;amos al sector con Sale Mendoza, la venta anticipada de servicios tur&iacute;sticos que estar&aacute; vigente con importantes descuentos y promociones desde el 26 al 29 de agosto&rdquo;, a&ntilde;adi&oacute; la titular de la cartera de Cultura y Turismo.<\/p>\n\n\n\n<p><strong>Enlazados y Enlace: los programas provinciales que se complementan y fomentan la creaci&oacute;n de nuevos puestos laborales<\/strong><\/p>\n\n\n\n<p>Acompa&ntilde;ando a los ministros Vaqui&eacute; y Juri, Emilce Vega Espinoza, directora territorial de Empleo y Capacitaci&oacute;n de la provincia, anunci&oacute; la vigencia del Programa Enlazados, iniciativa impulsada desde el Gobierno de Mendoza para estimular el registro formal de nuevos trabajadores y trabajadoras en pymes mendocinas.<\/p>\n\n\n\n<p>&ldquo;Enlazados es la segunda etapa de Enlace, el programa de entrenamiento laboral certificado que comenzamos a implementar el a&ntilde;o pasado, en plena pandemia&rdquo;, explic&oacute; la funcionaria.<\/p>\n\n\n\n<p>&ldquo;Con una implementaci&oacute;n muy exitosa y a&uacute;n en vigencia, son m&aacute;s de 3.000 los mendocinos que se capacitaron a trav&eacute;s de esta iniciativa. Ambos programas pueden convivir en una misma empresa, as&iacute; el personal capacitado mediante Enlace puede ser un nuevo puesto laboral y en blanco con Enlazados&rdquo;, resalt&oacute; Vega Espinoza.<\/p>\n\n\n\n<p>El programa Enlazados prev&eacute; una cobertura por parte del Estado provincial mediante un incentivo econ&oacute;mico, equivalente a un salario m&iacute;nimo vital y m&oacute;vil (SMVM) por cada nuevo trabajador\/a registrado\/a por tiempo indeterminado y a jornada completa.&nbsp;A menos de cumplirse un mes de su puesta en marcha, m&aacute;s de 100 mendocinos se encuentran vinculados en micro o peque&ntilde;as empresas, en su mayor&iacute;a del &aacute;rea de servicios.<\/p>\n\n\n\n<p>GALER&Iacute;A<\/p>\n\n\n\n<figure class=\"wp-block-gallery columns-3 is-cropped\"><ul class=\"blocks-gallery-grid\"><li class=\"blocks-gallery-item\"><figure><img src=\"https:\/\/www.mendoza.gov.ar\/wp-content\/uploads\/sites\/5\/2021\/08\/IMG_20210819_120943_905.jpg\" alt=\"\" data-id=\"281265\" data-link=\"https:\/\/www.mendoza.gov.ar\/prensa\/?attachment_id=281265\" class=\"wp-image-281265 img-responsive center-block\"><\/figure><\/li><li class=\"blocks-gallery-item\"><figure><img src=\"https:\/\/www.mendoza.gov.ar\/wp-content\/uploads\/sites\/5\/2021\/08\/IMG_20210819_120943_911.jpg\" alt=\"\" data-id=\"281266\" data-link=\"https:\/\/www.mendoza.gov.ar\/prensa\/?attachment_id=281266\" class=\"wp-image-281266 img-responsive center-block\"><\/figure><\/li><li class=\"blocks-gallery-item\"><figure><img src=\"https:\/\/www.mendoza.gov.ar\/wp-content\/uploads\/sites\/5\/2021\/08\/IMG_20210819_120943_863.jpg\" alt=\"\" data-id=\"281267\" data-link=\"https:\/\/www.mendoza.gov.ar\/prensa\/?attachment_id=281267\" class=\"wp-image-281267 img-responsive center-block\"><\/figure><\/li><li class=\"blocks-gallery-item\"><figure><img src=\"https:\/\/www.mendoza.gov.ar\/wp-content\/uploads\/sites\/5\/2021\/08\/IMG_20210819_120943_885.jpg\" alt=\"\" data-id=\"281268\" data-link=\"https:\/\/www.mendoza.gov.ar\/prensa\/?attachment_id=281268\" class=\"wp-image-281268 img-responsive center-block\"><\/figure><\/li><\/ul><\/figure>\n<\/body><\/html>\n","protected":false},"excerpt":{"rendered":"As&iacute; lo confirm&oacute; el ministro Enrique Vaqui&eacute;, que junto a su par, Mariana Juri, recorrieron el Valle de Uco para acercar detalles de programas laborales, incentivos tur&iacute;sticos y reintegros a la inversi&oacute;n privada. Como parte de la iniciativa de federalizar los programas provinciales y que los beneficios de Mendoza Activa 2, Enlace y Enlazados lleguen&#8230; <a class=\"view-article\" href=\"https:\/\/www.mendoza.gov.ar\/prensa\/mendoza-activa-2-a-dias-de-culminar-la-primera-convocatoria-mas-de-1-200-familias-presentaron-sus-proyectos-de-inversion\/\"><\/a>","protected":false},"author":62,"featured_media":281416,"comment_status":"open","ping_status":"open","sticky":false,"template":"","format":"standard","meta":[],"categories":[15],"tags":[],"_links":{"self":[{"href":"https:\/\/www.mendoza.gov.ar\/prensa\/wp-json\/wp\/v2\/posts\/281261"}],"collection":[{"href":"https:\/\/www.mendoza.gov.ar\/prensa\/wp-json\/wp\/v2\/posts"}],"about":[{"href":"https:\/\/www.mendoza.gov.ar\/prensa\/wp-json\/wp\/v2\/types\/post"}],"author":[{"embeddable":true,"href":"https:\/\/www.mendoza.gov.ar\/prensa\/wp-json\/wp\/v2\/users\/62"}],"replies":[{"embeddable":true,"href":"https:\/\/www.mendoza.gov.ar\/prensa\/wp-json\/wp\/v2\/comments?post=281261"}],"version-history":[{"count":5,"href":"https:\/\/www.mendoza.gov.ar\/prensa\/wp-json\/wp\/v2\/posts\/281261\/revisions"}],"predecessor-version":[{"id":281291,"href":"https:\/\/www.mendoza.gov.ar\/prensa\/wp-json\/wp\/v2\/posts\/281261\/revisions\/281291"}],"wp:featuredmedia":[{"embeddable":true,"href":"https:\/\/www.mendoza.gov.ar\/prensa\/wp-json\/wp\/v2\/media\/281416"}],"wp:attachment":[{"href":"https:\/\/www.mendoza.gov.ar\/prensa\/wp-json\/wp\/v2\/media?parent=281261"}],"wp:term":[{"taxonomy":"category","embeddable":true,"href":"https:\/\/www.mendoza.gov.ar\/prensa\/wp-json\/wp\/v2\/categories?post=281261"},{"taxonomy":"post_tag","embeddable":true,"href":"https:\/\/www.mendoza.gov.ar\/prensa\/wp-json\/wp\/v2\/tags?post=281261"}],"curies":[{"name":"wp","href":"https:\/\/api.w.org\/{rel}","templated":true}]}}