{"id":281971,"date":"2021-08-25T16:49:20","date_gmt":"2021-08-25T19:49:20","guid":{"rendered":"https:\/\/www.mendoza.gov.ar\/prensa\/?p=281971"},"modified":"2021-08-25T17:37:40","modified_gmt":"2021-08-25T20:37:40","slug":"osep-brinda-talleres-de-orientacion-vocacional-a-jovenes-de-los-ultimos-anos-de-secundaria","status":"publish","type":"post","link":"https:\/\/www.mendoza.gov.ar\/prensa\/osep-brinda-talleres-de-orientacion-vocacional-a-jovenes-de-los-ultimos-anos-de-secundaria\/","title":{"rendered":"OSEP brinda talleres de orientaci\u00f3n vocacional a j\u00f3venes de los \u00faltimos a\u00f1os de secundaria"},"content":{"rendered":"<!DOCTYPE html PUBLIC \"-\/\/W3C\/\/DTD HTML 4.0 Transitional\/\/EN\" \"http:\/\/www.w3.org\/TR\/REC-html40\/loose.dtd\">\n<html><body><h5>La semana del 6 de setiembre se iniciar&aacute; el Taller de Orientaci&oacute;n Vocacional dirigido a j&oacute;venes que cursan los &uacute;ltimos a&ntilde;os de la escuela secundaria. Es el segundo encuentro del a&ntilde;o y ser&aacute; virtual.<\/h5>\n\n\n\n<p>El Programa Adolescencia de OSEP dictar&aacute; talleres interactivos sobre orientaci&oacute;n vocacional ocupacional en distintos puntos de la provincia. La capacitaci&oacute;n est&aacute; destinada a j&oacute;venes que est&aacute;n cursando los &uacute;ltimos a&ntilde;os de la escuela secundaria.<\/p>\n\n\n\n<p>Simult&aacute;neamente, se dictar&aacute; un taller a quienes residan en el Gran Mendoza; otro, a quienes viven en el Sur, y un tercero, a los residentes en la zona Este.<\/p>\n\n\n\n<p>El referente del Taller de Orientaci&oacute;n Vocacional, Pablo Mazzitelli, psicopedagogo del equipo del Programa Adolescencia de la obra social, coment&oacute; que ya se capacit&oacute; a profesionales de las sedes San Mart&iacute;n y San Rafael para replicar el Taller de Orientaci&oacute;n Vocacional en otros puntos de la provincia. Pr&oacute;ximamente se realizar&aacute; la misma acci&oacute;n en otras sedes de la obra social.<\/p>\n\n\n\n<p>A su vez, el licenciado Mazzitelli les record&oacute; a los j&oacute;venes y sus familias que no se trata simplemente de un test. La orientaci&oacute;n vocacional es un proceso, una construcci&oacute;n que atraviesa diferentes etapas que concluyen en la confecci&oacute;n de elecci&oacute;n de la carrera u oficio a seguir.<\/p>\n\n\n\n<p><strong>Forma de trabajo<\/strong><\/p>\n\n\n\n<p>El proceso de orientaci&oacute;n vocacional consta de seis encuentros grupales virtuales en los que se comparten herramientas y materiales para la elecci&oacute;n vocacional. Luego se realizan consultas personalizadas con acompa&ntilde;amiento de profesionales hasta que el joven puede realizar una elecci&oacute;n.<\/p>\n\n\n\n<p><strong>Informes e inscripci&oacute;n<\/strong><\/p>\n\n\n\n<p>Los interesados que residan en el Gran Mendoza deber&aacute;n comunicarse con el Programa Adolescencia llamando al tel&eacute;fono 3480464. Los de la zona Sur deben dirigirse a la sede de OSEP San Rafael o comunicarse al tel&eacute;fono 260 4622375.<\/p>\n\n\n\n<p>En tanto, los j&oacute;venes de la zona Este deber&aacute;n dirigirse a la sede de OSEP San Mart&iacute;n o bien llamar a los tel&eacute;fonos 263 4420136 y 4427304.<\/p>\n\n\n\n<figure class=\"wp-block-gallery columns-1\"><ul class=\"blocks-gallery-grid\"><li class=\"blocks-gallery-item\"><figure><a href=\"https:\/\/www.mendoza.gov.ar\/wp-content\/uploads\/sites\/5\/2021\/08\/foto1-2.jpg\"><img loading=\"lazy\" width=\"700\" height=\"256\" src=\"https:\/\/www.mendoza.gov.ar\/wp-content\/uploads\/sites\/5\/2021\/08\/foto1-2-700x256.jpg\" alt=\"\" data-id=\"281972\" data-full-url=\"https:\/\/www.mendoza.gov.ar\/wp-content\/uploads\/sites\/5\/2021\/08\/foto1-2.jpg\" data-link=\"https:\/\/www.mendoza.gov.ar\/prensa\/?attachment_id=281972\" class=\"wp-image-281972 img-responsive center-block\" srcset=\"https:\/\/www.mendoza.gov.ar\/wp-content\/uploads\/sites\/5\/2021\/08\/foto1-2-700x256.jpg 700w, https:\/\/www.mendoza.gov.ar\/wp-content\/uploads\/sites\/5\/2021\/08\/foto1-2-250x91.jpg 250w, https:\/\/www.mendoza.gov.ar\/wp-content\/uploads\/sites\/5\/2021\/08\/foto1-2-768x281.jpg 768w, https:\/\/www.mendoza.gov.ar\/wp-content\/uploads\/sites\/5\/2021\/08\/foto1-2-120x44.jpg 120w, https:\/\/www.mendoza.gov.ar\/wp-content\/uploads\/sites\/5\/2021\/08\/foto1-2.jpg 1201w\" sizes=\"(max-width: 700px) 100vw, 700px\"><\/a><\/figure><\/li><\/ul><\/figure>\n<\/body><\/html>\n","protected":false},"excerpt":{"rendered":"La semana del 6 de setiembre se iniciar&aacute; el Taller de Orientaci&oacute;n Vocacional dirigido a j&oacute;venes que cursan los &uacute;ltimos a&ntilde;os de la escuela secundaria. Es el segundo encuentro del a&ntilde;o y ser&aacute; virtual. El Programa Adolescencia de OSEP dictar&aacute; talleres interactivos sobre orientaci&oacute;n vocacional ocupacional en distintos puntos de la provincia. La capacitaci&oacute;n est&aacute;&#8230; <a class=\"view-article\" href=\"https:\/\/www.mendoza.gov.ar\/prensa\/osep-brinda-talleres-de-orientacion-vocacional-a-jovenes-de-los-ultimos-anos-de-secundaria\/\"><\/a>","protected":false},"author":63,"featured_media":281972,"comment_status":"open","ping_status":"open","sticky":false,"template":"","format":"standard","meta":[],"categories":[30],"tags":[2412,2950,1790],"_links":{"self":[{"href":"https:\/\/www.mendoza.gov.ar\/prensa\/wp-json\/wp\/v2\/posts\/281971"}],"collection":[{"href":"https:\/\/www.mendoza.gov.ar\/prensa\/wp-json\/wp\/v2\/posts"}],"about":[{"href":"https:\/\/www.mendoza.gov.ar\/prensa\/wp-json\/wp\/v2\/types\/post"}],"author":[{"embeddable":true,"href":"https:\/\/www.mendoza.gov.ar\/prensa\/wp-json\/wp\/v2\/users\/63"}],"replies":[{"embeddable":true,"href":"https:\/\/www.mendoza.gov.ar\/prensa\/wp-json\/wp\/v2\/comments?post=281971"}],"version-history":[{"count":2,"href":"https:\/\/www.mendoza.gov.ar\/prensa\/wp-json\/wp\/v2\/posts\/281971\/revisions"}],"predecessor-version":[{"id":281984,"href":"https:\/\/www.mendoza.gov.ar\/prensa\/wp-json\/wp\/v2\/posts\/281971\/revisions\/281984"}],"wp:featuredmedia":[{"embeddable":true,"href":"https:\/\/www.mendoza.gov.ar\/prensa\/wp-json\/wp\/v2\/media\/281972"}],"wp:attachment":[{"href":"https:\/\/www.mendoza.gov.ar\/prensa\/wp-json\/wp\/v2\/media?parent=281971"}],"wp:term":[{"taxonomy":"category","embeddable":true,"href":"https:\/\/www.mendoza.gov.ar\/prensa\/wp-json\/wp\/v2\/categories?post=281971"},{"taxonomy":"post_tag","embeddable":true,"href":"https:\/\/www.mendoza.gov.ar\/prensa\/wp-json\/wp\/v2\/tags?post=281971"}],"curies":[{"name":"wp","href":"https:\/\/api.w.org\/{rel}","templated":true}]}}