{"id":287003,"date":"2021-10-07T07:00:00","date_gmt":"2021-10-07T10:00:00","guid":{"rendered":"https:\/\/www.mendoza.gov.ar\/prensa\/?p=287003"},"modified":"2021-10-06T16:52:39","modified_gmt":"2021-10-06T19:52:39","slug":"esta-semana-el-registro-civil-tambien-presto-servicios-en-un-cct-de-guaymallen","status":"publish","type":"post","link":"https:\/\/www.mendoza.gov.ar\/prensa\/esta-semana-el-registro-civil-tambien-presto-servicios-en-un-cct-de-guaymallen\/","title":{"rendered":"Esta semana, el Registro Civil tambi\u00e9n prest\u00f3 servicios en un CCT de Guaymall\u00e9n"},"content":{"rendered":"<!DOCTYPE html PUBLIC \"-\/\/W3C\/\/DTD HTML 4.0 Transitional\/\/EN\" \"http:\/\/www.w3.org\/TR\/REC-html40\/loose.dtd\">\n<html><body><h5>El objetivo es regularizar la situaci&oacute;n registral de ni&ntilde;os, ni&ntilde;as y adolescentes.<\/h5>\n\n\n\n<p>Con la premisa de avanzar en la documentaci&oacute;n de ni&ntilde;os, ni&ntilde;as y adolescentes que no tienen DNI o est&aacute; vencido, el Registro Civil de Mendoza prest&oacute; servicios en el Centro de Capacitaci&oacute;n para el Trabajo 6202, ubicado en Col&oacute;n 1890 de San Jos&eacute;, Guaymall&eacute;n.<\/p>\n\n\n\n<p>Esta labor es coordinada con el Ministerio de Desarrollo Social de la Provincia y con los directivos de los establecimientos educativos, en beneficio de las familias con menores recursos, por lo que la atenci&oacute;n no es espont&aacute;nea para cualquier ciudadano, sino que responde a un relevamiento previo en la comunidad educativa.<\/p>\n\n\n\n<p>Para tener m&aacute;s informaci&oacute;n sobre este servicio, los directivos de los establecimientos deben comunicarse a <a rel=\"noreferrer noopener\" href=\"mailto:pduran@mendoza.gov.ar\" target=\"_blank\">pduran@mendoza.gov.ar<\/a>.<\/p>\n\n\n\n<figure class=\"wp-block-gallery columns-1\"><ul class=\"blocks-gallery-grid\"><li class=\"blocks-gallery-item\"><figure><a href=\"https:\/\/www.mendoza.gov.ar\/wp-content\/uploads\/sites\/5\/2020\/03\/NOTA-BRUNI-REG-CIVIL-01-1.jpg\"><img loading=\"lazy\" width=\"700\" height=\"438\" src=\"https:\/\/www.mendoza.gov.ar\/wp-content\/uploads\/sites\/5\/2020\/03\/NOTA-BRUNI-REG-CIVIL-01-1-700x438.jpg\" alt=\"\" data-id=\"226500\" data-full-url=\"https:\/\/www.mendoza.gov.ar\/wp-content\/uploads\/sites\/5\/2020\/03\/NOTA-BRUNI-REG-CIVIL-01-1.jpg\" data-link=\"https:\/\/www.mendoza.gov.ar\/prensa\/nota-bruni-reg-civil-01-2\/\" class=\"wp-image-226500 img-responsive center-block\" srcset=\"https:\/\/www.mendoza.gov.ar\/wp-content\/uploads\/sites\/5\/2020\/03\/NOTA-BRUNI-REG-CIVIL-01-1-700x438.jpg 700w, https:\/\/www.mendoza.gov.ar\/wp-content\/uploads\/sites\/5\/2020\/03\/NOTA-BRUNI-REG-CIVIL-01-1-250x156.jpg 250w, https:\/\/www.mendoza.gov.ar\/wp-content\/uploads\/sites\/5\/2020\/03\/NOTA-BRUNI-REG-CIVIL-01-1-768x480.jpg 768w, https:\/\/www.mendoza.gov.ar\/wp-content\/uploads\/sites\/5\/2020\/03\/NOTA-BRUNI-REG-CIVIL-01-1-120x75.jpg 120w\" sizes=\"(max-width: 700px) 100vw, 700px\"><\/a><\/figure><\/li><\/ul><\/figure>\n<\/body><\/html>\n","protected":false},"excerpt":{"rendered":"El objetivo es regularizar la situaci&oacute;n registral de ni&ntilde;os, ni&ntilde;as y adolescentes. Con la premisa de avanzar en la documentaci&oacute;n de ni&ntilde;os, ni&ntilde;as y adolescentes que no tienen DNI o est&aacute; vencido, el Registro Civil de Mendoza prest&oacute; servicios en el Centro de Capacitaci&oacute;n para el Trabajo 6202, ubicado en Col&oacute;n 1890 de San Jos&eacute;,&#8230; <a class=\"view-article\" href=\"https:\/\/www.mendoza.gov.ar\/prensa\/esta-semana-el-registro-civil-tambien-presto-servicios-en-un-cct-de-guaymallen\/\"><\/a>","protected":false},"author":68,"featured_media":226500,"comment_status":"open","ping_status":"open","sticky":false,"template":"","format":"standard","meta":[],"categories":[20],"tags":[],"_links":{"self":[{"href":"https:\/\/www.mendoza.gov.ar\/prensa\/wp-json\/wp\/v2\/posts\/287003"}],"collection":[{"href":"https:\/\/www.mendoza.gov.ar\/prensa\/wp-json\/wp\/v2\/posts"}],"about":[{"href":"https:\/\/www.mendoza.gov.ar\/prensa\/wp-json\/wp\/v2\/types\/post"}],"author":[{"embeddable":true,"href":"https:\/\/www.mendoza.gov.ar\/prensa\/wp-json\/wp\/v2\/users\/68"}],"replies":[{"embeddable":true,"href":"https:\/\/www.mendoza.gov.ar\/prensa\/wp-json\/wp\/v2\/comments?post=287003"}],"version-history":[{"count":3,"href":"https:\/\/www.mendoza.gov.ar\/prensa\/wp-json\/wp\/v2\/posts\/287003\/revisions"}],"predecessor-version":[{"id":287019,"href":"https:\/\/www.mendoza.gov.ar\/prensa\/wp-json\/wp\/v2\/posts\/287003\/revisions\/287019"}],"wp:featuredmedia":[{"embeddable":true,"href":"https:\/\/www.mendoza.gov.ar\/prensa\/wp-json\/wp\/v2\/media\/226500"}],"wp:attachment":[{"href":"https:\/\/www.mendoza.gov.ar\/prensa\/wp-json\/wp\/v2\/media?parent=287003"}],"wp:term":[{"taxonomy":"category","embeddable":true,"href":"https:\/\/www.mendoza.gov.ar\/prensa\/wp-json\/wp\/v2\/categories?post=287003"},{"taxonomy":"post_tag","embeddable":true,"href":"https:\/\/www.mendoza.gov.ar\/prensa\/wp-json\/wp\/v2\/tags?post=287003"}],"curies":[{"name":"wp","href":"https:\/\/api.w.org\/{rel}","templated":true}]}}