{"id":287107,"date":"2021-10-07T10:29:42","date_gmt":"2021-10-07T13:29:42","guid":{"rendered":"https:\/\/www.mendoza.gov.ar\/prensa\/?p=287107"},"modified":"2021-10-07T11:21:46","modified_gmt":"2021-10-07T14:21:46","slug":"san-rafael-y-malargue-recibiran-la-garrafa-en-tu-barrio-la-semana-proxima","status":"publish","type":"post","link":"https:\/\/www.mendoza.gov.ar\/prensa\/san-rafael-y-malargue-recibiran-la-garrafa-en-tu-barrio-la-semana-proxima\/","title":{"rendered":"San Rafael y Malarg\u00fce recibir\u00e1n La Garrafa en tu Barrio la semana pr\u00f3xima"},"content":{"rendered":"<!DOCTYPE html PUBLIC \"-\/\/W3C\/\/DTD HTML 4.0 Transitional\/\/EN\" \"http:\/\/www.w3.org\/TR\/REC-html40\/loose.dtd\">\n<html><body><h5>Desde el martes al viernes pr&oacute;ximo, estar&aacute; presente en 5 puntos de encuentro en San Rafael, mientras que el viernes se instalar&aacute; en Malarg&uuml;e, para que los vecinos puedan acceder a los envases de gas a bajo costo.<\/h5>\n\n\n\n<p>A trav&eacute;s del programa que lleva adelante el Gobierno provincial, se garantiza el derecho de acceso a quienes no tienen gas de red en toda la provincia, subsidiando el precio de la garrafa de 10 kg, por lo que el vecino puede acceder a ella por $300.<\/p>\n\n\n\n<p>Martes, mi&eacute;rcoles y jueves de la semana que viene, los operativos visitar&aacute;n seis distritos de San Rafael; mientras que el viernes 15 llegar&aacute; a Malarg&uuml;e. De esta manera, contin&uacute;an los operativos de venta de garrafas a precio accesible en todo el territorio provincial, posibilitando el acceso al servicio a quienes se encuentran en situaci&oacute;n de vulnerabilidad.<\/p>\n\n\n\n<p>Esto es posible gracias a que desde la Subsecretaria de Desarrollo Social renovaron el compromiso de hacer llegar el gas envasado a los distritos alejados de la provincia durante el segundo semestre a trav&eacute;s de sus operativos.<\/p>\n\n\n\n<p>Los puntos de encuentro donde estar&aacute; presente el programa en San Rafael ser&aacute;n:<\/p>\n\n\n\n<p>MARTES 12<\/p>\n\n\n\n<p>&ndash; Cuadro Nacional. Paraje La Nora. Ruta 154 s\/n. Iglesia F&eacute; y Adoraci&oacute;n. A las 9:30<\/p>\n\n\n\n<p>&ndash; Cuadro Nacional. Paraje Colonia Espa&ntilde;ola. Ruta 154 s\/n. Vuelta de Moya. A las 11:00<\/p>\n\n\n\n<p>MIERCOLES 13<\/p>\n\n\n\n<p>&ndash; Las Paredes. Paraje El Usillal. Escuela Josefa Correas. Las Mercedes s\/n. A las 9:00<\/p>\n\n\n\n<p>&ndash; Las Paredes. Costa El Toledano. El Toledano y El Tambo. A las 10:30<\/p>\n\n\n\n<p>&ndash; Las Paredes. Aero Club San Rafael. Hip&oacute;lito Yrigoyen 7170. A las 12:00<\/p>\n\n\n\n<p>JUEVES 14<\/p>\n\n\n\n<p>&ndash; Goudge. Escuela Triunvirato. Urquiza s\/n. A las 9:00<\/p>\n\n\n\n<p>&ndash; La Llave. Escuela Saturnino de la Reta. Schestakow s\/n. A las 11:00<\/p>\n\n\n\n<p>En tanto, el viernes el operativo estar&aacute; presente en Malarg&uuml;e. En esta oportunidad, el punto de encuentro ser&aacute; a partir de las 10 en la Oficina Desarrollo Social de municipio, ubicada en calles Comandante Salas y Corval&aacute;n.&nbsp;<\/p>\n<\/body><\/html>\n","protected":false},"excerpt":{"rendered":"Desde el martes al viernes pr&oacute;ximo, estar&aacute; presente en 5 puntos de encuentro en San Rafael, mientras que el viernes se instalar&aacute; en Malarg&uuml;e, para que los vecinos puedan acceder a los envases de gas a bajo costo. A trav&eacute;s del programa que lleva adelante el Gobierno provincial, se garantiza el derecho de acceso a&#8230; <a class=\"view-article\" href=\"https:\/\/www.mendoza.gov.ar\/prensa\/san-rafael-y-malargue-recibiran-la-garrafa-en-tu-barrio-la-semana-proxima\/\"><\/a>","protected":false},"author":62,"featured_media":277287,"comment_status":"open","ping_status":"open","sticky":false,"template":"","format":"standard","meta":[],"categories":[11,32],"tags":[],"_links":{"self":[{"href":"https:\/\/www.mendoza.gov.ar\/prensa\/wp-json\/wp\/v2\/posts\/287107"}],"collection":[{"href":"https:\/\/www.mendoza.gov.ar\/prensa\/wp-json\/wp\/v2\/posts"}],"about":[{"href":"https:\/\/www.mendoza.gov.ar\/prensa\/wp-json\/wp\/v2\/types\/post"}],"author":[{"embeddable":true,"href":"https:\/\/www.mendoza.gov.ar\/prensa\/wp-json\/wp\/v2\/users\/62"}],"replies":[{"embeddable":true,"href":"https:\/\/www.mendoza.gov.ar\/prensa\/wp-json\/wp\/v2\/comments?post=287107"}],"version-history":[{"count":2,"href":"https:\/\/www.mendoza.gov.ar\/prensa\/wp-json\/wp\/v2\/posts\/287107\/revisions"}],"predecessor-version":[{"id":287121,"href":"https:\/\/www.mendoza.gov.ar\/prensa\/wp-json\/wp\/v2\/posts\/287107\/revisions\/287121"}],"wp:featuredmedia":[{"embeddable":true,"href":"https:\/\/www.mendoza.gov.ar\/prensa\/wp-json\/wp\/v2\/media\/277287"}],"wp:attachment":[{"href":"https:\/\/www.mendoza.gov.ar\/prensa\/wp-json\/wp\/v2\/media?parent=287107"}],"wp:term":[{"taxonomy":"category","embeddable":true,"href":"https:\/\/www.mendoza.gov.ar\/prensa\/wp-json\/wp\/v2\/categories?post=287107"},{"taxonomy":"post_tag","embeddable":true,"href":"https:\/\/www.mendoza.gov.ar\/prensa\/wp-json\/wp\/v2\/tags?post=287107"}],"curies":[{"name":"wp","href":"https:\/\/api.w.org\/{rel}","templated":true}]}}