{"id":287567,"date":"2021-10-11T00:19:34","date_gmt":"2021-10-11T03:19:34","guid":{"rendered":"https:\/\/www.mendoza.gov.ar\/prensa\/?p=287567"},"modified":"2021-10-11T09:09:36","modified_gmt":"2021-10-11T12:09:36","slug":"economia-convoca-a-productores-e-industriales-agricolas-a-la-conformacion-de-la-mesa-de-concertacion","status":"publish","type":"post","link":"https:\/\/www.mendoza.gov.ar\/prensa\/economia-convoca-a-productores-e-industriales-agricolas-a-la-conformacion-de-la-mesa-de-concertacion\/","title":{"rendered":"Econom\u00eda convoca a productores e industriales agr\u00edcolas a conformar las Mesas de Concertaci\u00f3n"},"content":{"rendered":"<!DOCTYPE html PUBLIC \"-\/\/W3C\/\/DTD HTML 4.0 Transitional\/\/EN\" \"http:\/\/www.w3.org\/TR\/REC-html40\/loose.dtd\">\n<html><body><h5>El cronograma comienza el 12&nbsp;de&nbsp;octubre y finaliza el 3 de marzo de 2022. Habr&aacute; reuniones segmentadas por producto agr&iacute;cola. Se busca mejorar la competitividad, la sustentabilidad ambiental y fomentar el crecimiento econ&oacute;mico.<\/h5>\n\n\n\n<p>El Ministerio de Econom&iacute;a y Energ&iacute;a, a trav&eacute;s de la Direcci&oacute;n de Fiscalizaci&oacute;n y Control, difundi&oacute; el cronograma de inscripciones para industriales y productores de duraznos, ajos cerezas, tomates, papas, peras, manzanas, ciruelas, uvas y aceitunas, a fin de conformar las Mesas de Concertaci&oacute;n.<\/p>\n\n\n\n<p>Las reuniones tienen como objetivo el tratamiento conjunto de las diferentes tem&aacute;ticas que involucran a productores e industriales. Entre ellas, costos de producci&oacute;n, calidades de los productos, situaci&oacute;n de los mercados, precios de referencia, pron&oacute;sticos de cosechas, plazos de entrega de las materias primas y modalidades de pagos.<\/p>\n\n\n\n<p>La Direcci&oacute;n de Fiscalizaci&oacute;n y Control, seg&uacute;n establece el Decreto provincial 1298 y que reglamenta Ley 9133 de Registro de Contrato de Compra Venta de Productos Agr&iacute;colas, es autoridad de aplicaci&oacute;n y responsable de la conformaci&oacute;n y funcionamiento de las Mesas de Concertaci&oacute;n.<\/p>\n\n\n\n<p>La Ley 9133 representa una garant&iacute;a para el productor en cuanto al acuerdo de precios y formas de pago al entregar la mercader&iacute;a, ya que antes de su sanci&oacute;n solo exist&iacute;an registros que funcionaban a modo de sistema estad&iacute;stico.<\/p>\n\n\n\n<p>Los interesados en participar en las reuniones podr&aacute;n inscribirse en https:\/\/www.mendoza.gov.ar\/economia\/fiscalizacion-y-control\/ seleccionando el bot&oacute;n seg&uacute;n el segmento agr&iacute;cola al que representan.<\/p>\n\n\n\n<p><strong>Cronograma<\/strong><\/p>\n\n\n\n<p>Durazno: 12 de octubre de 2021.<br>Ajo: 14 de octubre de 2021.<br>Cereza: 11 de noviembre de 2021.<br>Tomate: 30 de noviembre de 2021.<br>Papa: 1 de diciembre de 2021.<br>Ciruela: 10 de enero de 2022.<br>Pera y manzana: 13 de enero de 2022.<br>Uva para mosto: 17 de febrero de 2022.<br>Uva para vinificar: 22 de febrero de 2022.<br>Aceituna: 3 de marzo de 2022.<\/p>\n\n\n\n<p>En todos los casos, la sede para la conformaci&oacute;n de las Mesas de Concertaci&oacute;n ser&aacute; el Mendoza TIC Parque Tecnol&oacute;gico, emplazado en la calle Rafael Cubillos 2056 de Godoy Cruz. Excepto las mesas de la uva, que se desarrollar&aacute;n en La Enoteca, Peltier 611 de la Ciudad de Mendoza, y la mesa de la ciruela, que se convocar&aacute; en el departamento de General Alvear.<\/p>\n\n\n\n<figure class=\"wp-block-gallery columns-1 is-cropped\"><ul class=\"blocks-gallery-grid\"><li class=\"blocks-gallery-item\"><figure><a href=\"https:\/\/www.mendoza.gov.ar\/wp-content\/uploads\/sites\/5\/2021\/10\/WhatsApp-Image-2021-10-06-at-11.51.43.jpeg\"><img loading=\"lazy\" width=\"700\" height=\"700\" src=\"https:\/\/www.mendoza.gov.ar\/wp-content\/uploads\/sites\/5\/2021\/10\/WhatsApp-Image-2021-10-06-at-11.51.43-700x700.jpeg\" alt=\"\" data-id=\"287569\" data-full-url=\"https:\/\/www.mendoza.gov.ar\/wp-content\/uploads\/sites\/5\/2021\/10\/WhatsApp-Image-2021-10-06-at-11.51.43.jpeg\" data-link=\"https:\/\/www.mendoza.gov.ar\/prensa\/?attachment_id=287569\" class=\"wp-image-287569 img-responsive center-block\" srcset=\"https:\/\/www.mendoza.gov.ar\/wp-content\/uploads\/sites\/5\/2021\/10\/WhatsApp-Image-2021-10-06-at-11.51.43-700x700.jpeg 700w, https:\/\/www.mendoza.gov.ar\/wp-content\/uploads\/sites\/5\/2021\/10\/WhatsApp-Image-2021-10-06-at-11.51.43-250x250.jpeg 250w, https:\/\/www.mendoza.gov.ar\/wp-content\/uploads\/sites\/5\/2021\/10\/WhatsApp-Image-2021-10-06-at-11.51.43-150x150.jpeg 150w, https:\/\/www.mendoza.gov.ar\/wp-content\/uploads\/sites\/5\/2021\/10\/WhatsApp-Image-2021-10-06-at-11.51.43-768x768.jpeg 768w, https:\/\/www.mendoza.gov.ar\/wp-content\/uploads\/sites\/5\/2021\/10\/WhatsApp-Image-2021-10-06-at-11.51.43-120x120.jpeg 120w, https:\/\/www.mendoza.gov.ar\/wp-content\/uploads\/sites\/5\/2021\/10\/WhatsApp-Image-2021-10-06-at-11.51.43.jpeg 1080w\" sizes=\"(max-width: 700px) 100vw, 700px\"><\/a><\/figure><\/li><\/ul><\/figure>\n\n\n\n<p><\/p>\n<\/body><\/html>\n","protected":false},"excerpt":{"rendered":"El cronograma comienza el 12&nbsp;de&nbsp;octubre y finaliza el 3 de marzo de 2022. Habr&aacute; reuniones segmentadas por producto agr&iacute;cola. Se busca mejorar la competitividad, la sustentabilidad ambiental y fomentar el crecimiento econ&oacute;mico. El Ministerio de Econom&iacute;a y Energ&iacute;a, a trav&eacute;s de la Direcci&oacute;n de Fiscalizaci&oacute;n y Control, difundi&oacute; el cronograma de inscripciones para industriales y&#8230; <a class=\"view-article\" href=\"https:\/\/www.mendoza.gov.ar\/prensa\/economia-convoca-a-productores-e-industriales-agricolas-a-la-conformacion-de-la-mesa-de-concertacion\/\"><\/a>","protected":false},"author":78,"featured_media":287569,"comment_status":"open","ping_status":"open","sticky":false,"template":"","format":"standard","meta":[],"categories":[15],"tags":[],"_links":{"self":[{"href":"https:\/\/www.mendoza.gov.ar\/prensa\/wp-json\/wp\/v2\/posts\/287567"}],"collection":[{"href":"https:\/\/www.mendoza.gov.ar\/prensa\/wp-json\/wp\/v2\/posts"}],"about":[{"href":"https:\/\/www.mendoza.gov.ar\/prensa\/wp-json\/wp\/v2\/types\/post"}],"author":[{"embeddable":true,"href":"https:\/\/www.mendoza.gov.ar\/prensa\/wp-json\/wp\/v2\/users\/78"}],"replies":[{"embeddable":true,"href":"https:\/\/www.mendoza.gov.ar\/prensa\/wp-json\/wp\/v2\/comments?post=287567"}],"version-history":[{"count":5,"href":"https:\/\/www.mendoza.gov.ar\/prensa\/wp-json\/wp\/v2\/posts\/287567\/revisions"}],"predecessor-version":[{"id":287586,"href":"https:\/\/www.mendoza.gov.ar\/prensa\/wp-json\/wp\/v2\/posts\/287567\/revisions\/287586"}],"wp:featuredmedia":[{"embeddable":true,"href":"https:\/\/www.mendoza.gov.ar\/prensa\/wp-json\/wp\/v2\/media\/287569"}],"wp:attachment":[{"href":"https:\/\/www.mendoza.gov.ar\/prensa\/wp-json\/wp\/v2\/media?parent=287567"}],"wp:term":[{"taxonomy":"category","embeddable":true,"href":"https:\/\/www.mendoza.gov.ar\/prensa\/wp-json\/wp\/v2\/categories?post=287567"},{"taxonomy":"post_tag","embeddable":true,"href":"https:\/\/www.mendoza.gov.ar\/prensa\/wp-json\/wp\/v2\/tags?post=287567"}],"curies":[{"name":"wp","href":"https:\/\/api.w.org\/{rel}","templated":true}]}}