{"id":287576,"date":"2021-10-11T07:30:30","date_gmt":"2021-10-11T10:30:30","guid":{"rendered":"https:\/\/www.mendoza.gov.ar\/prensa\/?p=287576"},"modified":"2021-10-11T09:05:07","modified_gmt":"2021-10-11T12:05:07","slug":"desde-el-martes-12-se-entregaran-los-turnos-para-vacunar-a-ninos-y-ninas-de-3-a-11-anos-con-comorbilidades","status":"publish","type":"post","link":"https:\/\/www.mendoza.gov.ar\/prensa\/desde-el-martes-12-se-entregaran-los-turnos-para-vacunar-a-ninos-y-ninas-de-3-a-11-anos-con-comorbilidades\/","title":{"rendered":"Desde el martes 12 se entregar\u00e1n los turnos para vacunar a ni\u00f1os y ni\u00f1as de 3 a 11 a\u00f1os con comorbilidades"},"content":{"rendered":"<!DOCTYPE html PUBLIC \"-\/\/W3C\/\/DTD HTML 4.0 Transitional\/\/EN\" \"http:\/\/www.w3.org\/TR\/REC-html40\/loose.dtd\">\n<html><body><h5>La inscripci&oacute;n podr&aacute; realizarse a partir de las 8 en el portal www.mendoza.gov.ar.<\/h5>\n\n\n\n<p>La reciente resoluci&oacute;n de Administraci&oacute;n Nacional de Medicamentos, Alimentos y Tecnolog&iacute;a M&eacute;dica (ANMAT) que habilit&oacute; el uso de la vacuna Sinopharm para ni&ntilde;os y ni&ntilde;as a partir de 3 a&ntilde;os, permite incorporar un nuevo grupo poblacional a la estrategia de vacunaci&oacute;n que lleva adelante la Provincia.<\/p>\n\n\n\n<p>A partir del martes 12, ingresando a la p&aacute;gina web www.mendoza.gov.ar se podr&aacute; solicitar turno para vacunar a ni&ntilde;os y ni&ntilde;as de 3 a 11 a&ntilde;os con comorbilidades.<\/p>\n\n\n\n<p>En principio, la vacunaci&oacute;n de este grupo se realizar&aacute; en las sedes, hospitales y centros de salud en los que se viene desplegando el operativo. Las autoridades sanitarias eval&uacute;an junto con la Direcci&oacute;n General de Escuelas llevar el operativo a los establecimientos educativos para cuando se comiencen a vacunar a los ni&ntilde;os sin enfermedades preexistentes.<\/p>\n\n\n\n<p><strong>La vacuna es segura<\/strong><\/p>\n\n\n\n<p>La ministra Ana Mar&iacute;a Nadal y la responsable de Inmunizaciones de la Provincia, Iris Aguilar, participaron en la &uacute;ltima del Consejo Federal de Salud, donde representantes de ANMAT brindaron informaci&oacute;n detallada sobre la aprobaci&oacute;n del uso de la vacuna Sinopharm en la poblaci&oacute;n de menor edad.<\/p>\n\n\n\n<p>Seg&uacute;n lo expuesto por el organismo nacional, se trata de una vacuna absolutamente segura para ser administrada a ni&ntilde;os entre 3 y 11 a&ntilde;os. La titular de Inmunizaciones explic&oacute; que la plataforma sobre la que se desarrolla la vacuna Sinopharm es la m&aacute;s vieja de todas las plataformas de vacuna COVID-19 disponibles.<\/p>\n\n\n\n<p>&ldquo;En el calendario de vacunaci&oacute;n tenemos como virus inactivados: hepatitis A; antigripal, vacuna contra la polio y estamos hablando de una vacuna que est&aacute; hecha sobre esa misma plataforma.&nbsp;Esta es una vacuna que tiene 2 dosis y por lo tanto es importante tomar conciencia de que hay que completar esquemas, con un intervalo m&iacute;nimo de 21 d&iacute;as entre dosis, para lograr la protecci&oacute;n tan deseada&rdquo;, afirm&oacute; Aguilar.<\/p>\n\n\n\n<figure class=\"wp-block-gallery columns-1\"><ul class=\"blocks-gallery-grid\"><li class=\"blocks-gallery-item\"><figure><a href=\"https:\/\/www.mendoza.gov.ar\/wp-content\/uploads\/sites\/5\/2021\/06\/LA7_6854.jpg\"><img loading=\"lazy\" width=\"700\" height=\"466\" src=\"https:\/\/www.mendoza.gov.ar\/wp-content\/uploads\/sites\/5\/2021\/06\/LA7_6854-700x466.jpg\" alt=\"\" data-id=\"274592\" data-full-url=\"https:\/\/www.mendoza.gov.ar\/wp-content\/uploads\/sites\/5\/2021\/06\/LA7_6854.jpg\" data-link=\"https:\/\/www.mendoza.gov.ar\/prensa\/covid-19-comenzo-la-vacunacion-a-quienes-asisten-en-comedores-comunitarios-y-merenderos\/vacunacion-a-personas-que-trabajan-en-comedores-y-merenderos-5\/\" class=\"wp-image-274592 img-responsive center-block\" srcset=\"https:\/\/www.mendoza.gov.ar\/wp-content\/uploads\/sites\/5\/2021\/06\/LA7_6854-700x466.jpg 700w, https:\/\/www.mendoza.gov.ar\/wp-content\/uploads\/sites\/5\/2021\/06\/LA7_6854-250x166.jpg 250w, https:\/\/www.mendoza.gov.ar\/wp-content\/uploads\/sites\/5\/2021\/06\/LA7_6854-768x511.jpg 768w, https:\/\/www.mendoza.gov.ar\/wp-content\/uploads\/sites\/5\/2021\/06\/LA7_6854-1536x1022.jpg 1536w, https:\/\/www.mendoza.gov.ar\/wp-content\/uploads\/sites\/5\/2021\/06\/LA7_6854-2048x1362.jpg 2048w, https:\/\/www.mendoza.gov.ar\/wp-content\/uploads\/sites\/5\/2021\/06\/LA7_6854-120x80.jpg 120w\" sizes=\"(max-width: 700px) 100vw, 700px\"><\/a><\/figure><\/li><\/ul><\/figure>\n<\/body><\/html>\n","protected":false},"excerpt":{"rendered":"La inscripci&oacute;n podr&aacute; realizarse a partir de las 8 en el portal www.mendoza.gov.ar. La reciente resoluci&oacute;n de Administraci&oacute;n Nacional de Medicamentos, Alimentos y Tecnolog&iacute;a M&eacute;dica (ANMAT) que habilit&oacute; el uso de la vacuna Sinopharm para ni&ntilde;os y ni&ntilde;as a partir de 3 a&ntilde;os, permite incorporar un nuevo grupo poblacional a la estrategia de vacunaci&oacute;n que&#8230; <a class=\"view-article\" href=\"https:\/\/www.mendoza.gov.ar\/prensa\/desde-el-martes-12-se-entregaran-los-turnos-para-vacunar-a-ninos-y-ninas-de-3-a-11-anos-con-comorbilidades\/\"><\/a>","protected":false},"author":63,"featured_media":274592,"comment_status":"open","ping_status":"open","sticky":false,"template":"","format":"standard","meta":[],"categories":[1822,32],"tags":[],"_links":{"self":[{"href":"https:\/\/www.mendoza.gov.ar\/prensa\/wp-json\/wp\/v2\/posts\/287576"}],"collection":[{"href":"https:\/\/www.mendoza.gov.ar\/prensa\/wp-json\/wp\/v2\/posts"}],"about":[{"href":"https:\/\/www.mendoza.gov.ar\/prensa\/wp-json\/wp\/v2\/types\/post"}],"author":[{"embeddable":true,"href":"https:\/\/www.mendoza.gov.ar\/prensa\/wp-json\/wp\/v2\/users\/63"}],"replies":[{"embeddable":true,"href":"https:\/\/www.mendoza.gov.ar\/prensa\/wp-json\/wp\/v2\/comments?post=287576"}],"version-history":[{"count":3,"href":"https:\/\/www.mendoza.gov.ar\/prensa\/wp-json\/wp\/v2\/posts\/287576\/revisions"}],"predecessor-version":[{"id":287584,"href":"https:\/\/www.mendoza.gov.ar\/prensa\/wp-json\/wp\/v2\/posts\/287576\/revisions\/287584"}],"wp:featuredmedia":[{"embeddable":true,"href":"https:\/\/www.mendoza.gov.ar\/prensa\/wp-json\/wp\/v2\/media\/274592"}],"wp:attachment":[{"href":"https:\/\/www.mendoza.gov.ar\/prensa\/wp-json\/wp\/v2\/media?parent=287576"}],"wp:term":[{"taxonomy":"category","embeddable":true,"href":"https:\/\/www.mendoza.gov.ar\/prensa\/wp-json\/wp\/v2\/categories?post=287576"},{"taxonomy":"post_tag","embeddable":true,"href":"https:\/\/www.mendoza.gov.ar\/prensa\/wp-json\/wp\/v2\/tags?post=287576"}],"curies":[{"name":"wp","href":"https:\/\/api.w.org\/{rel}","templated":true}]}}