{"id":289611,"date":"2021-10-21T12:53:49","date_gmt":"2021-10-21T15:53:49","guid":{"rendered":"https:\/\/www.mendoza.gov.ar\/prensa\/?p=289611"},"modified":"2021-10-21T17:04:01","modified_gmt":"2021-10-21T20:04:01","slug":"dia-mundial-del-ahorro-de-energia-como-disminuir-el-consumo-con-pequenas-acciones","status":"publish","type":"post","link":"https:\/\/www.mendoza.gov.ar\/prensa\/dia-mundial-del-ahorro-de-energia-como-disminuir-el-consumo-con-pequenas-acciones\/","title":{"rendered":"D\u00eda Mundial del Ahorro de Energ\u00eda: c\u00f3mo disminuir el consumo con peque\u00f1as acciones"},"content":{"rendered":"<!DOCTYPE html PUBLIC \"-\/\/W3C\/\/DTD HTML 4.0 Transitional\/\/EN\" \"http:\/\/www.w3.org\/TR\/REC-html40\/loose.dtd\">\n<html><body><h5>En la actualidad los hogares consumen m&aacute;s de 40% de la energ&iacute;a que se produce en el pa&iacute;s.<\/h5>\n\n\n\n<p>En 2012, el Foro Energ&eacute;tico Mundial (<em>World Energy Forum<\/em>) proclam&oacute; al 21 de octubre como el D&iacute;a Mundial del Ahorro de Energ&iacute;a. Esta iniciativa tiene como principal objetivo promover el acceso universal a la energ&iacute;a, visibilizar el impacto que genera su uso en el ambiente y tomar conciencia sobre la conservaci&oacute;n y optimizaci&oacute;n en el uso de los recursos<br>naturales.<\/p>\n\n\n\n<p>Hoy, los hogares consumen aproximadamente m&aacute;s de 40% de la energ&iacute;a que se produce en el pa&iacute;s. Por ello es importante hacer un uso eficiente, con sencillas acciones que no implican resignar confort.<\/p>\n\n\n\n<p>Desde el Ente Provincial Regulador El&eacute;ctrico (EPRE) brindan algunas recomendaciones para ahorrar energ&iacute;a y contribuir al cuidado del ambiente:<\/p>\n\n\n\n<p><strong>Etiqueta de Eficiencia Energ&eacute;tica<\/strong><\/p>\n\n\n\n<p>Es una herramienta que nos permite conocer de manera r&aacute;pida y f&aacute;cil el consumo de energ&iacute;a de los artefactos el&eacute;ctricos. Si va a remplazar alguno de ellos, tenga en cuenta su&nbsp;etiquetado: clase A o superior permiten mayor ahorro de energ&iacute;a.<\/p>\n\n\n\n<p><strong>Climatizaci&oacute;n<\/strong><\/p>\n\n\n\n<p>Ahora que se aproxima el verano, regular el aire acondicionado en 24 grados. Es una temperatura ideal para cualquier ambiente de la casa. Por cada grado inferior a esa temperatura, el consumo aumenta entre 5 y 7%. Apagarlo una vez que el ambiente est&aacute; refrigerado. Si hay m&aacute;s de un aparato de aire acondicionado en un hogar, no utilizar todos al mismo tiempo. Limpiar peri&oacute;dicamente los filtros.<\/p>\n\n\n\n<p>Si va a comprar alg&uacute;n equipo de aire acondicionado, considere la tecnolog&iacute;a Inverter.<\/p>\n\n\n\n<p><strong>Heladera<\/strong><\/p>\n\n\n\n<p>Asegurarse que la puerta de la heladera y <em>freezer <\/em>cierre bien. Cambiar el burlete si est&aacute; roto. Abrirla solo cuando sea necesario y por el menor tiempo posible. Enfriar completamente las comidas antes de colocarlas en la heladera. Si se trata de una heladera con congelador, tener la precauci&oacute;n de descongelarla regularmente. El sobreconsumo comienza cuando la caja de hielo llega a un espesor de 5 mm. Si va a comprar una heladera, considere la tecnolog&iacute;a Inverter y <em>no frost.<\/em><\/p>\n\n\n\n<p><strong>Iluminaci&oacute;n<\/strong><\/p>\n\n\n\n<p>Usar l&aacute;mparas LED, especialmente en los lugares donde se necesite iluminaci&oacute;n&nbsp;por mucho tiempo. Este tipo de l&aacute;mparas reducen significativamente el&nbsp;consumo de energ&iacute;a, duran siete veces m&aacute;s que las hal&oacute;genas y consumen ocho veces menos de energ&iacute;a.<\/p>\n\n\n\n<p>Evitar dejar las luces encendidas si no se utilizan. Si tiene que pintar las paredes internas y techos de su casa, hacerlo con colores claros, as&iacute; podr&aacute; utilizar l&aacute;mparas de menor potencia para iluminar los ambientes.<\/p>\n\n\n\n<p><strong>Plancha<\/strong><\/p>\n\n\n\n<p>Planchar en horas de baja demanda, especialmente por la ma&ntilde;ana, graduando el termostato de acuerdo al tipo de tejido a planchar. Evitar desperdicios de calor y el secado de la ropa con plancha. Desconectar la plancha antes de concluir el planchado para aprovechar el calor<br>remanente.<\/p>\n\n\n\n<p><strong>Lavarropas<\/strong><\/p>\n\n\n\n<p>Efectuar los lavados cuando llegue a la capacidad m&aacute;xima aconsejada por el fabricante del lavarropas. No sobrepasar la capacidad m&aacute;xima establecida. Utilizar el programa econ&oacute;mico para lavar poca ropa y emplear la cantidad correcta de jab&oacute;n para no tener que realizar m&aacute;s de un enjuague.<\/p>\n\n\n\n<p><strong>Electrodom&eacute;sticos <\/strong><\/p>\n\n\n\n<p>Elegir los electrodom&eacute;sticos o aparatos el&eacute;ctricos m&aacute;s eficientes. Se puede consultar en la etiqueta de eficiencia que traen todos los artefactos el&eacute;ctricos.<\/p>\n\n\n\n<p><strong>Gastos innecesarios<\/strong><\/p>\n\n\n\n<p>&iquest;Sab&iacute;as que los electrodom&eacute;sticos tienen un gasto oculto de energ&iacute;a? Mantenerlos enchufados, aun apagados, a la espera de instrucciones del control remoto, significa un consumo extra.<\/p>\n\n\n\n<p>Es por ello que se aconseja desenchufarlos, ya que consumen lo que se denomina &ldquo;energ&iacute;a en espera&rdquo;. Si bien parece una acci&oacute;n insignificante, representa entre 5 y 16% del consumo general del hogar.<\/p>\n\n\n\n<figure class=\"wp-block-gallery columns-1\"><ul class=\"blocks-gallery-grid\"><li class=\"blocks-gallery-item\"><figure><a href=\"https:\/\/www.mendoza.gov.ar\/wp-content\/uploads\/sites\/5\/2021\/10\/5df23f93-3508-41fd-8dff-ce8ea1092ca1.jpg\"><img loading=\"lazy\" width=\"700\" height=\"700\" src=\"https:\/\/www.mendoza.gov.ar\/wp-content\/uploads\/sites\/5\/2021\/10\/5df23f93-3508-41fd-8dff-ce8ea1092ca1-700x700.jpg\" alt=\"\" data-id=\"289614\" data-full-url=\"https:\/\/www.mendoza.gov.ar\/wp-content\/uploads\/sites\/5\/2021\/10\/5df23f93-3508-41fd-8dff-ce8ea1092ca1.jpg\" data-link=\"https:\/\/www.mendoza.gov.ar\/prensa\/?attachment_id=289614\" class=\"wp-image-289614 img-responsive center-block\" srcset=\"https:\/\/www.mendoza.gov.ar\/wp-content\/uploads\/sites\/5\/2021\/10\/5df23f93-3508-41fd-8dff-ce8ea1092ca1-700x700.jpg 700w, https:\/\/www.mendoza.gov.ar\/wp-content\/uploads\/sites\/5\/2021\/10\/5df23f93-3508-41fd-8dff-ce8ea1092ca1-250x250.jpg 250w, https:\/\/www.mendoza.gov.ar\/wp-content\/uploads\/sites\/5\/2021\/10\/5df23f93-3508-41fd-8dff-ce8ea1092ca1-150x150.jpg 150w, https:\/\/www.mendoza.gov.ar\/wp-content\/uploads\/sites\/5\/2021\/10\/5df23f93-3508-41fd-8dff-ce8ea1092ca1-768x768.jpg 768w, https:\/\/www.mendoza.gov.ar\/wp-content\/uploads\/sites\/5\/2021\/10\/5df23f93-3508-41fd-8dff-ce8ea1092ca1-120x120.jpg 120w, https:\/\/www.mendoza.gov.ar\/wp-content\/uploads\/sites\/5\/2021\/10\/5df23f93-3508-41fd-8dff-ce8ea1092ca1.jpg 1280w\" sizes=\"(max-width: 700px) 100vw, 700px\"><\/a><\/figure><\/li><\/ul><\/figure>\n<\/body><\/html>\n","protected":false},"excerpt":{"rendered":"En la actualidad los hogares consumen m&aacute;s de 40% de la energ&iacute;a que se produce en el pa&iacute;s. En 2012, el Foro Energ&eacute;tico Mundial (World Energy Forum) proclam&oacute; al 21 de octubre como el D&iacute;a Mundial del Ahorro de Energ&iacute;a. Esta iniciativa tiene como principal objetivo promover el acceso universal a la energ&iacute;a, visibilizar el&#8230; <a class=\"view-article\" href=\"https:\/\/www.mendoza.gov.ar\/prensa\/dia-mundial-del-ahorro-de-energia-como-disminuir-el-consumo-con-pequenas-acciones\/\"><\/a>","protected":false},"author":61,"featured_media":289614,"comment_status":"open","ping_status":"open","sticky":false,"template":"","format":"standard","meta":[],"categories":[34],"tags":[],"_links":{"self":[{"href":"https:\/\/www.mendoza.gov.ar\/prensa\/wp-json\/wp\/v2\/posts\/289611"}],"collection":[{"href":"https:\/\/www.mendoza.gov.ar\/prensa\/wp-json\/wp\/v2\/posts"}],"about":[{"href":"https:\/\/www.mendoza.gov.ar\/prensa\/wp-json\/wp\/v2\/types\/post"}],"author":[{"embeddable":true,"href":"https:\/\/www.mendoza.gov.ar\/prensa\/wp-json\/wp\/v2\/users\/61"}],"replies":[{"embeddable":true,"href":"https:\/\/www.mendoza.gov.ar\/prensa\/wp-json\/wp\/v2\/comments?post=289611"}],"version-history":[{"count":4,"href":"https:\/\/www.mendoza.gov.ar\/prensa\/wp-json\/wp\/v2\/posts\/289611\/revisions"}],"predecessor-version":[{"id":289658,"href":"https:\/\/www.mendoza.gov.ar\/prensa\/wp-json\/wp\/v2\/posts\/289611\/revisions\/289658"}],"wp:featuredmedia":[{"embeddable":true,"href":"https:\/\/www.mendoza.gov.ar\/prensa\/wp-json\/wp\/v2\/media\/289614"}],"wp:attachment":[{"href":"https:\/\/www.mendoza.gov.ar\/prensa\/wp-json\/wp\/v2\/media?parent=289611"}],"wp:term":[{"taxonomy":"category","embeddable":true,"href":"https:\/\/www.mendoza.gov.ar\/prensa\/wp-json\/wp\/v2\/categories?post=289611"},{"taxonomy":"post_tag","embeddable":true,"href":"https:\/\/www.mendoza.gov.ar\/prensa\/wp-json\/wp\/v2\/tags?post=289611"}],"curies":[{"name":"wp","href":"https:\/\/api.w.org\/{rel}","templated":true}]}}