{"id":29307,"date":"2015-04-13T21:40:40","date_gmt":"2015-04-14T00:40:40","guid":{"rendered":"http:\/\/prensa.mendoza.gov.ar\/?p=29307"},"modified":"2015-04-13T21:40:40","modified_gmt":"2015-04-14T00:40:40","slug":"el-hospital-fleming-tiene-nueva-directora","status":"publish","type":"post","link":"https:\/\/www.mendoza.gov.ar\/prensa\/el-hospital-fleming-tiene-nueva-directora\/","title":{"rendered":"El Hospital Fleming tiene nueva Directora"},"content":{"rendered":"<!DOCTYPE html PUBLIC \"-\/\/W3C\/\/DTD HTML 4.0 Transitional\/\/EN\" \"http:\/\/www.w3.org\/TR\/REC-html40\/loose.dtd\">\n<html><body><p>Durante la ma&ntilde;ana de este lunes asumi&oacute; la nueva directora del Hospital Pedi&aacute;trico&nbsp;Alexander Fleming, la doctora Nancy Dom&iacute;nguez.<\/p>\n<p>En el acto estuvieron presentes&nbsp;el director General de OSEP Dr. Alberto Recabarren, el ministro de Salud, Oscar Renna, acompa&ntilde;ado por el director de Hospitales, Luis Ag&uuml;ero. Tambi&eacute;n&nbsp;estuvieron presentes&nbsp;directivos&nbsp;de la obra social, el Director de Atenci&oacute;n a la Salud, Ra&uacute;l Ceverino, el director saliente del Fleming, Joaqu&iacute;n Arabel, la vocal de Directorio, Fanny Sarobe, adem&aacute;s del personal del Hospital y de OSEP.<\/p>\n<p>&ldquo;Actualmente, la doctora&nbsp;Dom&iacute;nguez lleva 16 a&ntilde;os trabajando en el Fleming y&nbsp;durante todo este tiempo se destac&oacute; por su compromiso y vocaci&oacute;n, lo que nos garantiza su profesionalismo en esta nueva tarea que le hemos asignado&rdquo;, destac&oacute; Recabarren en su presentaci&oacute;n.<\/p>\n<p>La m&eacute;dica Nancy&nbsp;Dom&iacute;nguez se recibi&oacute; en la Universidad Nacional de C&oacute;rdoba, donde realiz&oacute; la Residencia de Pediatr&iacute;a en el Hospital Castro Rend&oacute;n. Posteriormente se desempe&ntilde;&oacute; como Instructora de la Residencia de Pediatr&iacute;a, Pediatra de planta y Coordinadora del Equipo Interdisciplinario de Psicoprofilaxis Quir&uacute;rgica de dicha instituci&oacute;n. En el a&ntilde;o 1999 ingresa como pediatra de internaci&oacute;n en el&nbsp;Sanatorio Fleming, y en 2005, junto a otros pediatras del sector, impulsa la creaci&oacute;n de la residencia del Hospital.<\/p>\n<\/body><\/html>\n","protected":false},"excerpt":{"rendered":"Se trata de Nancy Dom\u00ednguez, una m\u00e9dica que lleva 16 a\u00f1os trabajando en el nosocomio y estuvo a cargo del \u00e1rea de internaci\u00f3n.","protected":false},"author":3,"featured_media":0,"comment_status":"open","ping_status":"open","sticky":false,"template":"","format":"standard","meta":[],"categories":[30],"tags":[],"_links":{"self":[{"href":"https:\/\/www.mendoza.gov.ar\/prensa\/wp-json\/wp\/v2\/posts\/29307"}],"collection":[{"href":"https:\/\/www.mendoza.gov.ar\/prensa\/wp-json\/wp\/v2\/posts"}],"about":[{"href":"https:\/\/www.mendoza.gov.ar\/prensa\/wp-json\/wp\/v2\/types\/post"}],"author":[{"embeddable":true,"href":"https:\/\/www.mendoza.gov.ar\/prensa\/wp-json\/wp\/v2\/users\/3"}],"replies":[{"embeddable":true,"href":"https:\/\/www.mendoza.gov.ar\/prensa\/wp-json\/wp\/v2\/comments?post=29307"}],"version-history":[{"count":0,"href":"https:\/\/www.mendoza.gov.ar\/prensa\/wp-json\/wp\/v2\/posts\/29307\/revisions"}],"wp:attachment":[{"href":"https:\/\/www.mendoza.gov.ar\/prensa\/wp-json\/wp\/v2\/media?parent=29307"}],"wp:term":[{"taxonomy":"category","embeddable":true,"href":"https:\/\/www.mendoza.gov.ar\/prensa\/wp-json\/wp\/v2\/categories?post=29307"},{"taxonomy":"post_tag","embeddable":true,"href":"https:\/\/www.mendoza.gov.ar\/prensa\/wp-json\/wp\/v2\/tags?post=29307"}],"curies":[{"name":"wp","href":"https:\/\/api.w.org\/{rel}","templated":true}]}}