{"id":29796,"date":"2015-04-21T12:07:46","date_gmt":"2015-04-21T15:07:46","guid":{"rendered":"http:\/\/prensa.mendoza.gov.ar\/?p=29796"},"modified":"2015-04-21T12:07:46","modified_gmt":"2015-04-21T15:07:46","slug":"perez-adjudico-los-primeros-lotes-del-pasip-en-palmira","status":"publish","type":"post","link":"https:\/\/www.mendoza.gov.ar\/prensa\/perez-adjudico-los-primeros-lotes-del-pasip-en-palmira\/","title":{"rendered":"Comenz\u00f3 la adjudicaci\u00f3n de lotes del Parque Industrial de Palmira"},"content":{"rendered":"<!DOCTYPE html PUBLIC \"-\/\/W3C\/\/DTD HTML 4.0 Transitional\/\/EN\" \"http:\/\/www.w3.org\/TR\/REC-html40\/loose.dtd\">\n<html><body><p>El gobernador de Mendoza, Francisco P&eacute;rez junto&nbsp;al intendente de San Mart&iacute;n, Jorge Omar Gim&eacute;nez y al presidente de Pasip, Mario Lingua, particip&oacute; durante la ma&ntilde;ana de este martes del acto de entrega de Actas de Adjudicaci&oacute;n de lotes ubicados en el Parque Industrial y de Servicios de Palmira (PASIP).<\/p>\n<p>Estuvieron presentes en el mismo los ministros Marcelo Costa (Agroindustria), Marcos Zandomeni (Energ&iacute;a) y Mar&iacute;a In&eacute;s Abrile de Vollmer (DGE).<\/p>\n<p>En la oportunidad, el mandatario provincial expres&oacute;: &ldquo;PASIP va tomando cuerpo ya que es una apuesta a la industrializaci&oacute;n y al desarrollo productivo y tecnol&oacute;gico. Es un parque industrial que es un ejemplo en la Provincia. Nos alegra el desaf&iacute;o que toman las empresas cuando entre toda la dirigencia se trabaja organizadamente. Este es uno de nuestros aportes para que Palmira crezca que tenga un polo industrial. &nbsp;Hoy Argentina es un gran pa&iacute;s para invertir. Lo dicen los especialistas&rdquo;.<\/p>\n<p>&ldquo;Cuando comenzamos nuestra gesti&oacute;n, imaginamos una Mendoza &nbsp;referente nacional y mundial en materia de desarrollo tecnol&oacute;gico y trabajamos con ese objetivo, industrializar la producci&oacute;n y ordenar el territorio. El mejor recurso de nuestra Provincia es su gente y la mejor manera de progresar es potenciando dicho recurso a trav&eacute;s del conocimiento y la innovaci&oacute;n. 17 son los Parques Industriales que ya existen en Mendoza. Hace 10 a&ntilde;os eran solo 4. Hoy estamos adjudicando lotes en este Parque en el que el Estado ha invertido m&aacute;s de $ 50 millones, $ 70 millones el sector privado y en donde se generar&aacute;n m&aacute;s de 600 puestos de trabajo genuino&rdquo;, continu&oacute; el primer mandatario.<\/p>\n<p>El Parque tambi&eacute;n aportar&aacute; trabajo indirecto en la cadena productiva y de servicios para ello se&nbsp;desarrollan en la zona&nbsp;capacitaciones a trav&eacute;s de las Tecnicaturas de Nivel Superior que ya comenzaron a dictarse con el fin de proveer personal especializado. &nbsp;Entre las disciplinas se cuentan: T&eacute;cnico en Transporte Ferrotranviario con Orientaci&oacute;n en Veh&iacute;culos Tractivos y Remolcados y la otra opci&oacute;n es en V&iacute;as, Obras y Se&ntilde;alamiento que ya cuenta con 80 alumnos.<\/p>\n<p>Durante el acto fueron adjudicados lotes a las siguientes empresas:<\/p>\n<p>PROPEL S.A., lote N&ordm; 43 de 4.108 m2, valor de la oferta $ 780 mil. Planta de fabricaci&oacute;n de esquineros de cart&oacute;n para la industria agroalimentaria, incorporando dos l&iacute;neas de producci&oacute;n nuevas.<\/p>\n<p>GREEN S.A., fracci&oacute;n lote N&ordm; 01 de 15.242 m2, valor $ 2.900.000. &ndash; Instalaci&oacute;n de un dep&oacute;sito de maquinaria vial y de transporte, complementado con taller de reparaciones.<\/p>\n<p>E.M.E.S.A., lotes N&ordm; 04, 05, 06, 07, 08 y 09 de 39.980 m2, valor de la oferta $3.600.000. &ndash; Instalaci&oacute;n de planta fotovoltaica que contar&aacute; con una potencia estimada en 1.000 Kw.<\/p>\n<p><strong>Mendoza TIC<\/strong><\/p>\n<p>El Gobernador aprovech&oacute; la oportunidad para informar sobre el Parque TIC que se est&aacute; desarrollando en nuestra provincia: &rdquo; Concretamos el &ldquo;Mendoza TIC Parque Tecnol&oacute;gico&rdquo; con una inversi&oacute;n de $ 40 millones aportado por el Estado en obras de infraestructura y esperamos una inversi&oacute;n privada de alrededor de $ 55 millones, la cual una parte ser&aacute; financiada por el FTyC. Hemos licitado para la ocupaci&oacute;n de sus espacios y el sector TIC ha respondido con el dinamismo que los caracteriza, ya que se han ocupado totalidad de los mismos, donde tambi&eacute;n se han sumado la Universidad Nacional de Cuyo y la Universidad Tecnol&oacute;gica Nacional&rdquo;.<\/p>\n<p>Al respecto&nbsp;agreg&oacute;: &ldquo;Estamos trabajando en la segunda etapa del Parque Tecnol&oacute;gico, el cual hemos denominado &ldquo;Parque del Conocimiento&rdquo;. Este ser&aacute; financiado por el Banco Interamericano de Desarrollo con un monto cercano a los $35 millones apuntando a las empresas que desarrollen la mecatr&oacute;nica, la rob&oacute;tica, la mec&aacute;nica de precisi&oacute;n, la bioingenier&iacute;a, las neurociencias, etc&rdquo;.<\/p>\n<p>En la misma l&iacute;nea y para finalizar, P&eacute;rez expres&oacute;: &ldquo;La Br&uacute;jula, en&nbsp;su edici&oacute;n 2015 que se encuentra funcionando en el Espacio Le Parc, cuenta con 9 sectores dedicados al Agro, la Industria, Agua y Energ&iacute;a, Transporte, Evoluci&oacute;n, Identidad, Espacio, Futuro, Energ&iacute;a y Matem&aacute;tica e Inform&aacute;tica. Ya ha sido visitada por m&aacute;s de 65.000 personas, lo que la convierte en la expo tecnol&oacute;gica m&aacute;s importante del interior del pa&iacute;s. Aprovecho para invitarlos a todos los que no la hayan recorrido a&uacute;n&rdquo;.<\/p>\n<\/body><\/html>\n","protected":false},"excerpt":{"rendered":"El Gobernador P\u00e9rez particip\u00f3 del acto en que se entregaron las actas de adjudicaci\u00f3n de lotes del PASIP a las empresas PROPEL S.A., GREEN S.A. y E.M.E.S.A.","protected":false},"author":3,"featured_media":0,"comment_status":"open","ping_status":"open","sticky":false,"template":"","format":"standard","meta":[],"categories":[19],"tags":[],"_links":{"self":[{"href":"https:\/\/www.mendoza.gov.ar\/prensa\/wp-json\/wp\/v2\/posts\/29796"}],"collection":[{"href":"https:\/\/www.mendoza.gov.ar\/prensa\/wp-json\/wp\/v2\/posts"}],"about":[{"href":"https:\/\/www.mendoza.gov.ar\/prensa\/wp-json\/wp\/v2\/types\/post"}],"author":[{"embeddable":true,"href":"https:\/\/www.mendoza.gov.ar\/prensa\/wp-json\/wp\/v2\/users\/3"}],"replies":[{"embeddable":true,"href":"https:\/\/www.mendoza.gov.ar\/prensa\/wp-json\/wp\/v2\/comments?post=29796"}],"version-history":[{"count":0,"href":"https:\/\/www.mendoza.gov.ar\/prensa\/wp-json\/wp\/v2\/posts\/29796\/revisions"}],"wp:attachment":[{"href":"https:\/\/www.mendoza.gov.ar\/prensa\/wp-json\/wp\/v2\/media?parent=29796"}],"wp:term":[{"taxonomy":"category","embeddable":true,"href":"https:\/\/www.mendoza.gov.ar\/prensa\/wp-json\/wp\/v2\/categories?post=29796"},{"taxonomy":"post_tag","embeddable":true,"href":"https:\/\/www.mendoza.gov.ar\/prensa\/wp-json\/wp\/v2\/tags?post=29796"}],"curies":[{"name":"wp","href":"https:\/\/api.w.org\/{rel}","templated":true}]}}