{"id":300076,"date":"2022-01-24T12:23:14","date_gmt":"2022-01-24T15:23:14","guid":{"rendered":"https:\/\/www.mendoza.gov.ar\/prensa\/?p=300076"},"modified":"2022-01-24T12:23:15","modified_gmt":"2022-01-24T15:23:15","slug":"el-epre-puso-en-vigencia-la-reglamentacion-para-quienes-deseen-ingresar-al-regimen-de-recursos-de-energia-distribuida-a-traves-del-uso-de-fuentes-renovables","status":"publish","type":"post","link":"https:\/\/www.mendoza.gov.ar\/prensa\/el-epre-puso-en-vigencia-la-reglamentacion-para-quienes-deseen-ingresar-al-regimen-de-recursos-de-energia-distribuida-a-traves-del-uso-de-fuentes-renovables\/","title":{"rendered":"El EPRE puso en vigencia la reglamentaci\u00f3n para quienes deseen ingresar al R\u00e9gimen de Recursos de Energ\u00eda Distribuida a trav\u00e9s del uso de  fuentes renovables"},"content":{"rendered":"<!DOCTYPE html PUBLIC \"-\/\/W3C\/\/DTD HTML 4.0 Transitional\/\/EN\" \"http:\/\/www.w3.org\/TR\/REC-html40\/loose.dtd\">\n<html><body><h5>La normativa establece las Modalidades, Condiciones T&eacute;cnicas, Comerciales y Legales del R&eacute;gimen de Recursos de Energ&iacute;a Distribuida de Mendoza. Adem&aacute;s incorpora elementos innovadores, tales como la posibilidad de que los Usuarios\/Generadores, en sus diferentes modalidades, puedan ceder su energ&iacute;a generada a otros usuarios; la incorporaci&oacute;n de un Sistema de Medici&oacute;n Avanzado y la integraci&oacute;n de Veh&iacute;culos El&eacute;ctricos a la red de distribuci&oacute;n.<\/h5>\n\n\n\n<p>El EPRE, mediante&nbsp; Resoluci&oacute;n 1\/2022, puso en vigencia la reglamentaci&oacute;n para los denominados Usuarios \/ Generadores quienes, a trav&eacute;s del uso de fuentes renovables, generan, consumen, administran e inyectan a la red p&uacute;blica de distribuci&oacute;n el excedente de su energ&iacute;a.<\/p>\n\n\n\n<p>La norma incorpora elementos innovadores para estos Usuarios\/Generadores quienes ahora podr&aacute;n, en sus diferentes modalidades, cederla energ&iacute;a que producen a otros usuarios, ya sea desde el mismo lugar en donde la consumen o en otro. Tambi&eacute;n incorpora las figuras de &ldquo;Usuario\/Generador Colectivo&rdquo;,&nbsp; que son aquellos usuarios contiguos que podr&aacute;n instalar&nbsp; un Sistema de Generaci&oacute;n\/Almacenamiento para autoconsumo en un punto de inyecci&oacute;n y el de&nbsp; &ldquo;Almacenador Energ&eacute;tico&rdquo;, persona humana o jur&iacute;dica que almacena energ&iacute;a el&eacute;ctrica a fin de autoabastecerse o bien ponerla a disposici&oacute;n de terceros.<\/p>\n\n\n\n<p>Adem&aacute;s, la norma incluye un Sistema de Medici&oacute;n Avanzada &ndash; AMI (AdvancedMeteringInfraestructure) compuesto por medici&oacute;n inteligente, concentrador de datos, red de comunicaciones y sistema de gesti&oacute;n de la informaci&oacute;n, lo que&nbsp; permitir&aacute; mejorar la gesti&oacute;n t&eacute;cnica y comercial del servicio el&eacute;ctrico, dotando al sistema de distribuci&oacute;n de mayor flexibilidad y confiabilidad. Asimismo, detalla la integraci&oacute;n de Veh&iacute;culos El&eacute;ctricos a la red de distribuci&oacute;n, con el objetivo de contribuir a disminuir la emisi&oacute;n de gases contaminantes.<\/p>\n\n\n\n<p>Es importante se&ntilde;alar, que esta reglamentaci&oacute;n durante su elaboraci&oacute;n &ndash; previa a la emisi&oacute;n de su resoluci&oacute;n &ndash; cont&oacute; con un proceso de participaci&oacute;n t&eacute;cnica,&nbsp; a trav&eacute;s de una mesa de trabajo compuesta por diferentes actores especialistas&nbsp; en la materia, y ciudadana a trav&eacute;s del &Oacute;rgano Consultivo del EPRE (representado por universidades, ONGs, c&aacute;maras de comercio, del sector industrial, agr&iacute;cola, comercial, cooperativo, entre otros) con el fin de recepcionar y contemplar las distintas propuestas y comentarios a la misma.<\/p>\n\n\n\n<p>Mendoza ha sido pionera en la modernizaci&oacute;n del servicio p&uacute;blico de distribuci&oacute;n de energ&iacute;a el&eacute;ctrica, con la elaboraci&oacute;n de una normativa regulatoria &uacute;nica por sus caracter&iacute;sticas en el pa&iacute;s. Regulaciones que han sido un modelo a seguir por otras provincias y la naci&oacute;n en la instauraci&oacute;n de la figura del usuario\/generador.<\/p>\n\n\n\n<p>Desde la aprobaci&oacute;n de la &nbsp;Ley 9084, mediante la cual la provincia de Mendoza adhiri&oacute; a la Ley Nacional de R&eacute;gimen de Fomento a la Generaci&oacute;n Distribuida de Energ&iacute;a Renovable destinada a la Red El&eacute;ctrica P&uacute;blica, y desde que declar&oacute; &nbsp;Inter&eacute;s Provincial a los Recursos de Energ&iacute;a Distribuida a las actividades de Generaci&oacute;n Distribuida, Almacenamiento Energ&eacute;tico y Gesti&oacute;n de la Demanda; la provincia&nbsp; viene avanzando en la transformaci&oacute;n de su matriz energ&eacute;tica. En conjunto con la implementaci&oacute;n&nbsp; de un Programa de Modernizaci&oacute;n del Sector El&eacute;ctrico; &nbsp;que implica el desarrollo de la regulaci&oacute;n, actividades, proyectos y acciones para un sistema el&eacute;ctrico provincial sustentable, que incorpora un rol m&aacute;s activo y participativo del usuario convencional, orientado a la producci&oacute;n y gesti&oacute;n de su demanda el&eacute;ctrica.&nbsp; Todo ello, &nbsp;en concordancia con&nbsp; los Objetivos de Desarrollo Sostenible&nbsp; (ODS) de la Agenda 2030 de la ONU, establecidos en el Acuerdo de Par&iacute;s de 2015, en cuanto&nbsp; a &ldquo;Garantizar el acceso a una energ&iacute;a asequible, segura, sostenible y moderna&rdquo;<\/p>\n\n\n\n<p><strong>Usuarios\/Generadores en Mendoza<\/strong><\/p>\n\n\n\n<p>Lacantidad de usuarios que generan su propia energ&iacute;a, a trav&eacute;s de fuentes renovables, y puedenvolcar sus excedentes a la redcrece de manera sostenida desde que se concret&oacute; la primer solicitud en el a&ntilde;o 2019, lo que permiti&oacute; que a noviembre del a&ntilde;o 2021 Mendoza cuente con <strong>389 usuarios\/generadores<\/strong>, de los cuales 259 son residenciales y 130son generales (bodegas, frigor&iacute;ficos, hoteles, estaciones de servicio, agroindustrias, otras peque&ntilde;as industrias, comercios, entre otros).<\/p>\n\n\n\n<p>La potencia total fotovoltaica solicitada por estos usuarios\/generadores para el periodo 2016\/2021, es de <strong>6,62 Megavatios (1,41 MW <\/strong>corresponde a residenciales y <strong>5,21MW<\/strong> corresponde a generales); lo que equivale al consumo de alrededor de <strong>3.750 hogares<\/strong>, tomando como base el promedio de consumo de una familia en Mendoza (500 kwh promedio por bimestre).<\/p>\n\n\n\n<figure class=\"wp-block-gallery columns-2\"><ul class=\"blocks-gallery-grid\"><li class=\"blocks-gallery-item\"><figure><a href=\"https:\/\/www.mendoza.gov.ar\/wp-content\/uploads\/sites\/5\/2022\/01\/WhatsApp-Image-2022-01-24-at-12.22.46.jpeg\"><img loading=\"lazy\" width=\"243\" height=\"164\" src=\"https:\/\/www.mendoza.gov.ar\/wp-content\/uploads\/sites\/5\/2022\/01\/WhatsApp-Image-2022-01-24-at-12.22.46.jpeg\" alt=\"\" data-id=\"300086\" data-link=\"https:\/\/www.mendoza.gov.ar\/prensa\/?attachment_id=300086\" class=\"wp-image-300086 img-responsive center-block\" srcset=\"https:\/\/www.mendoza.gov.ar\/wp-content\/uploads\/sites\/5\/2022\/01\/WhatsApp-Image-2022-01-24-at-12.22.46.jpeg 243w, https:\/\/www.mendoza.gov.ar\/wp-content\/uploads\/sites\/5\/2022\/01\/WhatsApp-Image-2022-01-24-at-12.22.46-120x81.jpeg 120w\" sizes=\"(max-width: 243px) 100vw, 243px\"><\/a><\/figure><\/li><li class=\"blocks-gallery-item\"><figure><a href=\"https:\/\/www.mendoza.gov.ar\/wp-content\/uploads\/sites\/5\/2022\/01\/WhatsApp-Image-2022-01-24-at-12.22.40.jpeg\"><img loading=\"lazy\" width=\"250\" height=\"158\" src=\"https:\/\/www.mendoza.gov.ar\/wp-content\/uploads\/sites\/5\/2022\/01\/WhatsApp-Image-2022-01-24-at-12.22.40-250x158.jpeg\" alt=\"\" data-id=\"300087\" data-full-url=\"https:\/\/www.mendoza.gov.ar\/wp-content\/uploads\/sites\/5\/2022\/01\/WhatsApp-Image-2022-01-24-at-12.22.40.jpeg\" data-link=\"https:\/\/www.mendoza.gov.ar\/prensa\/?attachment_id=300087\" class=\"wp-image-300087 img-responsive center-block\" srcset=\"https:\/\/www.mendoza.gov.ar\/wp-content\/uploads\/sites\/5\/2022\/01\/WhatsApp-Image-2022-01-24-at-12.22.40-250x158.jpeg 250w, https:\/\/www.mendoza.gov.ar\/wp-content\/uploads\/sites\/5\/2022\/01\/WhatsApp-Image-2022-01-24-at-12.22.40-120x76.jpeg 120w, https:\/\/www.mendoza.gov.ar\/wp-content\/uploads\/sites\/5\/2022\/01\/WhatsApp-Image-2022-01-24-at-12.22.40.jpeg 256w\" sizes=\"(max-width: 250px) 100vw, 250px\"><\/a><\/figure><\/li><\/ul><\/figure>\n\n\n\n<p>El volumen alcanzado por la Generaci&oacute;n Distribuida en Mendoza es tal, que incluso supera a la generaci&oacute;n que producen los parques solares en la provincia (Parque Solar del PASIP, departamento de San Mart&iacute;n, genera 1.2 MW y el Parque Solar ubicado en el departamento de Santa Rosa, que cuenta con 5 MW).<\/p>\n\n\n\n<figure class=\"wp-block-gallery columns-3 is-cropped\"><ul class=\"blocks-gallery-grid\"><li class=\"blocks-gallery-item\"><figure><a href=\"https:\/\/www.mendoza.gov.ar\/wp-content\/uploads\/sites\/5\/2022\/01\/WhatsApp-Image-2022-01-24-at-10.40.26-250x141.jpeg\"><img loading=\"lazy\" width=\"250\" height=\"141\" src=\"https:\/\/www.mendoza.gov.ar\/wp-content\/uploads\/sites\/5\/2022\/01\/WhatsApp-Image-2022-01-24-at-10.40.26-250x141.jpeg\" alt=\"\" data-id=\"300077\" data-link=\"https:\/\/www.mendoza.gov.ar\/prensa\/?attachment_id=300077\" class=\"wp-image-300077 img-responsive center-block\" srcset=\"https:\/\/www.mendoza.gov.ar\/wp-content\/uploads\/sites\/5\/2022\/01\/WhatsApp-Image-2022-01-24-at-10.40.26-250x141.jpeg 250w, https:\/\/www.mendoza.gov.ar\/wp-content\/uploads\/sites\/5\/2022\/01\/WhatsApp-Image-2022-01-24-at-10.40.26-120x68.jpeg 120w, https:\/\/www.mendoza.gov.ar\/wp-content\/uploads\/sites\/5\/2022\/01\/WhatsApp-Image-2022-01-24-at-10.40.26.jpeg 700w\" sizes=\"(max-width: 250px) 100vw, 250px\"><\/a><\/figure><\/li><li class=\"blocks-gallery-item\"><figure><a href=\"https:\/\/www.mendoza.gov.ar\/wp-content\/uploads\/sites\/5\/2022\/01\/WhatsApp-Image-2022-01-24-at-10.40.25-250x141.jpeg\"><img loading=\"lazy\" width=\"250\" height=\"141\" src=\"https:\/\/www.mendoza.gov.ar\/wp-content\/uploads\/sites\/5\/2022\/01\/WhatsApp-Image-2022-01-24-at-10.40.25-250x141.jpeg\" alt=\"\" data-id=\"300078\" data-link=\"https:\/\/www.mendoza.gov.ar\/prensa\/?attachment_id=300078\" class=\"wp-image-300078 img-responsive center-block\" srcset=\"https:\/\/www.mendoza.gov.ar\/wp-content\/uploads\/sites\/5\/2022\/01\/WhatsApp-Image-2022-01-24-at-10.40.25-250x141.jpeg 250w, https:\/\/www.mendoza.gov.ar\/wp-content\/uploads\/sites\/5\/2022\/01\/WhatsApp-Image-2022-01-24-at-10.40.25-120x68.jpeg 120w, https:\/\/www.mendoza.gov.ar\/wp-content\/uploads\/sites\/5\/2022\/01\/WhatsApp-Image-2022-01-24-at-10.40.25.jpeg 700w\" sizes=\"(max-width: 250px) 100vw, 250px\"><\/a><\/figure><\/li><li class=\"blocks-gallery-item\"><figure><a href=\"https:\/\/www.mendoza.gov.ar\/wp-content\/uploads\/sites\/5\/2022\/01\/WhatsApp-Image-2022-01-24-at-10.39.52.jpeg\"><img loading=\"lazy\" width=\"250\" height=\"141\" src=\"https:\/\/www.mendoza.gov.ar\/wp-content\/uploads\/sites\/5\/2022\/01\/WhatsApp-Image-2022-01-24-at-10.39.52-250x141.jpeg\" alt=\"\" data-id=\"300079\" data-full-url=\"https:\/\/www.mendoza.gov.ar\/wp-content\/uploads\/sites\/5\/2022\/01\/WhatsApp-Image-2022-01-24-at-10.39.52.jpeg\" data-link=\"https:\/\/www.mendoza.gov.ar\/prensa\/?attachment_id=300079\" class=\"wp-image-300079 img-responsive center-block\" srcset=\"https:\/\/www.mendoza.gov.ar\/wp-content\/uploads\/sites\/5\/2022\/01\/WhatsApp-Image-2022-01-24-at-10.39.52-250x141.jpeg 250w, https:\/\/www.mendoza.gov.ar\/wp-content\/uploads\/sites\/5\/2022\/01\/WhatsApp-Image-2022-01-24-at-10.39.52-120x68.jpeg 120w, https:\/\/www.mendoza.gov.ar\/wp-content\/uploads\/sites\/5\/2022\/01\/WhatsApp-Image-2022-01-24-at-10.39.52.jpeg 700w\" sizes=\"(max-width: 250px) 100vw, 250px\"><\/a><\/figure><\/li><\/ul><\/figure>\n<\/body><\/html>\n","protected":false},"excerpt":{"rendered":"La normativa establece las Modalidades, Condiciones T&eacute;cnicas, Comerciales y Legales del R&eacute;gimen de Recursos de Energ&iacute;a Distribuida de Mendoza. Adem&aacute;s incorpora elementos innovadores, tales como la posibilidad de que los Usuarios\/Generadores, en sus diferentes modalidades, puedan ceder su energ&iacute;a generada a otros usuarios; la incorporaci&oacute;n de un Sistema de Medici&oacute;n Avanzado y la integraci&oacute;n de&#8230; <a class=\"view-article\" href=\"https:\/\/www.mendoza.gov.ar\/prensa\/el-epre-puso-en-vigencia-la-reglamentacion-para-quienes-deseen-ingresar-al-regimen-de-recursos-de-energia-distribuida-a-traves-del-uso-de-fuentes-renovables\/\"><\/a>","protected":false},"author":66,"featured_media":300077,"comment_status":"open","ping_status":"open","sticky":false,"template":"","format":"standard","meta":[],"categories":[34],"tags":[],"_links":{"self":[{"href":"https:\/\/www.mendoza.gov.ar\/prensa\/wp-json\/wp\/v2\/posts\/300076"}],"collection":[{"href":"https:\/\/www.mendoza.gov.ar\/prensa\/wp-json\/wp\/v2\/posts"}],"about":[{"href":"https:\/\/www.mendoza.gov.ar\/prensa\/wp-json\/wp\/v2\/types\/post"}],"author":[{"embeddable":true,"href":"https:\/\/www.mendoza.gov.ar\/prensa\/wp-json\/wp\/v2\/users\/66"}],"replies":[{"embeddable":true,"href":"https:\/\/www.mendoza.gov.ar\/prensa\/wp-json\/wp\/v2\/comments?post=300076"}],"version-history":[{"count":2,"href":"https:\/\/www.mendoza.gov.ar\/prensa\/wp-json\/wp\/v2\/posts\/300076\/revisions"}],"predecessor-version":[{"id":300088,"href":"https:\/\/www.mendoza.gov.ar\/prensa\/wp-json\/wp\/v2\/posts\/300076\/revisions\/300088"}],"wp:featuredmedia":[{"embeddable":true,"href":"https:\/\/www.mendoza.gov.ar\/prensa\/wp-json\/wp\/v2\/media\/300077"}],"wp:attachment":[{"href":"https:\/\/www.mendoza.gov.ar\/prensa\/wp-json\/wp\/v2\/media?parent=300076"}],"wp:term":[{"taxonomy":"category","embeddable":true,"href":"https:\/\/www.mendoza.gov.ar\/prensa\/wp-json\/wp\/v2\/categories?post=300076"},{"taxonomy":"post_tag","embeddable":true,"href":"https:\/\/www.mendoza.gov.ar\/prensa\/wp-json\/wp\/v2\/tags?post=300076"}],"curies":[{"name":"wp","href":"https:\/\/api.w.org\/{rel}","templated":true}]}}