{"id":30255,"date":"2015-04-24T15:24:17","date_gmt":"2015-04-24T18:24:17","guid":{"rendered":"http:\/\/prensa.mendoza.gov.ar\/?p=30255"},"modified":"2015-04-24T15:24:17","modified_gmt":"2015-04-24T18:24:17","slug":"ambiente-informa-sobre-las-cenizas-del-volcan-calbuco","status":"publish","type":"post","link":"https:\/\/www.mendoza.gov.ar\/prensa\/ambiente-informa-sobre-las-cenizas-del-volcan-calbuco\/","title":{"rendered":"Ambiente informa sobre las cenizas del volc\u00e1n Calbuco"},"content":{"rendered":"<!DOCTYPE html PUBLIC \"-\/\/W3C\/\/DTD HTML 4.0 Transitional\/\/EN\" \"http:\/\/www.w3.org\/TR\/REC-html40\/loose.dtd\">\n<html><body><p style=\"margin: 0cm;margin-bottom: .0001pt;background: #FEFEFE\"><span style=\"font-family: Arial\">Los&nbsp;representantes de los&nbsp;organismos de la Provincia y del sector cient&iacute;fico&nbsp; involucrados con la gesti&oacute;n de riesgos de desastres se reunieron hoy para&nbsp;evaluar la&nbsp;actividad del volc&aacute;n Calbuco y analizar sus posibles consecuencias.<\/span><\/p>\n<p style=\"margin: 0cm;margin-bottom: .0001pt;background: #FEFEFE\"><span style=\"font-family: Arial\">&nbsp;<\/span><\/p>\n<p style=\"margin: 0cm;margin-bottom: .0001pt;background: #FEFEFE\"><span style=\"font-family: Arial\">El Ministerio de Tierras, Ambientes y Recursos Naturales trabaja en coordinaci&oacute;n con la Direcci&oacute;n de Defensa Civil de la Municipalidad de Malarg&uuml;e y el Centro Internacional de Ciencias de la Tierra, con sede en ese departamento.<\/span><\/p>\n<p style=\"margin: 0cm;margin-bottom: .0001pt;background: #FEFEFE\"><span style=\"font-family: Arial\">&nbsp;<\/span><\/p>\n<p style=\"margin: 0cm;margin-bottom: .0001pt;background: #FEFEFE\"><span style=\"font-family: Arial\">Seg&uacute;n la informaci&oacute;n recabada,&nbsp;las emanaciones de gases y cenizas que produce la erupci&oacute;n&nbsp;tienden&nbsp;a licuarse&nbsp;con el paso de las horas, sin afectar a la poblaci&oacute;n de modo alguno.<\/span><\/p>\n<p style=\"margin: 0cm;margin-bottom: .0001pt;background: #FEFEFE\"><span style=\"font-family: Arial\">&nbsp;<\/span><\/p>\n<p style=\"margin: 0cm;margin-bottom: .0001pt\"><span style=\"font-family: Arial\">&ldquo;Estamos hablando de una dispersi&oacute;n de la nube de cenizas donde hay part&iacute;culas de diferentes tama&ntilde;os, en este caso son muy finitas y adem&aacute;s se encuentran entre los 9 mil a 12 mil metros de altura. Puede que lleguen a Malarg&uuml;e, pero es dif&iacute;cil que precipite porque estamos hablando de una dispersi&oacute;n de la nube donde la granulometr&iacute;a es muy peque&ntilde;a de la ceniza que se encuentra en la atm&oacute;sfera&rdquo;, afirm&oacute; Mart&iacute;n Oro, ingeniero de la Direcci&oacute;n de Protecci&oacute;n Ambiental<\/span><\/p>\n<p style=\"margin: 0cm;margin-bottom: .0001pt\"><span style=\"font-family: Arial\">&nbsp;<\/span><\/p>\n<p style=\"margin: 0cm;margin-bottom: .0001pt\"><span style=\"font-family: Arial\">Adem&aacute;s agreg&oacute;: &ldquo;La afectaci&oacute;n es pr&aacute;cticamente nula, no as&iacute; en los aviones que vuelan a esa altura, <span style=\"background: white\">el sector aeron&aacute;utico es uno de los m&aacute;s afectados por una espesa nube de cenizas que esta ma&ntilde;ana ingres&oacute; a Buenos Aires&rdquo;. <\/span><\/span><\/p>\n<p style=\"margin: 0cm;margin-bottom: .0001pt\"><span style=\"font-family: Arial\">&nbsp;<\/span><\/p>\n<\/body><\/html>\n","protected":false},"excerpt":{"rendered":"Tras el alerta emitido por el gobierno de Chile a partir de la entrada en erupci\u00f3n del volc\u00e1n Calbuco, desde el Ministerio de Tierras, Ambiente y Recursos Naturales se informa que las cenizas que podr\u00edan llegar hasta el departamento de Malarg\u00fce, no revisten gravedad para la poblaci\u00f3n.\n","protected":false},"author":3,"featured_media":0,"comment_status":"open","ping_status":"open","sticky":false,"template":"","format":"standard","meta":[],"categories":[3],"tags":[],"_links":{"self":[{"href":"https:\/\/www.mendoza.gov.ar\/prensa\/wp-json\/wp\/v2\/posts\/30255"}],"collection":[{"href":"https:\/\/www.mendoza.gov.ar\/prensa\/wp-json\/wp\/v2\/posts"}],"about":[{"href":"https:\/\/www.mendoza.gov.ar\/prensa\/wp-json\/wp\/v2\/types\/post"}],"author":[{"embeddable":true,"href":"https:\/\/www.mendoza.gov.ar\/prensa\/wp-json\/wp\/v2\/users\/3"}],"replies":[{"embeddable":true,"href":"https:\/\/www.mendoza.gov.ar\/prensa\/wp-json\/wp\/v2\/comments?post=30255"}],"version-history":[{"count":0,"href":"https:\/\/www.mendoza.gov.ar\/prensa\/wp-json\/wp\/v2\/posts\/30255\/revisions"}],"wp:attachment":[{"href":"https:\/\/www.mendoza.gov.ar\/prensa\/wp-json\/wp\/v2\/media?parent=30255"}],"wp:term":[{"taxonomy":"category","embeddable":true,"href":"https:\/\/www.mendoza.gov.ar\/prensa\/wp-json\/wp\/v2\/categories?post=30255"},{"taxonomy":"post_tag","embeddable":true,"href":"https:\/\/www.mendoza.gov.ar\/prensa\/wp-json\/wp\/v2\/tags?post=30255"}],"curies":[{"name":"wp","href":"https:\/\/api.w.org\/{rel}","templated":true}]}}