{"id":309440,"date":"2022-04-14T08:21:25","date_gmt":"2022-04-14T11:21:25","guid":{"rendered":"https:\/\/www.mendoza.gov.ar\/prensa\/?p=309440"},"modified":"2022-04-14T08:28:41","modified_gmt":"2022-04-14T11:28:41","slug":"ambiente-libero-un-ejemplar-de-condor-andino-en-el-parque-provincial-cordon-del-plata","status":"publish","type":"post","link":"https:\/\/www.mendoza.gov.ar\/prensa\/ambiente-libero-un-ejemplar-de-condor-andino-en-el-parque-provincial-cordon-del-plata\/","title":{"rendered":"Ambiente liber\u00f3 un c\u00f3ndor andino en el Parque Provincial Cord\u00f3n del Plata"},"content":{"rendered":"<!DOCTYPE html PUBLIC \"-\/\/W3C\/\/DTD HTML 4.0 Transitional\/\/EN\" \"http:\/\/www.w3.org\/TR\/REC-html40\/loose.dtd\">\n<html><body><h5>El c&oacute;ndor, al que le dieron el nombre de <em>Tapun Catu,<\/em> volvi&oacute; a surcar los cielos de las cumbres del Parque Provincial Cord&oacute;n del Plata, luego de ser rescatado en la zona de Tupungato y rehabilitado.<\/h5>\n\n\n\n<p>Se trata de un ejemplar macho juvenil de c&oacute;ndor andino (<em>Vultur gryphus<\/em>) de cerca de un a&ntilde;o de edad, con buen estado de &aacute;nimo -aunque evidenciaba gran dificultad en remontar vuelo- que fue encontrado el mes pasado en el departamento de Tupungato y trasladado a Mendoza por la Polic&iacute;a Rural para su diagn&oacute;stico y cuidado.<\/p>\n\n\n\n<p>&ldquo;Este es uno de los momentos m&aacute;s gratificantes del trabajo ambiental: la liberaci&oacute;n y reintroducci&oacute;n de un c&oacute;ndor a su h&aacute;bitat. Sabemos que los desaf&iacute;os de extinci&oacute;n que enfrenta el c&oacute;ndor andino son enormes y es fundamental el trabajo en red. Nuevamente, los organismos p&uacute;blicos dieron muestra de inmediata activaci&oacute;n del protocolo para asegurar una respuesta efectiva y varias organizaciones de la sociedad civil brindaron todo su profesionalismo y trabajo comprometido para que este c&oacute;ndor pronto vuelva ser reintegrado a su h&aacute;bitat&rdquo;, expres&oacute; el secretario de Ambiente de la Provincia, Humberto Mingorance.<\/p>\n\n\n\n<p>Este ejemplar de c&oacute;ndor recibi&oacute; la correspondiente atenci&oacute;n veterinaria por parte de la Fundaci&oacute;n Cullunche. Los an&aacute;lisis iniciales no presentaron complicaciones y sus estructuras &oacute;seas no se mostraron comprometidas. Sin embargo, se pudo observar que una de sus alas presentaba una leve asimetr&iacute;a, posiblemente por el producto de un traumatismo.<em> Tupun Catu<\/em> &ndash;nombre que le dieron en la fundaci&oacute;n&ndash; continu&oacute; en rehabilitaci&oacute;n y resguardo hasta el d&iacute;a de su liberaci&oacute;n.<\/p>\n\n\n\n<p>&ldquo;Esta liberaci&oacute;n que llev&oacute; a cabo la Secretar&iacute;a de Ambiente de Mendoza &ndash;a trav&eacute;s de la Direcci&oacute;n de Recursos Naturales Renovables&ndash; se pudo efectuar no solo gracias al trabajo mancomunado de nuestro organismo y de la Polic&iacute;a Rural sino tambi&eacute;n a las organizaciones que intervinieron en su rescate y rehabilitaci&oacute;n, como Fundaci&oacute;n Cullunche, Ecoparque Buenos Aires, SOS Acci&oacute;n Salvaje y Fundaci&oacute;n Bioandina Argentina. A todas ellas les reitero mi agradecimiento&rdquo;, detall&oacute; el director de Recursos Naturales, Sebasti&aacute;n Melchor.<\/p>\n\n\n\n<p>Cabe aclarar que estos trabajos conjuntos de rescate, rehabilitaci&oacute;n y reinserci&oacute;n a su h&aacute;bitat de la fauna en general &ndash;y del c&oacute;ndor en particular&ndash; forma parte de una gesti&oacute;n sistem&aacute;tica que la Provincia viene sosteniendo desde hace unos a&ntilde;os, incluso colaborando en casos de ejemplares afectados provenientes de provincias vecinas.<\/p>\n\n\n\n<p>Justamente, tambi&eacute;n el mes pasado fue encontrado un ejemplar adulto de c&oacute;ndor andino en Chos Malal &ndash;provincia de Neuqu&eacute;n&ndash; que no pod&iacute;a volar. Inmediatamente, la alerta temprana activ&oacute; una red de rescate que involucr&oacute; a autoridades de Ambiente provinciales y nacionales, instituciones y ONG miembros del Plan Integral para la Conservaci&oacute;n del C&oacute;ndor Andino. Se coordin&oacute; entonces un r&aacute;pido operativo de traslado para su rescate y rehabilitaci&oacute;n en la provincia de Mendoza.<\/p>\n\n\n\n<p>El Departamento de Fauna de la Direcci&oacute;n de Recursos Naturales Renovables recuerda a la ciudadan&iacute;a que el cuidado de la fauna silvestre es responsabilidad de todos y promueve la buena predisposici&oacute;n y compromiso de la comunidad para dar aviso sobre aves silvestres &ndash;u otros ejemplares de la fauna&ndash; que se vean en peligro o mal estado de salud, dando pronto aviso a autoridades ambientales o policiales locales. Tambi&eacute;n a trav&eacute;s del sistema Ticket del sitio <a href=\"http:\/\/www.ambiente.mendoza.gov.ar\" data-type=\"URL\" data-id=\"www.ambiente.mendoza.gov.ar\">www.ambiente.mendoza.gov.ar<\/a>.<\/p>\n\n\n\n<figure class=\"wp-block-gallery columns-3\"><ul class=\"blocks-gallery-grid\"><li class=\"blocks-gallery-item\"><figure><a href=\"https:\/\/www.mendoza.gov.ar\/wp-content\/uploads\/sites\/5\/2022\/04\/IMG_2388.jpg\"><img loading=\"lazy\" width=\"700\" height=\"467\" src=\"https:\/\/www.mendoza.gov.ar\/wp-content\/uploads\/sites\/5\/2022\/04\/IMG_2388-700x467.jpg\" alt=\"\" data-id=\"309442\" data-full-url=\"https:\/\/www.mendoza.gov.ar\/wp-content\/uploads\/sites\/5\/2022\/04\/IMG_2388.jpg\" data-link=\"https:\/\/www.mendoza.gov.ar\/prensa\/?attachment_id=309442\" class=\"wp-image-309442 img-responsive center-block\" srcset=\"https:\/\/www.mendoza.gov.ar\/wp-content\/uploads\/sites\/5\/2022\/04\/IMG_2388-700x467.jpg 700w, https:\/\/www.mendoza.gov.ar\/wp-content\/uploads\/sites\/5\/2022\/04\/IMG_2388-250x167.jpg 250w, https:\/\/www.mendoza.gov.ar\/wp-content\/uploads\/sites\/5\/2022\/04\/IMG_2388-768x512.jpg 768w, https:\/\/www.mendoza.gov.ar\/wp-content\/uploads\/sites\/5\/2022\/04\/IMG_2388-1536x1024.jpg 1536w, https:\/\/www.mendoza.gov.ar\/wp-content\/uploads\/sites\/5\/2022\/04\/IMG_2388-2048x1365.jpg 2048w, https:\/\/www.mendoza.gov.ar\/wp-content\/uploads\/sites\/5\/2022\/04\/IMG_2388-120x80.jpg 120w\" sizes=\"(max-width: 700px) 100vw, 700px\"><\/a><\/figure><\/li><li class=\"blocks-gallery-item\"><figure><a href=\"https:\/\/www.mendoza.gov.ar\/wp-content\/uploads\/sites\/5\/2022\/04\/IMG_2453.jpg\"><img loading=\"lazy\" width=\"700\" height=\"467\" src=\"https:\/\/www.mendoza.gov.ar\/wp-content\/uploads\/sites\/5\/2022\/04\/IMG_2453-700x467.jpg\" alt=\"\" data-id=\"309443\" data-full-url=\"https:\/\/www.mendoza.gov.ar\/wp-content\/uploads\/sites\/5\/2022\/04\/IMG_2453.jpg\" data-link=\"https:\/\/www.mendoza.gov.ar\/prensa\/?attachment_id=309443\" class=\"wp-image-309443 img-responsive center-block\" srcset=\"https:\/\/www.mendoza.gov.ar\/wp-content\/uploads\/sites\/5\/2022\/04\/IMG_2453-700x467.jpg 700w, https:\/\/www.mendoza.gov.ar\/wp-content\/uploads\/sites\/5\/2022\/04\/IMG_2453-250x167.jpg 250w, https:\/\/www.mendoza.gov.ar\/wp-content\/uploads\/sites\/5\/2022\/04\/IMG_2453-768x512.jpg 768w, https:\/\/www.mendoza.gov.ar\/wp-content\/uploads\/sites\/5\/2022\/04\/IMG_2453-1536x1024.jpg 1536w, https:\/\/www.mendoza.gov.ar\/wp-content\/uploads\/sites\/5\/2022\/04\/IMG_2453-2048x1365.jpg 2048w, https:\/\/www.mendoza.gov.ar\/wp-content\/uploads\/sites\/5\/2022\/04\/IMG_2453-120x80.jpg 120w\" sizes=\"(max-width: 700px) 100vw, 700px\"><\/a><\/figure><\/li><li class=\"blocks-gallery-item\"><figure><a href=\"https:\/\/www.mendoza.gov.ar\/wp-content\/uploads\/sites\/5\/2022\/04\/IMG_2484.jpg\"><img loading=\"lazy\" width=\"700\" height=\"467\" src=\"https:\/\/www.mendoza.gov.ar\/wp-content\/uploads\/sites\/5\/2022\/04\/IMG_2484-700x467.jpg\" alt=\"\" data-id=\"309444\" data-full-url=\"https:\/\/www.mendoza.gov.ar\/wp-content\/uploads\/sites\/5\/2022\/04\/IMG_2484.jpg\" data-link=\"https:\/\/www.mendoza.gov.ar\/prensa\/?attachment_id=309444\" class=\"wp-image-309444 img-responsive center-block\" srcset=\"https:\/\/www.mendoza.gov.ar\/wp-content\/uploads\/sites\/5\/2022\/04\/IMG_2484-700x467.jpg 700w, https:\/\/www.mendoza.gov.ar\/wp-content\/uploads\/sites\/5\/2022\/04\/IMG_2484-250x167.jpg 250w, https:\/\/www.mendoza.gov.ar\/wp-content\/uploads\/sites\/5\/2022\/04\/IMG_2484-768x512.jpg 768w, https:\/\/www.mendoza.gov.ar\/wp-content\/uploads\/sites\/5\/2022\/04\/IMG_2484-1536x1024.jpg 1536w, https:\/\/www.mendoza.gov.ar\/wp-content\/uploads\/sites\/5\/2022\/04\/IMG_2484-2048x1365.jpg 2048w, https:\/\/www.mendoza.gov.ar\/wp-content\/uploads\/sites\/5\/2022\/04\/IMG_2484-120x80.jpg 120w\" sizes=\"(max-width: 700px) 100vw, 700px\"><\/a><\/figure><\/li><li class=\"blocks-gallery-item\"><figure><a href=\"https:\/\/www.mendoza.gov.ar\/wp-content\/uploads\/sites\/5\/2022\/04\/IMG_2326.jpg\"><img loading=\"lazy\" width=\"700\" height=\"467\" src=\"https:\/\/www.mendoza.gov.ar\/wp-content\/uploads\/sites\/5\/2022\/04\/IMG_2326-700x467.jpg\" alt=\"\" data-id=\"309445\" data-full-url=\"https:\/\/www.mendoza.gov.ar\/wp-content\/uploads\/sites\/5\/2022\/04\/IMG_2326.jpg\" data-link=\"https:\/\/www.mendoza.gov.ar\/prensa\/?attachment_id=309445\" class=\"wp-image-309445 img-responsive center-block\" srcset=\"https:\/\/www.mendoza.gov.ar\/wp-content\/uploads\/sites\/5\/2022\/04\/IMG_2326-700x467.jpg 700w, https:\/\/www.mendoza.gov.ar\/wp-content\/uploads\/sites\/5\/2022\/04\/IMG_2326-250x167.jpg 250w, https:\/\/www.mendoza.gov.ar\/wp-content\/uploads\/sites\/5\/2022\/04\/IMG_2326-768x512.jpg 768w, https:\/\/www.mendoza.gov.ar\/wp-content\/uploads\/sites\/5\/2022\/04\/IMG_2326-1536x1024.jpg 1536w, https:\/\/www.mendoza.gov.ar\/wp-content\/uploads\/sites\/5\/2022\/04\/IMG_2326-2048x1365.jpg 2048w, https:\/\/www.mendoza.gov.ar\/wp-content\/uploads\/sites\/5\/2022\/04\/IMG_2326-120x80.jpg 120w\" sizes=\"(max-width: 700px) 100vw, 700px\"><\/a><\/figure><\/li><li class=\"blocks-gallery-item\"><figure><a href=\"https:\/\/www.mendoza.gov.ar\/wp-content\/uploads\/sites\/5\/2022\/04\/IMG_2330.jpg\"><img loading=\"lazy\" width=\"700\" height=\"467\" src=\"https:\/\/www.mendoza.gov.ar\/wp-content\/uploads\/sites\/5\/2022\/04\/IMG_2330-700x467.jpg\" alt=\"\" data-id=\"309446\" data-full-url=\"https:\/\/www.mendoza.gov.ar\/wp-content\/uploads\/sites\/5\/2022\/04\/IMG_2330.jpg\" data-link=\"https:\/\/www.mendoza.gov.ar\/prensa\/?attachment_id=309446\" class=\"wp-image-309446 img-responsive center-block\" srcset=\"https:\/\/www.mendoza.gov.ar\/wp-content\/uploads\/sites\/5\/2022\/04\/IMG_2330-700x467.jpg 700w, https:\/\/www.mendoza.gov.ar\/wp-content\/uploads\/sites\/5\/2022\/04\/IMG_2330-250x167.jpg 250w, https:\/\/www.mendoza.gov.ar\/wp-content\/uploads\/sites\/5\/2022\/04\/IMG_2330-768x512.jpg 768w, https:\/\/www.mendoza.gov.ar\/wp-content\/uploads\/sites\/5\/2022\/04\/IMG_2330-1536x1024.jpg 1536w, https:\/\/www.mendoza.gov.ar\/wp-content\/uploads\/sites\/5\/2022\/04\/IMG_2330-2048x1365.jpg 2048w, https:\/\/www.mendoza.gov.ar\/wp-content\/uploads\/sites\/5\/2022\/04\/IMG_2330-120x80.jpg 120w\" sizes=\"(max-width: 700px) 100vw, 700px\"><\/a><\/figure><\/li><\/ul><\/figure>\n<\/body><\/html>\n","protected":false},"excerpt":{"rendered":"El c&oacute;ndor, al que le dieron el nombre de Tapun Catu, volvi&oacute; a surcar los cielos de las cumbres del Parque Provincial Cord&oacute;n del Plata, luego de ser rescatado en la zona de Tupungato y rehabilitado. Se trata de un ejemplar macho juvenil de c&oacute;ndor andino (Vultur gryphus) de cerca de un a&ntilde;o de edad,&#8230; <a class=\"view-article\" href=\"https:\/\/www.mendoza.gov.ar\/prensa\/ambiente-libero-un-ejemplar-de-condor-andino-en-el-parque-provincial-cordon-del-plata\/\"><\/a>","protected":false},"author":68,"featured_media":309445,"comment_status":"open","ping_status":"open","sticky":false,"template":"","format":"standard","meta":[],"categories":[1],"tags":[],"_links":{"self":[{"href":"https:\/\/www.mendoza.gov.ar\/prensa\/wp-json\/wp\/v2\/posts\/309440"}],"collection":[{"href":"https:\/\/www.mendoza.gov.ar\/prensa\/wp-json\/wp\/v2\/posts"}],"about":[{"href":"https:\/\/www.mendoza.gov.ar\/prensa\/wp-json\/wp\/v2\/types\/post"}],"author":[{"embeddable":true,"href":"https:\/\/www.mendoza.gov.ar\/prensa\/wp-json\/wp\/v2\/users\/68"}],"replies":[{"embeddable":true,"href":"https:\/\/www.mendoza.gov.ar\/prensa\/wp-json\/wp\/v2\/comments?post=309440"}],"version-history":[{"count":2,"href":"https:\/\/www.mendoza.gov.ar\/prensa\/wp-json\/wp\/v2\/posts\/309440\/revisions"}],"predecessor-version":[{"id":309450,"href":"https:\/\/www.mendoza.gov.ar\/prensa\/wp-json\/wp\/v2\/posts\/309440\/revisions\/309450"}],"wp:featuredmedia":[{"embeddable":true,"href":"https:\/\/www.mendoza.gov.ar\/prensa\/wp-json\/wp\/v2\/media\/309445"}],"wp:attachment":[{"href":"https:\/\/www.mendoza.gov.ar\/prensa\/wp-json\/wp\/v2\/media?parent=309440"}],"wp:term":[{"taxonomy":"category","embeddable":true,"href":"https:\/\/www.mendoza.gov.ar\/prensa\/wp-json\/wp\/v2\/categories?post=309440"},{"taxonomy":"post_tag","embeddable":true,"href":"https:\/\/www.mendoza.gov.ar\/prensa\/wp-json\/wp\/v2\/tags?post=309440"}],"curies":[{"name":"wp","href":"https:\/\/api.w.org\/{rel}","templated":true}]}}