{"id":30949,"date":"2015-05-04T13:49:29","date_gmt":"2015-05-04T16:49:29","guid":{"rendered":"http:\/\/prensa.mendoza.gov.ar\/?p=30949"},"modified":"2015-05-04T13:49:29","modified_gmt":"2015-05-04T16:49:29","slug":"festival-aereo-para-festejar-que-mendoza-tendra-una-fabrica-de-aviones","status":"publish","type":"post","link":"https:\/\/www.mendoza.gov.ar\/prensa\/festival-aereo-para-festejar-que-mendoza-tendra-una-fabrica-de-aviones\/","title":{"rendered":"Festival a\u00e9reo para festejar la apertura de una f\u00e1brica de aviones en Rivadavia"},"content":{"rendered":"<!DOCTYPE html PUBLIC \"-\/\/W3C\/\/DTD HTML 4.0 Transitional\/\/EN\" \"http:\/\/www.w3.org\/TR\/REC-html40\/loose.dtd\">\n<html><body><p>Luego de varias negociaciones la provincia de Mendoza tendr&aacute; una f&aacute;brica de aviones en el departamento de Rivadavia que ser&aacute; inaugurada el fin de semana del 9 de mayo en concordancia y como parte del festival de aeromodelismo &ldquo;Mendoza Vuela&rdquo;.<\/p>\n<p>La instalaci&oacute;n de la f&aacute;brica en nuestra provincia surge&nbsp; luego de que la firma AEROTEC S.A. de Mendoza formaliz&oacute; un acuerdo para la producci&oacute;n con transferencia tecnol&oacute;gica e integraci&oacute;n de componentes nacionales, con la empresa TECNAM de Italia.<\/p>\n<p>Durante la ceremonia oficial, se pondr&aacute;n en funcionamiento los nuevos hangares de la firma AEROTEC S.A., destinados a albergar la l&iacute;nea de montaje, cabina de pintura, ensamblado, bancos de prueba de motores, pa&ntilde;oles de repuestos y servicios t&eacute;cnicos, incorporando para esta tarea nueva mano de obra t&eacute;cnica y especializada.<\/p>\n<p>Participar&aacute; del acto, que se llevar&aacute; a cabo el viernes por la ma&ntilde;ana en Rivadavia en la Planta de la nueva f&aacute;brica, el gobernador de Mendoza Francisco P&eacute;rez; autoridades de la Administraci&oacute;n Nacional de Aviaci&oacute;n Civil; el intendente de Rivadavia, Carlos Mansur; el secretario de Transporte de la Naci&oacute;n, Alejandro Ramos; el Sub secretario de Transporte aerocomercial, autoridades superiores de la Fuerza A&eacute;rea Argentina, altos funcionarios Nacionales, Provinciales y Municipales, as&iacute; como tambi&eacute;n los directivos de la empresa italiana y los principales referentes de la industria aeron&aacute;utica argentina.<\/p>\n<p>Tecnam fue fundada en el a&ntilde;o 1948 y que se constituye en una de las f&aacute;bricas de aviones de mayor presencia en el mercado internacional en el segmento de aeronaves monomotor y bimotor, para instrucci&oacute;n, transporte y recreaci&oacute;n.<\/p>\n<p><strong>Mendoza Vuela<\/strong><\/p>\n<p>Ser&aacute; los d&iacute;as 9 y 10 de mayo, a partir de las 10 en el Aer&oacute;dromo Aerotec Argentina S.A, en Rivadavia. El evento es organizado por la Administraci&oacute;n Nacional de Aviaci&oacute;n Civil (ANAC), con el apoyo del Gobierno de la Provincia y de la Municipalidad de Rivadavia.<\/p>\n<p>Este festival a&eacute;reo es para disfrutar en familia, en el que m&aacute;s de 150 aeronaves surcar&aacute;n el cielo mendocino. En el predio se podr&aacute; disfrutar de espect&aacute;culos culturales y&nbsp; musicales, actividades para ni&ntilde;os y concursos.<\/p>\n<p>Tambi&eacute;n habr&aacute; una importante oferta gastron&oacute;mica y la presencia en la plataforma de stands institucionales y de empresas locales. El dinero recaudado con el valor de la entrada ser&aacute; destinado a Fundavita.<\/p>\n<p>Para mayor informaci&oacute;n sobre el evento, ingresar a: <a href=\"https:\/\/www.mendozavuela.com.ar\/\">www.mendozavuela.com.ar<\/a><\/p>\n<p><strong>Propuesta que concita el inter&eacute;s de miles de personas<\/strong><\/p>\n<p>Sea como visitantes de paso, asistentes al evento, o turistas con pernocte en la Provincia, el festival a&eacute;reo &ldquo;Mendoza Vuela 2015&rdquo; atraer&aacute; a m&aacute;s de 60.000 personas, quienes invertir&aacute;n parte de su gasto en consumo de productos t&iacute;picos y emplear&aacute;n servicios de distintos prestadores para el alojamiento temporal, paseos por bodegas, excursiones, y otros.<\/p>\n<p>En este sentido y como parte de las herramientas virtuales a su alcance, mendocinos, turistas del pa&iacute;s y el mundo, ya pueden utilizar la plataforma SITIC (Sistema de Informaci&oacute;n Tur&iacute;stica Integrada de Calidad), que les posibilita conocer la oferta de opciones para disfrutar el pr&oacute;ximo fin de semana y subsiguientes, con la referencia de cada una de las experiencias que se invita a conocer en primera persona.<\/p>\n<p>As&iacute;, el pr&oacute;ximo fin de semana se constituir&aacute; en otro per&iacute;odo de notable presencia de turistas en la Provincia, tras haber atravesado con &eacute;xito el receso largo por el D&iacute;a del Trabajador, jornadas que conllevaron la visita de m&aacute;s de 23 mil personas, provenientes de Buenos Aires, Santa Fe y C&oacute;rdoba, mayormente, como as&iacute; tambi&eacute;n desde Chile, entre los visitantes extranjeros.<\/p>\n<\/body><\/html>\n","protected":false},"excerpt":{"rendered":"El Gobierno de Mendoza acompa\u00f1ar\u00e1 la inauguraci\u00f3n de la nueva f\u00e1brica de aviones que AEROTEC abre en Rivadavia luego de firmar un acuerdo para la producci\u00f3n y transferencia tecnol\u00f3gica con TECNAM de Italia. Ser\u00e1 este fin de semana y los festejos incluyen el Festival Aeron\u00e1utico \u201cMendoza Vuela\u201d.","protected":false},"author":3,"featured_media":0,"comment_status":"open","ping_status":"open","sticky":false,"template":"","format":"standard","meta":[],"categories":[19],"tags":[],"_links":{"self":[{"href":"https:\/\/www.mendoza.gov.ar\/prensa\/wp-json\/wp\/v2\/posts\/30949"}],"collection":[{"href":"https:\/\/www.mendoza.gov.ar\/prensa\/wp-json\/wp\/v2\/posts"}],"about":[{"href":"https:\/\/www.mendoza.gov.ar\/prensa\/wp-json\/wp\/v2\/types\/post"}],"author":[{"embeddable":true,"href":"https:\/\/www.mendoza.gov.ar\/prensa\/wp-json\/wp\/v2\/users\/3"}],"replies":[{"embeddable":true,"href":"https:\/\/www.mendoza.gov.ar\/prensa\/wp-json\/wp\/v2\/comments?post=30949"}],"version-history":[{"count":0,"href":"https:\/\/www.mendoza.gov.ar\/prensa\/wp-json\/wp\/v2\/posts\/30949\/revisions"}],"wp:attachment":[{"href":"https:\/\/www.mendoza.gov.ar\/prensa\/wp-json\/wp\/v2\/media?parent=30949"}],"wp:term":[{"taxonomy":"category","embeddable":true,"href":"https:\/\/www.mendoza.gov.ar\/prensa\/wp-json\/wp\/v2\/categories?post=30949"},{"taxonomy":"post_tag","embeddable":true,"href":"https:\/\/www.mendoza.gov.ar\/prensa\/wp-json\/wp\/v2\/tags?post=30949"}],"curies":[{"name":"wp","href":"https:\/\/api.w.org\/{rel}","templated":true}]}}