{"id":312494,"date":"2022-05-11T18:32:51","date_gmt":"2022-05-11T21:32:51","guid":{"rendered":"https:\/\/www.mendoza.gov.ar\/prensa\/?p=312494"},"modified":"2022-05-11T22:13:37","modified_gmt":"2022-05-12T01:13:37","slug":"institutos-de-educacion-superior-continuan-las-capacitaciones-sobre-genero","status":"publish","type":"post","link":"https:\/\/www.mendoza.gov.ar\/prensa\/institutos-de-educacion-superior-continuan-las-capacitaciones-sobre-genero\/","title":{"rendered":"Institutos de Educaci\u00f3n Superior: contin\u00faan las capacitaciones sobre g\u00e9nero"},"content":{"rendered":"<!DOCTYPE html PUBLIC \"-\/\/W3C\/\/DTD HTML 4.0 Transitional\/\/EN\" \"http:\/\/www.w3.org\/TR\/REC-html40\/loose.dtd\">\n<html><body><h5>Se trata de cursos formativos para abordar y resolver denuncias de violencia sexista y acompa&ntilde;ar los procesos de asistencia y protecci&oacute;n de v&iacute;ctimas.<\/h5>\n\n\n\n<p>La Consejer&iacute;a de G&eacute;nero de la Coordinaci&oacute;n General de Educaci&oacute;n Superior (CGES) de la Direcci&oacute;n General de Escuelas (DGE) contin&uacute;a con el ciclo de capacitaciones, conversatorios y jornadas para prevenir, sancionar y erradicar la violencia contra las mujeres y personas LGTTTBIQ+, en todas sus manifestaciones, en el &aacute;mbito de los institutos de Educaci&oacute;n Superior.<\/p>\n\n\n\n<p>Con este objetivo, en estos encuentros se trabaja sobre las problem&aacute;ticas transversales a la formaci&oacute;n docente y t&eacute;cnica a trav&eacute;s de diversas experiencias de sensibilizaci&oacute;n.<\/p>\n\n\n\n<p>Las actividades comenzaron en marzo en el <a href=\"https:\/\/profesoradodearte.edu.ar\/\">IPA 9-014<\/a> de San Rafael y en el Instituto <a href=\"http:\/\/www.fchopinartes.com\/web\/\">Frederic Chopin<\/a>. Siguieron en abril en el <a href=\"http:\/\/ies9-019.edu.ar\/\">IES 9-019 InSuTec<\/a> y en el <a href=\"https:\/\/ies9009-infd.mendoza.edu.ar\/sitio\/\">IES 9-009 Tupungato<\/a>. Continuar&aacute;n en Maip&uacute; y San Rafael durante mayo, y en junio llegar&aacute;n a La Paz, Luj&aacute;n y Las Heras.<\/p>\n\n\n\n<p>&ldquo;Se trata de capacitar a docentes, no docentes y estudiantes en la <a href=\"http:\/\/servicios.infoleg.gob.ar\/infolegInternet\/anexos\/150000-154999\/152155\/norma.htm\">ley de protecci&oacute;n integral para prevenir, sancionar y erradicar la violencia contra las mujeres<\/a>, y en la aplicaci&oacute;n del <a href=\"https:\/\/www.mendoza.edu.ar\/wp-content\/uploads\/2020\/03\/protocolo_intervenci%C3%B3n_VG.pdf\">protocolo de intervenci&oacute;n en situaciones de violencia de g&eacute;nero de la CGES<\/a>&rdquo;, explic&oacute; la referente del &Aacute;rea de G&eacute;nero de la CGES, Mar&iacute;a Rosa Cambria.<\/p>\n\n\n\n<p>Cambria agreg&oacute;: &ldquo;Charlamos sobre los tipos de violencia que existen y &aacute;mbitos en los que se presentan, realizamos din&aacute;micas de sensibilizaci&oacute;n con los asistentes y finalmente trabajamos en un conversatorio respecto de la aplicaci&oacute;n del protocolo de actuaci&oacute;n en el Nivel Superior frente a casos de violencia sexista, analizando diversos casos y buenas pr&aacute;cticas al tomar denuncias en las instituciones&rdquo;.<\/p>\n\n\n\n<p>El cronograma sigue abierto para las instituciones que deseen recibir al equipo de g&eacute;nero. Las capacitaciones son itinerantes y llegar&aacute;n a toda la provincia, acercando recursos y herramientas de formaci&oacute;n en detecci&oacute;n, abordaje y resoluci&oacute;n de situaciones de violencia sexista que puedan presentarse en el &aacute;mbito educativo del Nivel Superior.<\/p>\n\n\n\n<p>El 80% del estudiantado de Nivel Superior est&aacute; constituido por mujeres adultas, por lo cual resulta fundamental seguir formando y fortaleciendo la gesti&oacute;n de los institutos para prevenir, erradicar, reparar las violencias por motivos de g&eacute;nero y asistir integralmente a las personas en esa situaci&oacute;n.<\/p>\n\n\n\n<p><strong>V&iacute;as de contacto para recibir asistencia inmediata<\/strong><\/p>\n\n\n\n<p>Si sos v&iacute;ctima o conoc&eacute;s a alguien que sufra violencia de g&eacute;nero y necesit&aacute;s ayuda, llam&aacute; al 144 las 24 horas, los 365 d&iacute;as del a&ntilde;o, desde cualquier parte del pa&iacute;s o comun&iacute;cate por correo electr&oacute;nico a <a href=\"http:\/\/genero_cges@mendoza.edu.ar.\">genero_cges@mendoza.edu.ar.<\/a><\/p>\n\n\n\n<figure class=\"wp-block-gallery columns-3\"><ul class=\"blocks-gallery-grid\"><li class=\"blocks-gallery-item\"><figure><a href=\"https:\/\/www.mendoza.gov.ar\/wp-content\/uploads\/sites\/5\/2022\/05\/Consejeria-de-Genero-de-la-Coordinacion-General-de-Educacion-Superior-Mendoza-CGES-_-700x525.jpg\"><img loading=\"lazy\" width=\"700\" height=\"525\" src=\"https:\/\/www.mendoza.gov.ar\/wp-content\/uploads\/sites\/5\/2022\/05\/Consejeria-de-Genero-de-la-Coordinacion-General-de-Educacion-Superior-Mendoza-CGES-_-700x525.jpg\" alt=\"\" data-id=\"312496\" data-link=\"https:\/\/www.mendoza.gov.ar\/prensa\/?attachment_id=312496\" class=\"wp-image-312496 img-responsive center-block\" srcset=\"https:\/\/www.mendoza.gov.ar\/wp-content\/uploads\/sites\/5\/2022\/05\/Consejeria-de-Genero-de-la-Coordinacion-General-de-Educacion-Superior-Mendoza-CGES-_-700x525.jpg 700w, https:\/\/www.mendoza.gov.ar\/wp-content\/uploads\/sites\/5\/2022\/05\/Consejeria-de-Genero-de-la-Coordinacion-General-de-Educacion-Superior-Mendoza-CGES-_-250x188.jpg 250w, https:\/\/www.mendoza.gov.ar\/wp-content\/uploads\/sites\/5\/2022\/05\/Consejeria-de-Genero-de-la-Coordinacion-General-de-Educacion-Superior-Mendoza-CGES-_-120x90.jpg 120w, https:\/\/www.mendoza.gov.ar\/wp-content\/uploads\/sites\/5\/2022\/05\/Consejeria-de-Genero-de-la-Coordinacion-General-de-Educacion-Superior-Mendoza-CGES-_.jpg 720w\" sizes=\"(max-width: 700px) 100vw, 700px\"><\/a><\/figure><\/li><li class=\"blocks-gallery-item\"><figure><a href=\"https:\/\/www.mendoza.gov.ar\/wp-content\/uploads\/sites\/5\/2022\/05\/Consejeria-de-Genero-de-la-Coordinacion-General-de-Educacion-Superior-Mendoza-CGES-__-700x323.jpg\"><img loading=\"lazy\" width=\"700\" height=\"323\" src=\"https:\/\/www.mendoza.gov.ar\/wp-content\/uploads\/sites\/5\/2022\/05\/Consejeria-de-Genero-de-la-Coordinacion-General-de-Educacion-Superior-Mendoza-CGES-__-700x323.jpg\" alt=\"\" data-id=\"312497\" data-link=\"https:\/\/www.mendoza.gov.ar\/prensa\/?attachment_id=312497\" class=\"wp-image-312497 img-responsive center-block\" srcset=\"https:\/\/www.mendoza.gov.ar\/wp-content\/uploads\/sites\/5\/2022\/05\/Consejeria-de-Genero-de-la-Coordinacion-General-de-Educacion-Superior-Mendoza-CGES-__-700x323.jpg 700w, https:\/\/www.mendoza.gov.ar\/wp-content\/uploads\/sites\/5\/2022\/05\/Consejeria-de-Genero-de-la-Coordinacion-General-de-Educacion-Superior-Mendoza-CGES-__-250x115.jpg 250w, https:\/\/www.mendoza.gov.ar\/wp-content\/uploads\/sites\/5\/2022\/05\/Consejeria-de-Genero-de-la-Coordinacion-General-de-Educacion-Superior-Mendoza-CGES-__-768x354.jpg 768w, https:\/\/www.mendoza.gov.ar\/wp-content\/uploads\/sites\/5\/2022\/05\/Consejeria-de-Genero-de-la-Coordinacion-General-de-Educacion-Superior-Mendoza-CGES-__-120x55.jpg 120w, https:\/\/www.mendoza.gov.ar\/wp-content\/uploads\/sites\/5\/2022\/05\/Consejeria-de-Genero-de-la-Coordinacion-General-de-Educacion-Superior-Mendoza-CGES-__.jpg 1280w\" sizes=\"(max-width: 700px) 100vw, 700px\"><\/a><\/figure><\/li><li class=\"blocks-gallery-item\"><figure><a href=\"https:\/\/www.mendoza.gov.ar\/wp-content\/uploads\/sites\/5\/2022\/05\/Consejeria-de-Genero-de-la-Coordinacion-General-de-Educacion-Superior-Mendoza-CGES-___-700x394.jpg\"><img loading=\"lazy\" width=\"700\" height=\"394\" src=\"https:\/\/www.mendoza.gov.ar\/wp-content\/uploads\/sites\/5\/2022\/05\/Consejeria-de-Genero-de-la-Coordinacion-General-de-Educacion-Superior-Mendoza-CGES-___-700x394.jpg\" alt=\"\" data-id=\"312498\" data-link=\"https:\/\/www.mendoza.gov.ar\/prensa\/?attachment_id=312498\" class=\"wp-image-312498 img-responsive center-block\" srcset=\"https:\/\/www.mendoza.gov.ar\/wp-content\/uploads\/sites\/5\/2022\/05\/Consejeria-de-Genero-de-la-Coordinacion-General-de-Educacion-Superior-Mendoza-CGES-___-700x394.jpg 700w, https:\/\/www.mendoza.gov.ar\/wp-content\/uploads\/sites\/5\/2022\/05\/Consejeria-de-Genero-de-la-Coordinacion-General-de-Educacion-Superior-Mendoza-CGES-___-250x141.jpg 250w, https:\/\/www.mendoza.gov.ar\/wp-content\/uploads\/sites\/5\/2022\/05\/Consejeria-de-Genero-de-la-Coordinacion-General-de-Educacion-Superior-Mendoza-CGES-___-768x432.jpg 768w, https:\/\/www.mendoza.gov.ar\/wp-content\/uploads\/sites\/5\/2022\/05\/Consejeria-de-Genero-de-la-Coordinacion-General-de-Educacion-Superior-Mendoza-CGES-___-1536x864.jpg 1536w, https:\/\/www.mendoza.gov.ar\/wp-content\/uploads\/sites\/5\/2022\/05\/Consejeria-de-Genero-de-la-Coordinacion-General-de-Educacion-Superior-Mendoza-CGES-___-120x68.jpg 120w, https:\/\/www.mendoza.gov.ar\/wp-content\/uploads\/sites\/5\/2022\/05\/Consejeria-de-Genero-de-la-Coordinacion-General-de-Educacion-Superior-Mendoza-CGES-___.jpg 1600w\" sizes=\"(max-width: 700px) 100vw, 700px\"><\/a><\/figure><\/li><li class=\"blocks-gallery-item\"><figure><a href=\"https:\/\/www.mendoza.gov.ar\/wp-content\/uploads\/sites\/5\/2022\/05\/Consejeria-de-Genero-de-la-Coordinacion-General-de-Educacion-Superior-Mendoza-CGES.jpg\"><img src=\"https:\/\/www.mendoza.gov.ar\/wp-content\/uploads\/sites\/5\/2022\/05\/Consejeria-de-Genero-de-la-Coordinacion-General-de-Educacion-Superior-Mendoza-CGES-700x394.jpg\" alt=\"\" data-id=\"312499\" data-full-url=\"https:\/\/www.mendoza.gov.ar\/wp-content\/uploads\/sites\/5\/2022\/05\/Consejeria-de-Genero-de-la-Coordinacion-General-de-Educacion-Superior-Mendoza-CGES.jpg\" data-link=\"https:\/\/www.mendoza.gov.ar\/prensa\/?attachment_id=312499\" class=\"wp-image-312499 img-responsive center-block\"><\/a><\/figure><\/li><\/ul><\/figure>\n<\/body><\/html>\n","protected":false},"excerpt":{"rendered":"Se trata de cursos formativos para abordar y resolver denuncias de violencia sexista y acompa&ntilde;ar los procesos de asistencia y protecci&oacute;n de v&iacute;ctimas. La Consejer&iacute;a de G&eacute;nero de la Coordinaci&oacute;n General de Educaci&oacute;n Superior (CGES) de la Direcci&oacute;n General de Escuelas (DGE) contin&uacute;a con el ciclo de capacitaciones, conversatorios y jornadas para prevenir, sancionar y&#8230; <a class=\"view-article\" href=\"https:\/\/www.mendoza.gov.ar\/prensa\/institutos-de-educacion-superior-continuan-las-capacitaciones-sobre-genero\/\"><\/a>","protected":false},"author":63,"featured_media":312499,"comment_status":"open","ping_status":"open","sticky":false,"template":"","format":"standard","meta":[],"categories":[12],"tags":[],"_links":{"self":[{"href":"https:\/\/www.mendoza.gov.ar\/prensa\/wp-json\/wp\/v2\/posts\/312494"}],"collection":[{"href":"https:\/\/www.mendoza.gov.ar\/prensa\/wp-json\/wp\/v2\/posts"}],"about":[{"href":"https:\/\/www.mendoza.gov.ar\/prensa\/wp-json\/wp\/v2\/types\/post"}],"author":[{"embeddable":true,"href":"https:\/\/www.mendoza.gov.ar\/prensa\/wp-json\/wp\/v2\/users\/63"}],"replies":[{"embeddable":true,"href":"https:\/\/www.mendoza.gov.ar\/prensa\/wp-json\/wp\/v2\/comments?post=312494"}],"version-history":[{"count":4,"href":"https:\/\/www.mendoza.gov.ar\/prensa\/wp-json\/wp\/v2\/posts\/312494\/revisions"}],"predecessor-version":[{"id":312543,"href":"https:\/\/www.mendoza.gov.ar\/prensa\/wp-json\/wp\/v2\/posts\/312494\/revisions\/312543"}],"wp:featuredmedia":[{"embeddable":true,"href":"https:\/\/www.mendoza.gov.ar\/prensa\/wp-json\/wp\/v2\/media\/312499"}],"wp:attachment":[{"href":"https:\/\/www.mendoza.gov.ar\/prensa\/wp-json\/wp\/v2\/media?parent=312494"}],"wp:term":[{"taxonomy":"category","embeddable":true,"href":"https:\/\/www.mendoza.gov.ar\/prensa\/wp-json\/wp\/v2\/categories?post=312494"},{"taxonomy":"post_tag","embeddable":true,"href":"https:\/\/www.mendoza.gov.ar\/prensa\/wp-json\/wp\/v2\/tags?post=312494"}],"curies":[{"name":"wp","href":"https:\/\/api.w.org\/{rel}","templated":true}]}}