{"id":312705,"date":"2022-05-12T18:42:01","date_gmt":"2022-05-12T21:42:01","guid":{"rendered":"https:\/\/www.mendoza.gov.ar\/prensa\/?p=312705"},"modified":"2022-05-13T07:18:28","modified_gmt":"2022-05-13T10:18:28","slug":"salud-celebro-el-dia-de-la-enfermeria","status":"publish","type":"post","link":"https:\/\/www.mendoza.gov.ar\/prensa\/salud-celebro-el-dia-de-la-enfermeria\/","title":{"rendered":"Salud celebr\u00f3 el D\u00eda de la Enfermer\u00eda"},"content":{"rendered":"<!DOCTYPE html PUBLIC \"-\/\/W3C\/\/DTD HTML 4.0 Transitional\/\/EN\" \"http:\/\/www.w3.org\/TR\/REC-html40\/loose.dtd\">\n<html><body><h5>Autoridades del Ministerio de Salud, Desarrollo Social y Deportes reconocieron el papel fundamental de los enfermeros en la atenci&oacute;n y prevenci&oacute;n de la salud de las personas.<\/h5>\n\n\n\n<p>El Ministerio de Salud, Desarrollo Social y Deportes hizo llegar su reconocimiento a los enfermeros que se desempe&ntilde;an en los centros asistenciales de la provincial y que hoy, 12 de mayo, celebran su d&iacute;a.<\/p>\n\n\n\n<p>En la fecha del nacimiento de Florence Nightingale, considerada a nivel global la precursora de la enfermer&iacute;a moderna, los organismos sanitarios internacionales instituyeron &nbsp;la celebraci&oacute;n destacando el papel esencial de enfermeros y enfermeras en el logro de los resultados de salud debido a su experiencia, tama&ntilde;o de la fuerza laboral y su alcance en &aacute;reas remotas, poblaciones en situaci&oacute;n de vulnerabilidad y grupos minoritarios.<\/p>\n\n\n\n<p>La Provincia de Mendoza se suma a la celebraci&oacute;n y asume como propios los principales retos planteados por las organizaciones sanitarias del mundo &nbsp;que reconocen el rol fundamental de la enfermer&iacute;a para expandir el acceso a la salud de las poblaciones con una cobertura m&aacute;s equitativa y de calidad. <\/p>\n\n\n\n<p>Por ello, reafirma su compromiso de avanzar en fortalecer y consolidar el liderazgo de enfermeros y enfermeras en los equipos de salud, mejorar las condiciones de trabajo y acompa&ntilde;arlos en un mayor despliegue de sus capacidades. &nbsp;<\/p>\n\n\n\n<p>La directora del Departamento Provincial de Enfermer&iacute;a, Ana Masmouk, explic&oacute; que las actividades que se desarrollaron hoy en toda la provincia tuvieron como eje el lema 2022 de la Organizaci&oacute;n Mundial de la Salud para esta celebraci&oacute;n: <em>Invertir en enfermer&iacute;a y respetar los derechos para garantizar la salud global. <\/em><\/p>\n\n\n\n<figure class=\"wp-block-gallery columns-3\"><ul class=\"blocks-gallery-grid\"><li class=\"blocks-gallery-item\"><figure><a href=\"https:\/\/www.mendoza.gov.ar\/wp-content\/uploads\/sites\/5\/2022\/05\/WhatsApp-Image-2022-05-12-at-5.39.58-PM-700x525.jpeg\"><img loading=\"lazy\" width=\"700\" height=\"525\" src=\"https:\/\/www.mendoza.gov.ar\/wp-content\/uploads\/sites\/5\/2022\/05\/WhatsApp-Image-2022-05-12-at-5.39.58-PM-700x525.jpeg\" alt=\"\" data-id=\"312706\" data-link=\"https:\/\/www.mendoza.gov.ar\/prensa\/?attachment_id=312706\" class=\"wp-image-312706 img-responsive center-block\" srcset=\"https:\/\/www.mendoza.gov.ar\/wp-content\/uploads\/sites\/5\/2022\/05\/WhatsApp-Image-2022-05-12-at-5.39.58-PM-700x525.jpeg 700w, https:\/\/www.mendoza.gov.ar\/wp-content\/uploads\/sites\/5\/2022\/05\/WhatsApp-Image-2022-05-12-at-5.39.58-PM-250x188.jpeg 250w, https:\/\/www.mendoza.gov.ar\/wp-content\/uploads\/sites\/5\/2022\/05\/WhatsApp-Image-2022-05-12-at-5.39.58-PM-768x576.jpeg 768w, https:\/\/www.mendoza.gov.ar\/wp-content\/uploads\/sites\/5\/2022\/05\/WhatsApp-Image-2022-05-12-at-5.39.58-PM-120x90.jpeg 120w, https:\/\/www.mendoza.gov.ar\/wp-content\/uploads\/sites\/5\/2022\/05\/WhatsApp-Image-2022-05-12-at-5.39.58-PM.jpeg 1280w\" sizes=\"(max-width: 700px) 100vw, 700px\"><\/a><\/figure><\/li><li class=\"blocks-gallery-item\"><figure><a href=\"https:\/\/www.mendoza.gov.ar\/wp-content\/uploads\/sites\/5\/2022\/05\/WhatsApp-Image-2022-05-12-at-5.39.53-PM-700x573.jpeg\"><img loading=\"lazy\" width=\"700\" height=\"573\" src=\"https:\/\/www.mendoza.gov.ar\/wp-content\/uploads\/sites\/5\/2022\/05\/WhatsApp-Image-2022-05-12-at-5.39.53-PM-700x573.jpeg\" alt=\"\" data-id=\"312707\" data-link=\"https:\/\/www.mendoza.gov.ar\/prensa\/?attachment_id=312707\" class=\"wp-image-312707 img-responsive center-block\" srcset=\"https:\/\/www.mendoza.gov.ar\/wp-content\/uploads\/sites\/5\/2022\/05\/WhatsApp-Image-2022-05-12-at-5.39.53-PM-700x573.jpeg 700w, https:\/\/www.mendoza.gov.ar\/wp-content\/uploads\/sites\/5\/2022\/05\/WhatsApp-Image-2022-05-12-at-5.39.53-PM-250x205.jpeg 250w, https:\/\/www.mendoza.gov.ar\/wp-content\/uploads\/sites\/5\/2022\/05\/WhatsApp-Image-2022-05-12-at-5.39.53-PM-768x628.jpeg 768w, https:\/\/www.mendoza.gov.ar\/wp-content\/uploads\/sites\/5\/2022\/05\/WhatsApp-Image-2022-05-12-at-5.39.53-PM-120x98.jpeg 120w, https:\/\/www.mendoza.gov.ar\/wp-content\/uploads\/sites\/5\/2022\/05\/WhatsApp-Image-2022-05-12-at-5.39.53-PM.jpeg 1506w\" sizes=\"(max-width: 700px) 100vw, 700px\"><\/a><\/figure><\/li><li class=\"blocks-gallery-item\"><figure><a href=\"https:\/\/www.mendoza.gov.ar\/wp-content\/uploads\/sites\/5\/2022\/05\/WhatsApp-Image-2022-05-12-at-5.39.51-PM-700x440.jpeg\"><img loading=\"lazy\" width=\"700\" height=\"440\" src=\"https:\/\/www.mendoza.gov.ar\/wp-content\/uploads\/sites\/5\/2022\/05\/WhatsApp-Image-2022-05-12-at-5.39.51-PM-700x440.jpeg\" alt=\"\" data-id=\"312708\" data-link=\"https:\/\/www.mendoza.gov.ar\/prensa\/?attachment_id=312708\" class=\"wp-image-312708 img-responsive center-block\" srcset=\"https:\/\/www.mendoza.gov.ar\/wp-content\/uploads\/sites\/5\/2022\/05\/WhatsApp-Image-2022-05-12-at-5.39.51-PM-700x440.jpeg 700w, https:\/\/www.mendoza.gov.ar\/wp-content\/uploads\/sites\/5\/2022\/05\/WhatsApp-Image-2022-05-12-at-5.39.51-PM-250x157.jpeg 250w, https:\/\/www.mendoza.gov.ar\/wp-content\/uploads\/sites\/5\/2022\/05\/WhatsApp-Image-2022-05-12-at-5.39.51-PM-768x482.jpeg 768w, https:\/\/www.mendoza.gov.ar\/wp-content\/uploads\/sites\/5\/2022\/05\/WhatsApp-Image-2022-05-12-at-5.39.51-PM-120x75.jpeg 120w, https:\/\/www.mendoza.gov.ar\/wp-content\/uploads\/sites\/5\/2022\/05\/WhatsApp-Image-2022-05-12-at-5.39.51-PM.jpeg 1280w\" sizes=\"(max-width: 700px) 100vw, 700px\"><\/a><\/figure><\/li><li class=\"blocks-gallery-item\"><figure><a href=\"https:\/\/www.mendoza.gov.ar\/wp-content\/uploads\/sites\/5\/2022\/05\/WhatsApp-Image-2022-05-12-at-5.39.48-PM-700x322.jpeg\"><img loading=\"lazy\" width=\"700\" height=\"322\" src=\"https:\/\/www.mendoza.gov.ar\/wp-content\/uploads\/sites\/5\/2022\/05\/WhatsApp-Image-2022-05-12-at-5.39.48-PM-700x322.jpeg\" alt=\"\" data-id=\"312709\" data-link=\"https:\/\/www.mendoza.gov.ar\/prensa\/?attachment_id=312709\" class=\"wp-image-312709 img-responsive center-block\" srcset=\"https:\/\/www.mendoza.gov.ar\/wp-content\/uploads\/sites\/5\/2022\/05\/WhatsApp-Image-2022-05-12-at-5.39.48-PM-700x322.jpeg 700w, https:\/\/www.mendoza.gov.ar\/wp-content\/uploads\/sites\/5\/2022\/05\/WhatsApp-Image-2022-05-12-at-5.39.48-PM-250x115.jpeg 250w, https:\/\/www.mendoza.gov.ar\/wp-content\/uploads\/sites\/5\/2022\/05\/WhatsApp-Image-2022-05-12-at-5.39.48-PM-768x353.jpeg 768w, https:\/\/www.mendoza.gov.ar\/wp-content\/uploads\/sites\/5\/2022\/05\/WhatsApp-Image-2022-05-12-at-5.39.48-PM-120x55.jpeg 120w, https:\/\/www.mendoza.gov.ar\/wp-content\/uploads\/sites\/5\/2022\/05\/WhatsApp-Image-2022-05-12-at-5.39.48-PM.jpeg 1280w\" sizes=\"(max-width: 700px) 100vw, 700px\"><\/a><\/figure><\/li><li class=\"blocks-gallery-item\"><figure><a href=\"https:\/\/www.mendoza.gov.ar\/wp-content\/uploads\/sites\/5\/2022\/05\/WhatsApp-Image-2022-05-12-at-5.39.39-PM-700x456.jpeg\"><img loading=\"lazy\" width=\"700\" height=\"456\" src=\"https:\/\/www.mendoza.gov.ar\/wp-content\/uploads\/sites\/5\/2022\/05\/WhatsApp-Image-2022-05-12-at-5.39.39-PM-700x456.jpeg\" alt=\"\" data-id=\"312710\" data-link=\"https:\/\/www.mendoza.gov.ar\/prensa\/?attachment_id=312710\" class=\"wp-image-312710 img-responsive center-block\" srcset=\"https:\/\/www.mendoza.gov.ar\/wp-content\/uploads\/sites\/5\/2022\/05\/WhatsApp-Image-2022-05-12-at-5.39.39-PM-700x456.jpeg 700w, https:\/\/www.mendoza.gov.ar\/wp-content\/uploads\/sites\/5\/2022\/05\/WhatsApp-Image-2022-05-12-at-5.39.39-PM-250x163.jpeg 250w, https:\/\/www.mendoza.gov.ar\/wp-content\/uploads\/sites\/5\/2022\/05\/WhatsApp-Image-2022-05-12-at-5.39.39-PM-768x500.jpeg 768w, https:\/\/www.mendoza.gov.ar\/wp-content\/uploads\/sites\/5\/2022\/05\/WhatsApp-Image-2022-05-12-at-5.39.39-PM-120x78.jpeg 120w, https:\/\/www.mendoza.gov.ar\/wp-content\/uploads\/sites\/5\/2022\/05\/WhatsApp-Image-2022-05-12-at-5.39.39-PM.jpeg 1468w\" sizes=\"(max-width: 700px) 100vw, 700px\"><\/a><\/figure><\/li><li class=\"blocks-gallery-item\"><figure><a href=\"https:\/\/www.mendoza.gov.ar\/wp-content\/uploads\/sites\/5\/2022\/05\/WhatsApp-Image-2022-05-12-at-5.39.58-PM-2-700x593.jpeg\"><img loading=\"lazy\" width=\"700\" height=\"593\" src=\"https:\/\/www.mendoza.gov.ar\/wp-content\/uploads\/sites\/5\/2022\/05\/WhatsApp-Image-2022-05-12-at-5.39.58-PM-2-700x593.jpeg\" alt=\"\" data-id=\"312711\" data-link=\"https:\/\/www.mendoza.gov.ar\/prensa\/?attachment_id=312711\" class=\"wp-image-312711 img-responsive center-block\" srcset=\"https:\/\/www.mendoza.gov.ar\/wp-content\/uploads\/sites\/5\/2022\/05\/WhatsApp-Image-2022-05-12-at-5.39.58-PM-2-700x593.jpeg 700w, https:\/\/www.mendoza.gov.ar\/wp-content\/uploads\/sites\/5\/2022\/05\/WhatsApp-Image-2022-05-12-at-5.39.58-PM-2-250x212.jpeg 250w, https:\/\/www.mendoza.gov.ar\/wp-content\/uploads\/sites\/5\/2022\/05\/WhatsApp-Image-2022-05-12-at-5.39.58-PM-2-768x650.jpeg 768w, https:\/\/www.mendoza.gov.ar\/wp-content\/uploads\/sites\/5\/2022\/05\/WhatsApp-Image-2022-05-12-at-5.39.58-PM-2-120x102.jpeg 120w, https:\/\/www.mendoza.gov.ar\/wp-content\/uploads\/sites\/5\/2022\/05\/WhatsApp-Image-2022-05-12-at-5.39.58-PM-2.jpeg 1280w\" sizes=\"(max-width: 700px) 100vw, 700px\"><\/a><\/figure><\/li><li class=\"blocks-gallery-item\"><figure><a href=\"https:\/\/www.mendoza.gov.ar\/wp-content\/uploads\/sites\/5\/2022\/05\/WhatsApp-Image-2022-05-12-at-5.39.58-PM-1.jpeg\"><img loading=\"lazy\" width=\"700\" height=\"361\" src=\"https:\/\/www.mendoza.gov.ar\/wp-content\/uploads\/sites\/5\/2022\/05\/WhatsApp-Image-2022-05-12-at-5.39.58-PM-1-700x361.jpeg\" alt=\"\" data-id=\"312712\" data-full-url=\"https:\/\/www.mendoza.gov.ar\/wp-content\/uploads\/sites\/5\/2022\/05\/WhatsApp-Image-2022-05-12-at-5.39.58-PM-1.jpeg\" data-link=\"https:\/\/www.mendoza.gov.ar\/prensa\/?attachment_id=312712\" class=\"wp-image-312712 img-responsive center-block\" srcset=\"https:\/\/www.mendoza.gov.ar\/wp-content\/uploads\/sites\/5\/2022\/05\/WhatsApp-Image-2022-05-12-at-5.39.58-PM-1-700x361.jpeg 700w, https:\/\/www.mendoza.gov.ar\/wp-content\/uploads\/sites\/5\/2022\/05\/WhatsApp-Image-2022-05-12-at-5.39.58-PM-1-250x129.jpeg 250w, https:\/\/www.mendoza.gov.ar\/wp-content\/uploads\/sites\/5\/2022\/05\/WhatsApp-Image-2022-05-12-at-5.39.58-PM-1-768x396.jpeg 768w, https:\/\/www.mendoza.gov.ar\/wp-content\/uploads\/sites\/5\/2022\/05\/WhatsApp-Image-2022-05-12-at-5.39.58-PM-1-120x62.jpeg 120w, https:\/\/www.mendoza.gov.ar\/wp-content\/uploads\/sites\/5\/2022\/05\/WhatsApp-Image-2022-05-12-at-5.39.58-PM-1.jpeg 1280w\" sizes=\"(max-width: 700px) 100vw, 700px\"><\/a><\/figure><\/li><\/ul><\/figure>\n<\/body><\/html>\n","protected":false},"excerpt":{"rendered":"Autoridades del Ministerio de Salud, Desarrollo Social y Deportes reconocieron el papel fundamental de los enfermeros en la atenci&oacute;n y prevenci&oacute;n de la salud de las personas. El Ministerio de Salud, Desarrollo Social y Deportes hizo llegar su reconocimiento a los enfermeros que se desempe&ntilde;an en los centros asistenciales de la provincial y que hoy,&#8230; <a class=\"view-article\" href=\"https:\/\/www.mendoza.gov.ar\/prensa\/salud-celebro-el-dia-de-la-enfermeria\/\"><\/a>","protected":false},"author":63,"featured_media":312708,"comment_status":"open","ping_status":"open","sticky":false,"template":"","format":"standard","meta":[],"categories":[32],"tags":[],"_links":{"self":[{"href":"https:\/\/www.mendoza.gov.ar\/prensa\/wp-json\/wp\/v2\/posts\/312705"}],"collection":[{"href":"https:\/\/www.mendoza.gov.ar\/prensa\/wp-json\/wp\/v2\/posts"}],"about":[{"href":"https:\/\/www.mendoza.gov.ar\/prensa\/wp-json\/wp\/v2\/types\/post"}],"author":[{"embeddable":true,"href":"https:\/\/www.mendoza.gov.ar\/prensa\/wp-json\/wp\/v2\/users\/63"}],"replies":[{"embeddable":true,"href":"https:\/\/www.mendoza.gov.ar\/prensa\/wp-json\/wp\/v2\/comments?post=312705"}],"version-history":[{"count":9,"href":"https:\/\/www.mendoza.gov.ar\/prensa\/wp-json\/wp\/v2\/posts\/312705\/revisions"}],"predecessor-version":[{"id":312721,"href":"https:\/\/www.mendoza.gov.ar\/prensa\/wp-json\/wp\/v2\/posts\/312705\/revisions\/312721"}],"wp:featuredmedia":[{"embeddable":true,"href":"https:\/\/www.mendoza.gov.ar\/prensa\/wp-json\/wp\/v2\/media\/312708"}],"wp:attachment":[{"href":"https:\/\/www.mendoza.gov.ar\/prensa\/wp-json\/wp\/v2\/media?parent=312705"}],"wp:term":[{"taxonomy":"category","embeddable":true,"href":"https:\/\/www.mendoza.gov.ar\/prensa\/wp-json\/wp\/v2\/categories?post=312705"},{"taxonomy":"post_tag","embeddable":true,"href":"https:\/\/www.mendoza.gov.ar\/prensa\/wp-json\/wp\/v2\/tags?post=312705"}],"curies":[{"name":"wp","href":"https:\/\/api.w.org\/{rel}","templated":true}]}}