{"id":313060,"date":"2022-05-16T18:38:23","date_gmt":"2022-05-16T21:38:23","guid":{"rendered":"https:\/\/www.mendoza.gov.ar\/prensa\/?p=313060"},"modified":"2022-05-16T18:38:24","modified_gmt":"2022-05-16T21:38:24","slug":"educacion-superior-participo-en-la-segunda-mesa-federal-de-formacion-docente","status":"publish","type":"post","link":"https:\/\/www.mendoza.gov.ar\/prensa\/educacion-superior-participo-en-la-segunda-mesa-federal-de-formacion-docente\/","title":{"rendered":"Educaci\u00f3n Superior particip\u00f3 en la Segunda Mesa Federal de Formaci\u00f3n Docente"},"content":{"rendered":"<!DOCTYPE html PUBLIC \"-\/\/W3C\/\/DTD HTML 4.0 Transitional\/\/EN\" \"http:\/\/www.w3.org\/TR\/REC-html40\/loose.dtd\">\n<html><body><h5>Desde el Instituto Nacional de Formaci&oacute;n Docente se presentaron los lineamientos del Programa Nacional de Formaci&oacute;n Permanente y del Plan Anual de Educaci&oacute;n. Mendoza se destac&oacute; a nivel nacional por los avances en la implementaci&oacute;n de los Concursos por Oposici&oacute;n y Antecedentes para titularizar en Nivel Superior.<\/h5>\n\n\n\n<p>La Coordinaci&oacute;n General de Educaci&oacute;n Superior (CGES), de la Direcci&oacute;n General de Escuelas, particip&oacute; en la Segunda Mesa Federal de Formaci&oacute;n Docente, organizada por el Instituto Nacional de Formaci&oacute;n Docente (Infod).<\/p>\n\n\n\n<p>El encuentro nacional se realiz&oacute; en Buenos Aires, cont&oacute; con la presencia del ministro de Educaci&oacute;n de la Naci&oacute;n, Jaime Perczyk, y reuni&oacute; a directores y directoras de Educaci&oacute;n Superior y referentes jurisdiccionales de todo el pa&iacute;s.<\/p>\n\n\n\n<p>La apertura de la jornada estuvo a cargo de la secretaria de Educaci&oacute;n, Silvina Gvritz, y las jornadas de trabajo fueron lideradas por la directora ejecutiva del Instituto Nacional de Formaci&oacute;n Docente, Ver&oacute;nica Piovani; la directora nacional de Fortalecimiento Institucional, Viviana Alonso, y la directora nacional de Investigaci&oacute;n y Desarrollo Profesional, Alejandra Benvenuto. En representaci&oacute;n de Mendoza estuvieron presentes la coordinadora General de Educaci&oacute;n Superior, Emma Cunietti, Sonia Hure y &Eacute;lida Hodar.<\/p>\n\n\n\n<p>Durante el evento fueron reconocidos y destacados a nivel nacional los avances provinciales en la implementaci&oacute;n del primer Concurso P&uacute;blico de Antecedentes y Oposici&oacute;n para titularizar horas c&aacute;tedra en Nivel Superior, ya que se trata de una experiencia pionera en el pa&iacute;s que sienta una referencia fundamental. <\/p>\n\n\n\n<p>La Segunda Mesa Federal de Formaci&oacute;n Docente cont&oacute; con dos jornadas de trabajo en las que se presentaron los lineamientos del Programa Nacional de Formaci&oacute;n Permanente <em>Nuestra Escuela<\/em>, del Plan Anual de Educaci&oacute;n y el Plan Estrat&eacute;gico 2022-2027, para analizar c&oacute;mo se avanzar&aacute; en la reconfiguraci&oacute;n integral del sistema formador en el contexto pospandemia, al considerar los nuevos escenarios pedag&oacute;gicos. <\/p>\n\n\n\n<p>En esta l&iacute;nea, las tem&aacute;ticas abordadas federalmente giraron en torno a la mejora de los aprendizajes y las propuestas nacionales de formaci&oacute;n permanente: actualizaciones acad&eacute;micas, trayectos formativos, cursos y tramos de formaci&oacute;n.<\/p>\n\n\n\n<figure class=\"wp-block-gallery columns-3\"><ul class=\"blocks-gallery-grid\"><li class=\"blocks-gallery-item\"><figure><a href=\"https:\/\/www.mendoza.gov.ar\/wp-content\/uploads\/sites\/5\/2022\/05\/CGES-INFoD-Mendoza-_-700x467.jpg\"><img loading=\"lazy\" width=\"700\" height=\"467\" src=\"https:\/\/www.mendoza.gov.ar\/wp-content\/uploads\/sites\/5\/2022\/05\/CGES-INFoD-Mendoza-_-700x467.jpg\" alt=\"\" data-id=\"313071\" data-link=\"https:\/\/www.mendoza.gov.ar\/prensa\/?attachment_id=313071\" class=\"wp-image-313071 img-responsive center-block\" srcset=\"https:\/\/www.mendoza.gov.ar\/wp-content\/uploads\/sites\/5\/2022\/05\/CGES-INFoD-Mendoza-_-700x467.jpg 700w, https:\/\/www.mendoza.gov.ar\/wp-content\/uploads\/sites\/5\/2022\/05\/CGES-INFoD-Mendoza-_-250x167.jpg 250w, https:\/\/www.mendoza.gov.ar\/wp-content\/uploads\/sites\/5\/2022\/05\/CGES-INFoD-Mendoza-_-768x512.jpg 768w, https:\/\/www.mendoza.gov.ar\/wp-content\/uploads\/sites\/5\/2022\/05\/CGES-INFoD-Mendoza-_-1536x1024.jpg 1536w, https:\/\/www.mendoza.gov.ar\/wp-content\/uploads\/sites\/5\/2022\/05\/CGES-INFoD-Mendoza-_-2048x1365.jpg 2048w, https:\/\/www.mendoza.gov.ar\/wp-content\/uploads\/sites\/5\/2022\/05\/CGES-INFoD-Mendoza-_-120x80.jpg 120w\" sizes=\"(max-width: 700px) 100vw, 700px\"><\/a><\/figure><\/li><li class=\"blocks-gallery-item\"><figure><a href=\"https:\/\/www.mendoza.gov.ar\/wp-content\/uploads\/sites\/5\/2022\/05\/CGES-INFoD-Mendoza-_._-700x467.jpg\"><img loading=\"lazy\" width=\"700\" height=\"467\" src=\"https:\/\/www.mendoza.gov.ar\/wp-content\/uploads\/sites\/5\/2022\/05\/CGES-INFoD-Mendoza-_._-700x467.jpg\" alt=\"\" data-id=\"313072\" data-link=\"https:\/\/www.mendoza.gov.ar\/prensa\/?attachment_id=313072\" class=\"wp-image-313072 img-responsive center-block\" srcset=\"https:\/\/www.mendoza.gov.ar\/wp-content\/uploads\/sites\/5\/2022\/05\/CGES-INFoD-Mendoza-_._-700x467.jpg 700w, https:\/\/www.mendoza.gov.ar\/wp-content\/uploads\/sites\/5\/2022\/05\/CGES-INFoD-Mendoza-_._-250x167.jpg 250w, https:\/\/www.mendoza.gov.ar\/wp-content\/uploads\/sites\/5\/2022\/05\/CGES-INFoD-Mendoza-_._-768x512.jpg 768w, https:\/\/www.mendoza.gov.ar\/wp-content\/uploads\/sites\/5\/2022\/05\/CGES-INFoD-Mendoza-_._-1536x1024.jpg 1536w, https:\/\/www.mendoza.gov.ar\/wp-content\/uploads\/sites\/5\/2022\/05\/CGES-INFoD-Mendoza-_._-2048x1365.jpg 2048w, https:\/\/www.mendoza.gov.ar\/wp-content\/uploads\/sites\/5\/2022\/05\/CGES-INFoD-Mendoza-_._-120x80.jpg 120w\" sizes=\"(max-width: 700px) 100vw, 700px\"><\/a><\/figure><\/li><li class=\"blocks-gallery-item\"><figure><a href=\"https:\/\/www.mendoza.gov.ar\/wp-content\/uploads\/sites\/5\/2022\/05\/CGES-INFoD-Mendoza-_.-700x415.jpg\"><img loading=\"lazy\" width=\"700\" height=\"415\" src=\"https:\/\/www.mendoza.gov.ar\/wp-content\/uploads\/sites\/5\/2022\/05\/CGES-INFoD-Mendoza-_.-700x415.jpg\" alt=\"\" data-id=\"313073\" data-link=\"https:\/\/www.mendoza.gov.ar\/prensa\/?attachment_id=313073\" class=\"wp-image-313073 img-responsive center-block\" srcset=\"https:\/\/www.mendoza.gov.ar\/wp-content\/uploads\/sites\/5\/2022\/05\/CGES-INFoD-Mendoza-_.-700x415.jpg 700w, https:\/\/www.mendoza.gov.ar\/wp-content\/uploads\/sites\/5\/2022\/05\/CGES-INFoD-Mendoza-_.-250x148.jpg 250w, https:\/\/www.mendoza.gov.ar\/wp-content\/uploads\/sites\/5\/2022\/05\/CGES-INFoD-Mendoza-_.-768x455.jpg 768w, https:\/\/www.mendoza.gov.ar\/wp-content\/uploads\/sites\/5\/2022\/05\/CGES-INFoD-Mendoza-_.-1536x911.jpg 1536w, https:\/\/www.mendoza.gov.ar\/wp-content\/uploads\/sites\/5\/2022\/05\/CGES-INFoD-Mendoza-_.-2048x1214.jpg 2048w, https:\/\/www.mendoza.gov.ar\/wp-content\/uploads\/sites\/5\/2022\/05\/CGES-INFoD-Mendoza-_.-120x71.jpg 120w\" sizes=\"(max-width: 700px) 100vw, 700px\"><\/a><\/figure><\/li><li class=\"blocks-gallery-item\"><figure><a href=\"https:\/\/www.mendoza.gov.ar\/wp-content\/uploads\/sites\/5\/2022\/05\/CGES-INFoD-Mendoza-2.jpg\"><img loading=\"lazy\" width=\"700\" height=\"400\" src=\"https:\/\/www.mendoza.gov.ar\/wp-content\/uploads\/sites\/5\/2022\/05\/CGES-INFoD-Mendoza-2-700x400.jpg\" alt=\"\" data-id=\"313076\" data-full-url=\"https:\/\/www.mendoza.gov.ar\/wp-content\/uploads\/sites\/5\/2022\/05\/CGES-INFoD-Mendoza-2.jpg\" data-link=\"https:\/\/www.mendoza.gov.ar\/prensa\/?attachment_id=313076\" class=\"wp-image-313076 img-responsive center-block\" srcset=\"https:\/\/www.mendoza.gov.ar\/wp-content\/uploads\/sites\/5\/2022\/05\/CGES-INFoD-Mendoza-2-700x400.jpg 700w, https:\/\/www.mendoza.gov.ar\/wp-content\/uploads\/sites\/5\/2022\/05\/CGES-INFoD-Mendoza-2-250x143.jpg 250w, https:\/\/www.mendoza.gov.ar\/wp-content\/uploads\/sites\/5\/2022\/05\/CGES-INFoD-Mendoza-2-768x439.jpg 768w, https:\/\/www.mendoza.gov.ar\/wp-content\/uploads\/sites\/5\/2022\/05\/CGES-INFoD-Mendoza-2-1536x878.jpg 1536w, https:\/\/www.mendoza.gov.ar\/wp-content\/uploads\/sites\/5\/2022\/05\/CGES-INFoD-Mendoza-2-2048x1171.jpg 2048w, https:\/\/www.mendoza.gov.ar\/wp-content\/uploads\/sites\/5\/2022\/05\/CGES-INFoD-Mendoza-2-120x69.jpg 120w\" sizes=\"(max-width: 700px) 100vw, 700px\"><\/a><\/figure><\/li><\/ul><\/figure>\n<\/body><\/html>\n","protected":false},"excerpt":{"rendered":"Desde el Instituto Nacional de Formaci&oacute;n Docente se presentaron los lineamientos del Programa Nacional de Formaci&oacute;n Permanente y del Plan Anual de Educaci&oacute;n. Mendoza se destac&oacute; a nivel nacional por los avances en la implementaci&oacute;n de los Concursos por Oposici&oacute;n y Antecedentes para titularizar en Nivel Superior. La Coordinaci&oacute;n General de Educaci&oacute;n Superior (CGES), de&#8230; <a class=\"view-article\" href=\"https:\/\/www.mendoza.gov.ar\/prensa\/educacion-superior-participo-en-la-segunda-mesa-federal-de-formacion-docente\/\"><\/a>","protected":false},"author":63,"featured_media":313075,"comment_status":"open","ping_status":"open","sticky":false,"template":"","format":"standard","meta":[],"categories":[12],"tags":[],"_links":{"self":[{"href":"https:\/\/www.mendoza.gov.ar\/prensa\/wp-json\/wp\/v2\/posts\/313060"}],"collection":[{"href":"https:\/\/www.mendoza.gov.ar\/prensa\/wp-json\/wp\/v2\/posts"}],"about":[{"href":"https:\/\/www.mendoza.gov.ar\/prensa\/wp-json\/wp\/v2\/types\/post"}],"author":[{"embeddable":true,"href":"https:\/\/www.mendoza.gov.ar\/prensa\/wp-json\/wp\/v2\/users\/63"}],"replies":[{"embeddable":true,"href":"https:\/\/www.mendoza.gov.ar\/prensa\/wp-json\/wp\/v2\/comments?post=313060"}],"version-history":[{"count":2,"href":"https:\/\/www.mendoza.gov.ar\/prensa\/wp-json\/wp\/v2\/posts\/313060\/revisions"}],"predecessor-version":[{"id":313077,"href":"https:\/\/www.mendoza.gov.ar\/prensa\/wp-json\/wp\/v2\/posts\/313060\/revisions\/313077"}],"wp:featuredmedia":[{"embeddable":true,"href":"https:\/\/www.mendoza.gov.ar\/prensa\/wp-json\/wp\/v2\/media\/313075"}],"wp:attachment":[{"href":"https:\/\/www.mendoza.gov.ar\/prensa\/wp-json\/wp\/v2\/media?parent=313060"}],"wp:term":[{"taxonomy":"category","embeddable":true,"href":"https:\/\/www.mendoza.gov.ar\/prensa\/wp-json\/wp\/v2\/categories?post=313060"},{"taxonomy":"post_tag","embeddable":true,"href":"https:\/\/www.mendoza.gov.ar\/prensa\/wp-json\/wp\/v2\/tags?post=313060"}],"curies":[{"name":"wp","href":"https:\/\/api.w.org\/{rel}","templated":true}]}}