{"id":316110,"date":"2022-06-09T19:37:21","date_gmt":"2022-06-09T22:37:21","guid":{"rendered":"https:\/\/www.mendoza.gov.ar\/prensa\/?p=316110"},"modified":"2022-06-09T20:06:24","modified_gmt":"2022-06-09T23:06:24","slug":"se-presento-el-plan-de-promocion-turistica-de-mendoza","status":"publish","type":"post","link":"https:\/\/www.mendoza.gov.ar\/prensa\/se-presento-el-plan-de-promocion-turistica-de-mendoza\/","title":{"rendered":"Se present\u00f3 el Plan de Promoci\u00f3n Tur\u00edstica de Mendoza"},"content":{"rendered":"<!DOCTYPE html PUBLIC \"-\/\/W3C\/\/DTD HTML 4.0 Transitional\/\/EN\" \"http:\/\/www.w3.org\/TR\/REC-html40\/loose.dtd\">\n<html><body><h5><strong>La Sala Magna del Centro de Congresos y Exposiciones fue el escenario de un encuentro entre funcionarios del Ministerio de Cultura y Turismo&nbsp;y representantes del sector tur&iacute;stico de la provincia.<\/strong><\/h5>\n\n\n\n<p>En la presentaci&oacute;n participaron el presidente del Ente Mendoza Turismo (Emetur), Marcelo Montenegro; la directora de Promoci&oacute;n Tur&iacute;stica, Claudia Yanz&oacute;n; la directora de Comunicaci&oacute;n y Marketing del Ministerio, Fernanda Rivarola, otros funcionarios del &aacute;rea, directores de turismo de municipios y operadores y prestadores de servicios de toda la provincia.<\/p>\n\n\n\n<p>En este marco,&nbsp;se present&oacute; el plan de acciones promocionales, de medios y las campa&ntilde;as que viene desarrollando el&nbsp;Ministerio de Cultura y Turismo para promocionar el destino Mendoza en el pa&iacute;s y&nbsp;Latinoam&eacute;rica.<\/p>\n\n\n\n<p>Los t&oacute;picos que se trataron fueron las campa&ntilde;as digitales&nbsp;con las&nbsp;que&nbsp;cuenta&nbsp;actualmente&nbsp;la provincia para&nbsp;el resto de&nbsp;Argentina&nbsp;y&nbsp;pa&iacute;ses como Chile y Brasil;&nbsp;datos sobre la&nbsp;recuperaci&oacute;n de conectividad a&eacute;rea y el desarrollo de nuevos canales de comunicaci&oacute;n,&nbsp;para visibilizar sus propuestas. Adem&aacute;s,&nbsp;se&nbsp;brindaron&nbsp;datos acerca de la segunda edici&oacute;n de Sale Mendoza.<\/p>\n\n\n\n<p>El canal de Youtube de Mendoza, tur&iacute;sticamente hablando, es&nbsp;el&nbsp;que m&aacute;s visualizaciones tiene&nbsp;en comparaci&oacute;n con canales&nbsp;similares&nbsp;de otras provincias del pa&iacute;s: supera los 40 millones de visualizaciones de los contenidos, seguido por C&oacute;rdoba,&nbsp;que tiene cerca de 15 millones.<\/p>\n\n\n\n<p>En materia de campa&ntilde;as digitales, Mendoza desarrolla campa&ntilde;as en las principales ciudades de Argentina, Per&uacute;, Chile y Brasil. Para ellas, se crean mensajes segmentados y direccionados a cada p&uacute;blico&nbsp;espec&iacute;fico.<\/p>\n\n\n\n<p>Actualmente se realiza una campa&ntilde;a para el mercado brasilero,&nbsp;apuntando a las escapadas, en el marco de los festejos del D&iacute;a de los Enamorados,&nbsp;que en el pa&iacute;s vecino se celebra el pr&oacute;ximo s&aacute;bado 11 de junio. Para el mercado chileno,&nbsp;puntualmente,&nbsp;se trabaja con el concepto &ldquo;Esc&aacute;pate a Mendoza&rdquo;.<\/p>\n\n\n\n<p>En&nbsp;cuanto a la&nbsp;conectividad, nuestra provincia ha recuperado una gran cantidad de vuelos,&nbsp;en comparaci&oacute;n&nbsp;con 2019, tanto nacionales como internacionales. Esto responde al trabajo realizado por parte del Gobierno provincial, haciendo que Mendoza se transformara en el primer corredor a&eacute;reo seguro del interior del pa&iacute;s, luego de Ezeiza.<\/p>\n\n\n\n<p>Al respecto, Marcelo Montenegro coment&oacute;: &ldquo;Hoy dimos a conocer a diferentes actores de los distintos rubros que conforman el sistema tur&iacute;stico las diferentes acciones y campa&ntilde;as publicitarias del destino llevadas a cabo en lo que va del a&ntilde;o. Asimismo, se dio a conocer el plan a seguir en lo que queda de 2022, para captar nuevos mercados a trav&eacute;s no solo de campa&ntilde;as publicitarias sino tambi&eacute;n de presentaciones, capacitaciones para operadores, entre otras&rdquo;.<\/p>\n\n\n\n<p>Por su parte, Claudia Yanz&oacute;n agreg&oacute;: &ldquo;Esta presentaci&oacute;n fue abierta al cl&uacute;ster de prestadores de servicios tur&iacute;sticos y a los directores de turismo de los municipios, que son quienes convocan a los peque&ntilde;os emprendedores, que ofrecen diversos servicios. Fue muy bueno mostrar c&oacute;mo se viene manejando la comunicaci&oacute;n para los diferentes segmentos. Hemos querido comunicarles c&oacute;mo nos venimos preparando para recibir a turistas nacionales e internacionales. Tambi&eacute;n pudimos mostrar la conectividad con la que cuenta Mendoza, algo fundamental para la llegada de los visitantes y el plan de acci&oacute;n para lo que viene&rdquo;.<\/p>\n\n\n\n<figure class=\"wp-block-gallery columns-3\"><ul class=\"blocks-gallery-grid\"><li class=\"blocks-gallery-item\"><figure><a href=\"https:\/\/www.mendoza.gov.ar\/wp-content\/uploads\/sites\/5\/2022\/06\/WhatsApp-Image-2022-06-09-at-7.35.59-PM-3.jpeg\"><img loading=\"lazy\" width=\"700\" height=\"466\" src=\"https:\/\/www.mendoza.gov.ar\/wp-content\/uploads\/sites\/5\/2022\/06\/WhatsApp-Image-2022-06-09-at-7.35.59-PM-3-700x466.jpeg\" alt=\"\" data-id=\"316112\" data-full-url=\"https:\/\/www.mendoza.gov.ar\/wp-content\/uploads\/sites\/5\/2022\/06\/WhatsApp-Image-2022-06-09-at-7.35.59-PM-3.jpeg\" data-link=\"https:\/\/www.mendoza.gov.ar\/prensa\/?attachment_id=316112\" class=\"wp-image-316112 img-responsive center-block\" srcset=\"https:\/\/www.mendoza.gov.ar\/wp-content\/uploads\/sites\/5\/2022\/06\/WhatsApp-Image-2022-06-09-at-7.35.59-PM-3-700x466.jpeg 700w, https:\/\/www.mendoza.gov.ar\/wp-content\/uploads\/sites\/5\/2022\/06\/WhatsApp-Image-2022-06-09-at-7.35.59-PM-3-250x167.jpeg 250w, https:\/\/www.mendoza.gov.ar\/wp-content\/uploads\/sites\/5\/2022\/06\/WhatsApp-Image-2022-06-09-at-7.35.59-PM-3-768x512.jpeg 768w, https:\/\/www.mendoza.gov.ar\/wp-content\/uploads\/sites\/5\/2022\/06\/WhatsApp-Image-2022-06-09-at-7.35.59-PM-3-120x80.jpeg 120w, https:\/\/www.mendoza.gov.ar\/wp-content\/uploads\/sites\/5\/2022\/06\/WhatsApp-Image-2022-06-09-at-7.35.59-PM-3.jpeg 1280w\" sizes=\"(max-width: 700px) 100vw, 700px\"><\/a><\/figure><\/li><li class=\"blocks-gallery-item\"><figure><a href=\"https:\/\/www.mendoza.gov.ar\/wp-content\/uploads\/sites\/5\/2022\/06\/WhatsApp-Image-2022-06-09-at-7.35.59-PM-2.jpeg\"><img loading=\"lazy\" width=\"700\" height=\"440\" src=\"https:\/\/www.mendoza.gov.ar\/wp-content\/uploads\/sites\/5\/2022\/06\/WhatsApp-Image-2022-06-09-at-7.35.59-PM-2-700x440.jpeg\" alt=\"\" data-id=\"316113\" data-full-url=\"https:\/\/www.mendoza.gov.ar\/wp-content\/uploads\/sites\/5\/2022\/06\/WhatsApp-Image-2022-06-09-at-7.35.59-PM-2.jpeg\" data-link=\"https:\/\/www.mendoza.gov.ar\/prensa\/?attachment_id=316113\" class=\"wp-image-316113 img-responsive center-block\" srcset=\"https:\/\/www.mendoza.gov.ar\/wp-content\/uploads\/sites\/5\/2022\/06\/WhatsApp-Image-2022-06-09-at-7.35.59-PM-2-700x440.jpeg 700w, https:\/\/www.mendoza.gov.ar\/wp-content\/uploads\/sites\/5\/2022\/06\/WhatsApp-Image-2022-06-09-at-7.35.59-PM-2-250x157.jpeg 250w, https:\/\/www.mendoza.gov.ar\/wp-content\/uploads\/sites\/5\/2022\/06\/WhatsApp-Image-2022-06-09-at-7.35.59-PM-2-768x483.jpeg 768w, https:\/\/www.mendoza.gov.ar\/wp-content\/uploads\/sites\/5\/2022\/06\/WhatsApp-Image-2022-06-09-at-7.35.59-PM-2-120x75.jpeg 120w, https:\/\/www.mendoza.gov.ar\/wp-content\/uploads\/sites\/5\/2022\/06\/WhatsApp-Image-2022-06-09-at-7.35.59-PM-2.jpeg 1280w\" sizes=\"(max-width: 700px) 100vw, 700px\"><\/a><\/figure><\/li><li class=\"blocks-gallery-item\"><figure><a href=\"https:\/\/www.mendoza.gov.ar\/wp-content\/uploads\/sites\/5\/2022\/06\/WhatsApp-Image-2022-06-09-at-7.35.59-PM-1.jpeg\"><img src=\"https:\/\/www.mendoza.gov.ar\/wp-content\/uploads\/sites\/5\/2022\/06\/WhatsApp-Image-2022-06-09-at-7.35.59-PM-1-700x466.jpeg\" alt=\"\" data-id=\"316114\" data-full-url=\"https:\/\/www.mendoza.gov.ar\/wp-content\/uploads\/sites\/5\/2022\/06\/WhatsApp-Image-2022-06-09-at-7.35.59-PM-1.jpeg\" data-link=\"https:\/\/www.mendoza.gov.ar\/prensa\/?attachment_id=316114\" class=\"wp-image-316114 img-responsive center-block\"><\/a><\/figure><\/li><li class=\"blocks-gallery-item\"><figure><a href=\"https:\/\/www.mendoza.gov.ar\/wp-content\/uploads\/sites\/5\/2022\/06\/WhatsApp-Image-2022-06-09-at-7.35.59-PM.jpeg\"><img loading=\"lazy\" width=\"700\" height=\"200\" src=\"https:\/\/www.mendoza.gov.ar\/wp-content\/uploads\/sites\/5\/2022\/06\/WhatsApp-Image-2022-06-09-at-7.35.59-PM-700x200.jpeg\" alt=\"\" data-id=\"316115\" data-full-url=\"https:\/\/www.mendoza.gov.ar\/wp-content\/uploads\/sites\/5\/2022\/06\/WhatsApp-Image-2022-06-09-at-7.35.59-PM.jpeg\" data-link=\"https:\/\/www.mendoza.gov.ar\/prensa\/?attachment_id=316115\" class=\"wp-image-316115 img-responsive center-block\" srcset=\"https:\/\/www.mendoza.gov.ar\/wp-content\/uploads\/sites\/5\/2022\/06\/WhatsApp-Image-2022-06-09-at-7.35.59-PM-700x200.jpeg 700w, https:\/\/www.mendoza.gov.ar\/wp-content\/uploads\/sites\/5\/2022\/06\/WhatsApp-Image-2022-06-09-at-7.35.59-PM-250x71.jpeg 250w, https:\/\/www.mendoza.gov.ar\/wp-content\/uploads\/sites\/5\/2022\/06\/WhatsApp-Image-2022-06-09-at-7.35.59-PM-768x220.jpeg 768w, https:\/\/www.mendoza.gov.ar\/wp-content\/uploads\/sites\/5\/2022\/06\/WhatsApp-Image-2022-06-09-at-7.35.59-PM-120x34.jpeg 120w, https:\/\/www.mendoza.gov.ar\/wp-content\/uploads\/sites\/5\/2022\/06\/WhatsApp-Image-2022-06-09-at-7.35.59-PM.jpeg 1280w\" sizes=\"(max-width: 700px) 100vw, 700px\"><\/a><\/figure><\/li><\/ul><\/figure>\n<\/body><\/html>\n","protected":false},"excerpt":{"rendered":"La Sala Magna del Centro de Congresos y Exposiciones fue el escenario de un encuentro entre funcionarios del Ministerio de Cultura y Turismo&nbsp;y representantes del sector tur&iacute;stico de la provincia. En la presentaci&oacute;n participaron el presidente del Ente Mendoza Turismo (Emetur), Marcelo Montenegro; la directora de Promoci&oacute;n Tur&iacute;stica, Claudia Yanz&oacute;n; la directora de Comunicaci&oacute;n y&#8230; <a class=\"view-article\" href=\"https:\/\/www.mendoza.gov.ar\/prensa\/se-presento-el-plan-de-promocion-turistica-de-mendoza\/\"><\/a>","protected":false},"author":68,"featured_media":316114,"comment_status":"open","ping_status":"open","sticky":false,"template":"","format":"standard","meta":[],"categories":[8,37],"tags":[],"_links":{"self":[{"href":"https:\/\/www.mendoza.gov.ar\/prensa\/wp-json\/wp\/v2\/posts\/316110"}],"collection":[{"href":"https:\/\/www.mendoza.gov.ar\/prensa\/wp-json\/wp\/v2\/posts"}],"about":[{"href":"https:\/\/www.mendoza.gov.ar\/prensa\/wp-json\/wp\/v2\/types\/post"}],"author":[{"embeddable":true,"href":"https:\/\/www.mendoza.gov.ar\/prensa\/wp-json\/wp\/v2\/users\/68"}],"replies":[{"embeddable":true,"href":"https:\/\/www.mendoza.gov.ar\/prensa\/wp-json\/wp\/v2\/comments?post=316110"}],"version-history":[{"count":4,"href":"https:\/\/www.mendoza.gov.ar\/prensa\/wp-json\/wp\/v2\/posts\/316110\/revisions"}],"predecessor-version":[{"id":316119,"href":"https:\/\/www.mendoza.gov.ar\/prensa\/wp-json\/wp\/v2\/posts\/316110\/revisions\/316119"}],"wp:featuredmedia":[{"embeddable":true,"href":"https:\/\/www.mendoza.gov.ar\/prensa\/wp-json\/wp\/v2\/media\/316114"}],"wp:attachment":[{"href":"https:\/\/www.mendoza.gov.ar\/prensa\/wp-json\/wp\/v2\/media?parent=316110"}],"wp:term":[{"taxonomy":"category","embeddable":true,"href":"https:\/\/www.mendoza.gov.ar\/prensa\/wp-json\/wp\/v2\/categories?post=316110"},{"taxonomy":"post_tag","embeddable":true,"href":"https:\/\/www.mendoza.gov.ar\/prensa\/wp-json\/wp\/v2\/tags?post=316110"}],"curies":[{"name":"wp","href":"https:\/\/api.w.org\/{rel}","templated":true}]}}