{"id":317690,"date":"2022-06-23T17:45:11","date_gmt":"2022-06-23T20:45:11","guid":{"rendered":"https:\/\/www.mendoza.gov.ar\/prensa\/?p=317690"},"modified":"2022-06-23T17:45:12","modified_gmt":"2022-06-23T20:45:12","slug":"estudiantes-de-alvear-finalizaron-su-formacion-en-el-aula-movil-de-gastronomia","status":"publish","type":"post","link":"https:\/\/www.mendoza.gov.ar\/prensa\/estudiantes-de-alvear-finalizaron-su-formacion-en-el-aula-movil-de-gastronomia\/","title":{"rendered":"Estudiantes de Alvear finalizaron su formaci\u00f3n en el aula m\u00f3vil de gastronom\u00eda"},"content":{"rendered":"<!DOCTYPE html PUBLIC \"-\/\/W3C\/\/DTD HTML 4.0 Transitional\/\/EN\" \"http:\/\/www.w3.org\/TR\/REC-html40\/loose.dtd\">\n<html><body><h5>La Direcci&oacute;n General de Escuelas y el Municipio acompa&ntilde;aron a los estudiantes y compartieron una charla sobre c&oacute;mo fue participar y formarse en esta especializaci&oacute;n que es muy importante para el departamento sure&ntilde;o.<\/h5>\n\n\n\n<p>Autoridades de la Direcci&oacute;n General de Escuelas (DGE) participaron este jueves en el acto de fin de curso del aula taller m&oacute;vil de gastronom&iacute;a que funciona en el departamento de General Alvear.<\/p>\n\n\n\n<p>El acto se desarroll&oacute; en el predio de la Ugacoop y asistieron adem&aacute;s el intendente Walther Marcolini, el director de Educaci&oacute;n de T&eacute;cnica y Trabajo, Carlos Daparo, y el director del aula m&oacute;vil de gastronom&iacute;a, Daniel Blades.<\/p>\n\n\n\n<p>Carlos Daparo destac&oacute; el trabajo que se realiza en las aulas m&oacute;viles y c&oacute;mo se acompa&ntilde;a a los estudiantes para formarlos en profesiones que tengan salida laboral dentro de su regi&oacute;n.<\/p>\n\n\n\n<p>&ldquo;En este caso, pensamos que el sector gastron&oacute;mico de Alvear va en crecimiento y es una puerta importante para el desarrollo. Trabajamos muy bien junto al Municipio y acompa&ntilde;amos a los estudiantes para que se animen, que tengan proyectos y oportunidades para enfrentar e ingresar al el mundo laboral tambi&eacute;n pensando que puedan convertirse en futuros empresarios&rdquo;, dijo Carlos Daparo.<\/p>\n\n\n\n<p>Roxana Molero, directora de Educaci&oacute;n de Alvear, explic&oacute; que hubo una gran convocatoria de j&oacute;venes del departamento que participaron y terminaron esta formaci&oacute;n en gastronom&iacute;a y que m&aacute;s de 35 estudiantes vienen a formarse al aula m&oacute;vil que obtuvieron formaci&oacute;n en pasteler&iacute;a, panader&iacute;a, tartas y tortas. &ldquo;De lunes a s&aacute;bado, los estudiantes tuvieron la posibilidad de venir a cursar y aprender este oficio&rdquo;, agreg&oacute;.<\/p>\n\n\n\n<figure class=\"wp-block-gallery columns-3\"><ul class=\"blocks-gallery-grid\"><li class=\"blocks-gallery-item\"><figure><a href=\"https:\/\/www.mendoza.gov.ar\/wp-content\/uploads\/sites\/5\/2022\/06\/IMG-20220623-WA0057.jpg\"><img loading=\"lazy\" width=\"700\" height=\"466\" src=\"https:\/\/www.mendoza.gov.ar\/wp-content\/uploads\/sites\/5\/2022\/06\/IMG-20220623-WA0057-700x466.jpg\" alt=\"\" data-id=\"317705\" data-full-url=\"https:\/\/www.mendoza.gov.ar\/wp-content\/uploads\/sites\/5\/2022\/06\/IMG-20220623-WA0057.jpg\" data-link=\"https:\/\/www.mendoza.gov.ar\/prensa\/?attachment_id=317705\" class=\"wp-image-317705 img-responsive center-block\" srcset=\"https:\/\/www.mendoza.gov.ar\/wp-content\/uploads\/sites\/5\/2022\/06\/IMG-20220623-WA0057-700x466.jpg 700w, https:\/\/www.mendoza.gov.ar\/wp-content\/uploads\/sites\/5\/2022\/06\/IMG-20220623-WA0057-250x167.jpg 250w, https:\/\/www.mendoza.gov.ar\/wp-content\/uploads\/sites\/5\/2022\/06\/IMG-20220623-WA0057-768x512.jpg 768w, https:\/\/www.mendoza.gov.ar\/wp-content\/uploads\/sites\/5\/2022\/06\/IMG-20220623-WA0057-1536x1023.jpg 1536w, https:\/\/www.mendoza.gov.ar\/wp-content\/uploads\/sites\/5\/2022\/06\/IMG-20220623-WA0057-120x80.jpg 120w, https:\/\/www.mendoza.gov.ar\/wp-content\/uploads\/sites\/5\/2022\/06\/IMG-20220623-WA0057.jpg 1600w\" sizes=\"(max-width: 700px) 100vw, 700px\"><\/a><\/figure><\/li><li class=\"blocks-gallery-item\"><figure><a href=\"https:\/\/www.mendoza.gov.ar\/wp-content\/uploads\/sites\/5\/2022\/06\/IMG-20220623-WA0054.jpg\"><img loading=\"lazy\" width=\"700\" height=\"466\" src=\"https:\/\/www.mendoza.gov.ar\/wp-content\/uploads\/sites\/5\/2022\/06\/IMG-20220623-WA0054-700x466.jpg\" alt=\"\" data-id=\"317706\" data-full-url=\"https:\/\/www.mendoza.gov.ar\/wp-content\/uploads\/sites\/5\/2022\/06\/IMG-20220623-WA0054.jpg\" data-link=\"https:\/\/www.mendoza.gov.ar\/prensa\/?attachment_id=317706\" class=\"wp-image-317706 img-responsive center-block\" srcset=\"https:\/\/www.mendoza.gov.ar\/wp-content\/uploads\/sites\/5\/2022\/06\/IMG-20220623-WA0054-700x466.jpg 700w, https:\/\/www.mendoza.gov.ar\/wp-content\/uploads\/sites\/5\/2022\/06\/IMG-20220623-WA0054-250x167.jpg 250w, https:\/\/www.mendoza.gov.ar\/wp-content\/uploads\/sites\/5\/2022\/06\/IMG-20220623-WA0054-768x512.jpg 768w, https:\/\/www.mendoza.gov.ar\/wp-content\/uploads\/sites\/5\/2022\/06\/IMG-20220623-WA0054-1536x1023.jpg 1536w, https:\/\/www.mendoza.gov.ar\/wp-content\/uploads\/sites\/5\/2022\/06\/IMG-20220623-WA0054-120x80.jpg 120w, https:\/\/www.mendoza.gov.ar\/wp-content\/uploads\/sites\/5\/2022\/06\/IMG-20220623-WA0054.jpg 1600w\" sizes=\"(max-width: 700px) 100vw, 700px\"><\/a><\/figure><\/li><li class=\"blocks-gallery-item\"><figure><a href=\"https:\/\/www.mendoza.gov.ar\/wp-content\/uploads\/sites\/5\/2022\/06\/IMG-20220623-WA0061.jpg\"><img loading=\"lazy\" width=\"700\" height=\"466\" src=\"https:\/\/www.mendoza.gov.ar\/wp-content\/uploads\/sites\/5\/2022\/06\/IMG-20220623-WA0061-700x466.jpg\" alt=\"\" data-id=\"317707\" data-full-url=\"https:\/\/www.mendoza.gov.ar\/wp-content\/uploads\/sites\/5\/2022\/06\/IMG-20220623-WA0061.jpg\" data-link=\"https:\/\/www.mendoza.gov.ar\/prensa\/?attachment_id=317707\" class=\"wp-image-317707 img-responsive center-block\" srcset=\"https:\/\/www.mendoza.gov.ar\/wp-content\/uploads\/sites\/5\/2022\/06\/IMG-20220623-WA0061-700x466.jpg 700w, https:\/\/www.mendoza.gov.ar\/wp-content\/uploads\/sites\/5\/2022\/06\/IMG-20220623-WA0061-250x167.jpg 250w, https:\/\/www.mendoza.gov.ar\/wp-content\/uploads\/sites\/5\/2022\/06\/IMG-20220623-WA0061-768x512.jpg 768w, https:\/\/www.mendoza.gov.ar\/wp-content\/uploads\/sites\/5\/2022\/06\/IMG-20220623-WA0061-1536x1023.jpg 1536w, https:\/\/www.mendoza.gov.ar\/wp-content\/uploads\/sites\/5\/2022\/06\/IMG-20220623-WA0061-120x80.jpg 120w, https:\/\/www.mendoza.gov.ar\/wp-content\/uploads\/sites\/5\/2022\/06\/IMG-20220623-WA0061.jpg 1600w\" sizes=\"(max-width: 700px) 100vw, 700px\"><\/a><\/figure><\/li><li class=\"blocks-gallery-item\"><figure><a href=\"https:\/\/www.mendoza.gov.ar\/wp-content\/uploads\/sites\/5\/2022\/06\/IMG-20220623-WA0059.jpg\"><img loading=\"lazy\" width=\"700\" height=\"466\" src=\"https:\/\/www.mendoza.gov.ar\/wp-content\/uploads\/sites\/5\/2022\/06\/IMG-20220623-WA0059-700x466.jpg\" alt=\"\" data-id=\"317708\" data-full-url=\"https:\/\/www.mendoza.gov.ar\/wp-content\/uploads\/sites\/5\/2022\/06\/IMG-20220623-WA0059.jpg\" data-link=\"https:\/\/www.mendoza.gov.ar\/prensa\/?attachment_id=317708\" class=\"wp-image-317708 img-responsive center-block\" srcset=\"https:\/\/www.mendoza.gov.ar\/wp-content\/uploads\/sites\/5\/2022\/06\/IMG-20220623-WA0059-700x466.jpg 700w, https:\/\/www.mendoza.gov.ar\/wp-content\/uploads\/sites\/5\/2022\/06\/IMG-20220623-WA0059-250x167.jpg 250w, https:\/\/www.mendoza.gov.ar\/wp-content\/uploads\/sites\/5\/2022\/06\/IMG-20220623-WA0059-768x512.jpg 768w, https:\/\/www.mendoza.gov.ar\/wp-content\/uploads\/sites\/5\/2022\/06\/IMG-20220623-WA0059-1536x1023.jpg 1536w, https:\/\/www.mendoza.gov.ar\/wp-content\/uploads\/sites\/5\/2022\/06\/IMG-20220623-WA0059-120x80.jpg 120w, https:\/\/www.mendoza.gov.ar\/wp-content\/uploads\/sites\/5\/2022\/06\/IMG-20220623-WA0059.jpg 1600w\" sizes=\"(max-width: 700px) 100vw, 700px\"><\/a><\/figure><\/li><li class=\"blocks-gallery-item\"><figure><a href=\"https:\/\/www.mendoza.gov.ar\/wp-content\/uploads\/sites\/5\/2022\/06\/IMG-20220623-WA0053.jpg\"><img loading=\"lazy\" width=\"700\" height=\"466\" src=\"https:\/\/www.mendoza.gov.ar\/wp-content\/uploads\/sites\/5\/2022\/06\/IMG-20220623-WA0053-700x466.jpg\" alt=\"\" data-id=\"317709\" data-full-url=\"https:\/\/www.mendoza.gov.ar\/wp-content\/uploads\/sites\/5\/2022\/06\/IMG-20220623-WA0053.jpg\" data-link=\"https:\/\/www.mendoza.gov.ar\/prensa\/?attachment_id=317709\" class=\"wp-image-317709 img-responsive center-block\" srcset=\"https:\/\/www.mendoza.gov.ar\/wp-content\/uploads\/sites\/5\/2022\/06\/IMG-20220623-WA0053-700x466.jpg 700w, https:\/\/www.mendoza.gov.ar\/wp-content\/uploads\/sites\/5\/2022\/06\/IMG-20220623-WA0053-250x167.jpg 250w, https:\/\/www.mendoza.gov.ar\/wp-content\/uploads\/sites\/5\/2022\/06\/IMG-20220623-WA0053-768x512.jpg 768w, https:\/\/www.mendoza.gov.ar\/wp-content\/uploads\/sites\/5\/2022\/06\/IMG-20220623-WA0053-1536x1023.jpg 1536w, https:\/\/www.mendoza.gov.ar\/wp-content\/uploads\/sites\/5\/2022\/06\/IMG-20220623-WA0053-120x80.jpg 120w, https:\/\/www.mendoza.gov.ar\/wp-content\/uploads\/sites\/5\/2022\/06\/IMG-20220623-WA0053.jpg 1600w\" sizes=\"(max-width: 700px) 100vw, 700px\"><\/a><\/figure><\/li><li class=\"blocks-gallery-item\"><figure><a href=\"https:\/\/www.mendoza.gov.ar\/wp-content\/uploads\/sites\/5\/2022\/06\/IMG-20220623-WA0058.jpg\"><img src=\"https:\/\/www.mendoza.gov.ar\/wp-content\/uploads\/sites\/5\/2022\/06\/IMG-20220623-WA0058-700x466.jpg\" alt=\"\" data-id=\"317710\" data-full-url=\"https:\/\/www.mendoza.gov.ar\/wp-content\/uploads\/sites\/5\/2022\/06\/IMG-20220623-WA0058.jpg\" data-link=\"https:\/\/www.mendoza.gov.ar\/prensa\/?attachment_id=317710\" class=\"wp-image-317710 img-responsive center-block\"><\/a><\/figure><\/li><\/ul><\/figure>\n<\/body><\/html>\n","protected":false},"excerpt":{"rendered":"La Direcci&oacute;n General de Escuelas y el Municipio acompa&ntilde;aron a los estudiantes y compartieron una charla sobre c&oacute;mo fue participar y formarse en esta especializaci&oacute;n que es muy importante para el departamento sure&ntilde;o. Autoridades de la Direcci&oacute;n General de Escuelas (DGE) participaron este jueves en el acto de fin de curso del aula taller m&oacute;vil&#8230; <a class=\"view-article\" href=\"https:\/\/www.mendoza.gov.ar\/prensa\/estudiantes-de-alvear-finalizaron-su-formacion-en-el-aula-movil-de-gastronomia\/\"><\/a>","protected":false},"author":68,"featured_media":317708,"comment_status":"open","ping_status":"open","sticky":false,"template":"","format":"standard","meta":[],"categories":[12],"tags":[],"_links":{"self":[{"href":"https:\/\/www.mendoza.gov.ar\/prensa\/wp-json\/wp\/v2\/posts\/317690"}],"collection":[{"href":"https:\/\/www.mendoza.gov.ar\/prensa\/wp-json\/wp\/v2\/posts"}],"about":[{"href":"https:\/\/www.mendoza.gov.ar\/prensa\/wp-json\/wp\/v2\/types\/post"}],"author":[{"embeddable":true,"href":"https:\/\/www.mendoza.gov.ar\/prensa\/wp-json\/wp\/v2\/users\/68"}],"replies":[{"embeddable":true,"href":"https:\/\/www.mendoza.gov.ar\/prensa\/wp-json\/wp\/v2\/comments?post=317690"}],"version-history":[{"count":4,"href":"https:\/\/www.mendoza.gov.ar\/prensa\/wp-json\/wp\/v2\/posts\/317690\/revisions"}],"predecessor-version":[{"id":317711,"href":"https:\/\/www.mendoza.gov.ar\/prensa\/wp-json\/wp\/v2\/posts\/317690\/revisions\/317711"}],"wp:featuredmedia":[{"embeddable":true,"href":"https:\/\/www.mendoza.gov.ar\/prensa\/wp-json\/wp\/v2\/media\/317708"}],"wp:attachment":[{"href":"https:\/\/www.mendoza.gov.ar\/prensa\/wp-json\/wp\/v2\/media?parent=317690"}],"wp:term":[{"taxonomy":"category","embeddable":true,"href":"https:\/\/www.mendoza.gov.ar\/prensa\/wp-json\/wp\/v2\/categories?post=317690"},{"taxonomy":"post_tag","embeddable":true,"href":"https:\/\/www.mendoza.gov.ar\/prensa\/wp-json\/wp\/v2\/tags?post=317690"}],"curies":[{"name":"wp","href":"https:\/\/api.w.org\/{rel}","templated":true}]}}