{"id":319303,"date":"2022-07-08T16:26:53","date_gmt":"2022-07-08T19:26:53","guid":{"rendered":"https:\/\/www.mendoza.gov.ar\/prensa\/?p=319303"},"modified":"2022-07-08T19:04:59","modified_gmt":"2022-07-08T22:04:59","slug":"victor-fayad-hoy-podemos-mostrar-un-equilibrio-y-una-sana-administracion-financiera-que-nos-permite-enfrentar-la-situacion-nacional","status":"publish","type":"post","link":"https:\/\/www.mendoza.gov.ar\/prensa\/victor-fayad-hoy-podemos-mostrar-un-equilibrio-y-una-sana-administracion-financiera-que-nos-permite-enfrentar-la-situacion-nacional\/","title":{"rendered":"V\u00edctor Fayad: &#8220;Hoy podemos mostrar un equilibrio y una sana administraci\u00f3n financiera que nos permite enfrentar la situaci\u00f3n nacional&#8221;"},"content":{"rendered":"<!DOCTYPE html PUBLIC \"-\/\/W3C\/\/DTD HTML 4.0 Transitional\/\/EN\" \"http:\/\/www.w3.org\/TR\/REC-html40\/loose.dtd\">\n<html><body><h5>El ministro particip&oacute; en una nueva reuni&oacute;n del Comit&eacute; Ejecutivo del Consejo Tributario Mendoza realizada en Tunuy&aacute;n. Estuvieron presentes los intendentes de Tunuy&aacute;n, Mart&iacute;n Aveiro, y de Tupungato, Gustavo Soto; el administrador general de ATM, Alejandro Donati, y miembros del Consejo Tributario Mendoza.<\/h5>\n\n\n\n<p>Se realiz&oacute; este viernes en Tunuy&aacute;n una nueva reuni&oacute;n del Comit&eacute; Ejecutivo del Consejo Tributario Mendoza. Participaron en el encuentro el ministro de Hacienda y Finanzas, V&iacute;ctor Fayad; el intendente de Tunuy&aacute;n, Mart&iacute;n Aveiro; el intendente de Tupungato, Gustavo Soto; el administrador general de ATM, Alejandro Donati; el director general de Rentas, Nicol&aacute;s Chaves, y miembros del Consejo Tributario Mendoza.<\/p>\n\n\n\n<p>Adem&aacute;s, estuvieron presentes en la reuni&oacute;n jueces tributarios de Mendoza personal del Tribunal de Cuentas y senadores y diputados de la Comisi&oacute;n de Hacienda y Presupuesto de cada c&aacute;mara.<\/p>\n\n\n\n<p>Sobre este encuentro, el ministro de Hacienda y Finanzas resalt&oacute;: &ldquo;El Consejo Tributario es un &oacute;rgano que viene funcionando hace mucho tiempo. Es el &oacute;rgano en el cual los municipios y la provincia discuten, cooperan, coordinan cuestiones relativas no solo a la parte tributaria y a las mejores t&eacute;cnicas para recaudar sino que tambi&eacute;n lo extendemos en la mayor&iacute;a de los casos, en esta oportunidad, en Tunuy&aacute;n hablamos mucho de las nuevas tecnolog&iacute;as aplicadas a la gesti&oacute;n&rdquo;.<\/p>\n\n\n\n<p>Por su parte, el intendente de Tunuy&aacute;n, Mart&iacute;n Aveiro, dijo: &ldquo;Celebro que se lleve a cabo este encuentro, porque genera que todos los equipos de Hacienda puedan intercambiar, relacionarse e implementar para mejorar y transformar en algo mejor para cada departamento&rdquo;.<\/p>\n\n\n\n<p>La apertura la realizaron Nicol&aacute;s Chaves, director general de Rentas y Leonardo Saumell, coordinador del Consejo Tributario. Luego, Jer&oacute;nimo Al&oacute;s, secretario de Hacienda de Tunuy&aacute;n, expuso sobre Cargo por alumbrado p&uacute;blico en Tunuy&aacute;n, mientras que el director general de Rentas y Daniel Villa, jefe de Gesti&oacute;n de Cobranzas de ATM, presentaron Gesti&oacute;n integral de la mora: provincia-municipios y Georreferenciaci&oacute;n de notificaciones en procesos de apremio, respectivamente.<\/p>\n\n\n\n<p>Uno de los temas principales de la reuni&oacute;n estuvo a cargo de Fernando Melossi, director de Modernizaci&oacute;n e Innovaci&oacute;n de ATM, quien explic&oacute; <em>Blockchain <\/em>y administraci&oacute;n tributaria. La tecnolog&iacute;a <em>blockchain <\/em>busca que los procesos de licitaciones, compras, ventas y contrataciones de bienes y servicios del Poder Ejecutivo sean m&aacute;s descentralizados, transparentes y rastreables. Actualmente, la Administraci&oacute;n Tributaria Mendoza ya cuenta con tecnolog&iacute;a <em>blockchain <\/em>y esto garantiza que todos los tr&aacute;mites y procedimientos administrativos electr&oacute;nicos sean incorruptibles, lo que evita todo tipo de fraude.<\/p>\n\n\n\n<p>La jornada continu&oacute; con las charlas del ministro de Hacienda y Finanzas sobre Responsabilidad Fiscal-Desaf&iacute;os 2022-2023 y de Rodolfo Correa Becker, director general de Inversi&oacute;n P&uacute;blica sobre Avances en la ejecuci&oacute;n del Programa de Inversi&oacute;n Productiva de Municipios.<\/p>\n\n\n\n<p>Respecto de la situaci&oacute;n la Provincia, Fayad destac&oacute;: &ldquo;Mendoza siempre tuvo una autonom&iacute;a financiera que es cu&aacute;nto de los recursos que se recaudan son propios y la Provincia siempre se destac&oacute; por eso y por tener una administraci&oacute;n financiera muy saludable. Hoy, podemos mostrar un equilibrio y una sana administraci&oacute;n financiera que nos permite enfrentar la situaci&oacute;n nacional&rdquo;.<\/p>\n\n\n\n<p>El cierre de la reuni&oacute;n del Comit&eacute; Ejecutivo del Consejo Tributario Mendoza estuvo a cargo del ministro V&iacute;ctor Fayad y del intendente de Tunuy&aacute;n, Mart&iacute;n Aveiro, quienes realizaron un balance de la jornada.<\/p>\n\n\n\n<figure class=\"wp-block-gallery columns-2\"><ul class=\"blocks-gallery-grid\"><li class=\"blocks-gallery-item\"><figure><a href=\"https:\/\/www.mendoza.gov.ar\/wp-content\/uploads\/sites\/5\/2022\/07\/WhatsApp-Image-2022-07-08-at-4.21.58-PM-1.jpeg\"><img loading=\"lazy\" width=\"700\" height=\"466\" src=\"https:\/\/www.mendoza.gov.ar\/wp-content\/uploads\/sites\/5\/2022\/07\/WhatsApp-Image-2022-07-08-at-4.21.58-PM-1-700x466.jpeg\" alt=\"\" data-id=\"319304\" data-full-url=\"https:\/\/www.mendoza.gov.ar\/wp-content\/uploads\/sites\/5\/2022\/07\/WhatsApp-Image-2022-07-08-at-4.21.58-PM-1.jpeg\" data-link=\"https:\/\/www.mendoza.gov.ar\/prensa\/?attachment_id=319304\" class=\"wp-image-319304 img-responsive center-block\" srcset=\"https:\/\/www.mendoza.gov.ar\/wp-content\/uploads\/sites\/5\/2022\/07\/WhatsApp-Image-2022-07-08-at-4.21.58-PM-1-700x466.jpeg 700w, https:\/\/www.mendoza.gov.ar\/wp-content\/uploads\/sites\/5\/2022\/07\/WhatsApp-Image-2022-07-08-at-4.21.58-PM-1-250x167.jpeg 250w, https:\/\/www.mendoza.gov.ar\/wp-content\/uploads\/sites\/5\/2022\/07\/WhatsApp-Image-2022-07-08-at-4.21.58-PM-1-768x512.jpeg 768w, https:\/\/www.mendoza.gov.ar\/wp-content\/uploads\/sites\/5\/2022\/07\/WhatsApp-Image-2022-07-08-at-4.21.58-PM-1-120x80.jpeg 120w, https:\/\/www.mendoza.gov.ar\/wp-content\/uploads\/sites\/5\/2022\/07\/WhatsApp-Image-2022-07-08-at-4.21.58-PM-1.jpeg 1280w\" sizes=\"(max-width: 700px) 100vw, 700px\"><\/a><\/figure><\/li><li class=\"blocks-gallery-item\"><figure><a href=\"https:\/\/www.mendoza.gov.ar\/wp-content\/uploads\/sites\/5\/2022\/07\/WhatsApp-Image-2022-07-08-at-4.21.58-PM.jpeg\"><img src=\"https:\/\/www.mendoza.gov.ar\/wp-content\/uploads\/sites\/5\/2022\/07\/WhatsApp-Image-2022-07-08-at-4.21.58-PM-700x466.jpeg\" alt=\"\" data-id=\"319305\" data-full-url=\"https:\/\/www.mendoza.gov.ar\/wp-content\/uploads\/sites\/5\/2022\/07\/WhatsApp-Image-2022-07-08-at-4.21.58-PM.jpeg\" data-link=\"https:\/\/www.mendoza.gov.ar\/prensa\/?attachment_id=319305\" class=\"wp-image-319305 img-responsive center-block\"><\/a><\/figure><\/li><\/ul><\/figure>\n<\/body><\/html>\n","protected":false},"excerpt":{"rendered":"El ministro particip&oacute; en una nueva reuni&oacute;n del Comit&eacute; Ejecutivo del Consejo Tributario Mendoza realizada en Tunuy&aacute;n. Estuvieron presentes los intendentes de Tunuy&aacute;n, Mart&iacute;n Aveiro, y de Tupungato, Gustavo Soto; el administrador general de ATM, Alejandro Donati, y miembros del Consejo Tributario Mendoza. Se realiz&oacute; este viernes en Tunuy&aacute;n una nueva reuni&oacute;n del Comit&eacute; Ejecutivo&#8230; <a class=\"view-article\" href=\"https:\/\/www.mendoza.gov.ar\/prensa\/victor-fayad-hoy-podemos-mostrar-un-equilibrio-y-una-sana-administracion-financiera-que-nos-permite-enfrentar-la-situacion-nacional\/\"><\/a>","protected":false},"author":68,"featured_media":319305,"comment_status":"open","ping_status":"open","sticky":false,"template":"","format":"standard","meta":[],"categories":[4,21],"tags":[],"_links":{"self":[{"href":"https:\/\/www.mendoza.gov.ar\/prensa\/wp-json\/wp\/v2\/posts\/319303"}],"collection":[{"href":"https:\/\/www.mendoza.gov.ar\/prensa\/wp-json\/wp\/v2\/posts"}],"about":[{"href":"https:\/\/www.mendoza.gov.ar\/prensa\/wp-json\/wp\/v2\/types\/post"}],"author":[{"embeddable":true,"href":"https:\/\/www.mendoza.gov.ar\/prensa\/wp-json\/wp\/v2\/users\/68"}],"replies":[{"embeddable":true,"href":"https:\/\/www.mendoza.gov.ar\/prensa\/wp-json\/wp\/v2\/comments?post=319303"}],"version-history":[{"count":2,"href":"https:\/\/www.mendoza.gov.ar\/prensa\/wp-json\/wp\/v2\/posts\/319303\/revisions"}],"predecessor-version":[{"id":319341,"href":"https:\/\/www.mendoza.gov.ar\/prensa\/wp-json\/wp\/v2\/posts\/319303\/revisions\/319341"}],"wp:featuredmedia":[{"embeddable":true,"href":"https:\/\/www.mendoza.gov.ar\/prensa\/wp-json\/wp\/v2\/media\/319305"}],"wp:attachment":[{"href":"https:\/\/www.mendoza.gov.ar\/prensa\/wp-json\/wp\/v2\/media?parent=319303"}],"wp:term":[{"taxonomy":"category","embeddable":true,"href":"https:\/\/www.mendoza.gov.ar\/prensa\/wp-json\/wp\/v2\/categories?post=319303"},{"taxonomy":"post_tag","embeddable":true,"href":"https:\/\/www.mendoza.gov.ar\/prensa\/wp-json\/wp\/v2\/tags?post=319303"}],"curies":[{"name":"wp","href":"https:\/\/api.w.org\/{rel}","templated":true}]}}