{"id":319359,"date":"2022-07-08T22:57:57","date_gmt":"2022-07-09T01:57:57","guid":{"rendered":"https:\/\/www.mendoza.gov.ar\/prensa\/?p=319359"},"modified":"2022-07-09T11:09:52","modified_gmt":"2022-07-09T14:09:52","slug":"visperas-del-9-de-julio-suarez-presencio-el-espectaculo-seamos-libres-en-el-cerro-de-la-gloria","status":"publish","type":"post","link":"https:\/\/www.mendoza.gov.ar\/prensa\/visperas-del-9-de-julio-suarez-presencio-el-espectaculo-seamos-libres-en-el-cerro-de-la-gloria\/","title":{"rendered":"V\u00edsperas del 9 de Julio: Suarez presenci\u00f3 el espect\u00e1culo \u201cSeamos libres\u201d en el Cerro de la Gloria"},"content":{"rendered":"<!DOCTYPE html PUBLIC \"-\/\/W3C\/\/DTD HTML 4.0 Transitional\/\/EN\" \"http:\/\/www.w3.org\/TR\/REC-html40\/loose.dtd\">\n<html><body><h5>El Gobernador asisti&oacute; al espect&aacute;culo de luces y sonidos que se llev&oacute; adelante en el Monumento a San Mart&iacute;n del Cerro de la Gloria.<\/h5>\n\n\n\n<p>En las v&iacute;speras de un nuevo aniversario de la independencia argentina, el Gobernador Rodolfo Suarez asisti&oacute; este viernes al espect&aacute;culo <em>Seamos libres<\/em>, en el Monumento a San Mart&iacute;n del Cerro de la Gloria. Se trata de una imponente puesta de luz y sonido que repasa la gesta sanmartiniana.<\/p>\n\n\n\n<p>Estuvieron presentes en el acto adem&aacute;s el vicegobernador, Mario Abed; el intendente de la Ciudad de Mendoza, Ulpiano Suarez; la presidenta&nbsp; provisional del Senado, Natacha Eisenchlas; el presidente de la C&aacute;mara de Diputados, Andr&eacute;s Lombardi; funcionarios del gabinete provincial; la reina nacional de la Vendimia, Natasha S&aacute;nchez; la virreina, Giuliana Pilot; el cuerpo consular de la VIII Brigada de Monta&ntilde;a, IV Brigada A&eacute;rea y Gendarmer&iacute;a nacional, representantes de entidades tur&iacute;sticas y sanmartinianos.&nbsp;&nbsp;<\/p>\n\n\n\n<p>Luego de la presentaci&oacute;n del espect&aacute;culo, el Gobernador dialog&oacute; con la prensa y anticip&oacute; que se espera una ocupaci&oacute;n hotelera total para estas vacaciones de invierno, y se&ntilde;al&oacute; que &ldquo;eso se traduce en trabajo y crecimiento&rdquo;.&nbsp;<\/p>\n\n\n\n<p>El mandatario invit&oacute; a todos, mendocinos y turistas, a disfrutar del espect&aacute;culo del Cerro de la Gloria en el marco de las obras de reestructuraci&oacute;n del paseo, y anticip&oacute; que &ldquo;durante los pr&oacute;ximos d&iacute;as se licitar&aacute;n las obras del Ecoparque, que se integrar&aacute;n a la renovaci&oacute;n del cerro&rdquo;.<\/p>\n\n\n\n<p>Sobre el escenario nacional, Suarez sostuvo que &ldquo;es una situaci&oacute;n de mucha tristeza para todos los argentinos. Es doloroso y es injusto que esta crisis econ&oacute;mica y social que estamos viviendo se agrave por una crisis pol&iacute;tica del Gobierno&rdquo;. Y a&ntilde;adi&oacute;: &ldquo;Queremos que sea una Patria justa, no queremos que haya pobreza, queremos que toda la gente pueda crecer con estabilidad en la econom&iacute;a&rdquo;.<\/p>\n\n\n\n<p>Suarez se&ntilde;al&oacute;: &ldquo;La manera de salir adelante, aunque parezca repetitivo, es el consenso. Ojal&aacute; todos trabajemos para que los argentinos no la pasen mal&rdquo;.<\/p>\n\n\n\n<p>La ministra Nora Vicario, en tanto, declar&oacute;: &ldquo;Estamos presentando la puesta en valor del Cerro de la Gloria, luego de una recuperaci&oacute;n de todo el monumento, un gran trabajo que se realiz&oacute; durante la pandemia y hoy lo ponemos en valor con este espect&aacute;culo&rdquo;.<\/p>\n\n\n\n<p>Sobre las proyecciones tur&iacute;sticas para las vacaciones de invierno, la ministra detall&oacute; que &ldquo;la provincia tiene 81% de ocupaci&oacute;n hotelera, con muy buenas expectativas para que durante todo el mes de julio se cumpla el lleno total&rdquo;.&nbsp;<\/p>\n\n\n\n<p>La ministra detall&oacute; el trabajo que se realiza desde su cartera: &ldquo;Hacemos proyecciones desde el Observatorio de Turismo que nos permiten ir midiendo semana a semana. Teniendo en cuenta lo que viene sucediendo desde la temporada de verano pasada, esperamos llegar al lleno total durante este mes&rdquo;.<\/p>\n\n\n\n<p>Para finalizar, Vicario resalt&oacute; la oferta cultural que se ofrece en toda la provincia a trav&eacute;s de cada municipio.&nbsp;<\/p>\n\n\n\n<p><strong><em>Seamos libres<\/em><\/strong><\/p>\n\n\n\n<p>Desde este 9 de Julio, Mendoza ofrecer&aacute; un espect&aacute;culo en uno de sus monumentos ic&oacute;nicos. El objetivo de esta propuesta es diversificar la oferta tur&iacute;stica de la provincia y el desarrollo de la Ruta Sanmartiniana. Se trabaj&oacute; la puesta en valor cultural y patrimonial del Cerro de la Gloria. El espect&aacute;culo <em>Seamos libres<\/em> hace referencia no solo al monumento sino a rescatar la magnitud de la gesta sanmartiniana.<\/p>\n\n\n\n<p>Durante el mes de julio, los d&iacute;as jueves, viernes y s&aacute;bado, en dos horarios, a las 18.30 y a las 20, se podr&aacute; disfrutar de esta impactante propuesta en el monumento emblem&aacute;tico. Las entradas se pueden adquirir en <a href=\"http:\/\/www.entradaweb.com.ar\/\">www.entradaweb.com.ar<\/a>. Si bien los <em>tickets <\/em>para el 9 de Julio ya est&aacute;n agotados, se pueden adquirir para el resto de las funciones del mes.&nbsp;&nbsp;<\/p>\n\n\n\n<p>Para la mejora la infraestructura tur&iacute;stica y con el fin de dotar de nuevas experiencias a la provincia de Mendoza, se avanz&oacute; en la puesta en valor del Monumento al Ej&eacute;rcito de los Andes y en el desarrollo de un espect&aacute;culo nocturno de luz y sonido, con el fin de ampliar los horarios de visita y las alternativas de disfrute del sitio.<\/p>\n\n\n\n<p>El Cerro de la Gloria constituye una verdadera postal de Mendoza, no solo por su historia sino por su belleza y por lo que representa. Es un sitio de reuni&oacute;n de mendocinos y uno de los m&aacute;s fotografiados por los que visitan la provincia.<\/p>\n\n\n\n<p>El emotivo espect&aacute;culo de luz y sonido surge de una idea argumental de Pedro Marabini y Omar Escales, con textos de Gustavo Machado y el propio Marabini.<\/p>\n\n\n\n<p>Completan el staff art&iacute;stico:<\/p>\n\n\n\n<ul><li>Voz en off: Mauricio Morello<\/li><\/ul>\n\n\n\n<p><em>Desarrollo y producci&oacute;n de mapping<\/em><\/p>\n\n\n\n<ul><li>Natanael Navas<\/li><li>Francisco Bustos Arteaga<\/li><li>Omar Escales<\/li><li>Juan Landreau<\/li><li>Axel Lloret<\/li><\/ul>\n\n\n\n<p><em>Pl&aacute;stica de frisos para mapping<\/em><\/p>\n\n\n\n<ul><li>Israel P&eacute;rez Hugas<\/li><\/ul>\n\n\n\n<p><em>M&uacute;sica original<\/em><\/p>\n\n\n\n<ul><li>Compositores: Marcelo Pellegrino y V&iacute;ctor Far&iacute;as<\/li><li>Autor: Gustavo Machado<\/li><\/ul>\n\n\n\n<p><em>Cantantes<\/em><\/p>\n\n\n\n<ul><li>M&oacute;nica Pellegrino<\/li><li>Anal&iacute;a Elena<\/li><li>Juan Jos&eacute; Concha D&iacute;az<\/li><li>Mariel Contreras<\/li><li>Marcelo Pellegrino<\/li><\/ul>\n\n\n\n<p><em>Actores invitados<\/em><\/p>\n\n\n\n<ul><li>Gustavo Cortez<\/li><li>Virginia Zabala,<\/li><li>Claudia Contreras<\/li><li>Juli&aacute;n Romero<\/li><li>Melina Petifour<\/li><li>Jhonatan Acosta<\/li><li>Melisa Fern&aacute;ndez<\/li><li>Fabio Mercado<\/li><li>Sebasti&aacute;n Robledo<\/li><li>Isabella Mercado<\/li><li>Agustina Gu&iacute;a<\/li><li>Fernanda Sosa<\/li><li>Dorlan Qui&ntilde;ones<\/li><li>Tatiana Quendambu<\/li><li>Janer Qui&ntilde;ones<\/li><li>Santiago Caranza&nbsp;<\/li><\/ul>\n\n\n\n<ul><li>Vestuario: Ana Armend&aacute;riz<\/li><li>Programaci&oacute;n lum&iacute;nica: Dar&iacute;o Mad<\/li><li>Direcci&oacute;n general: Pedro Marabini<\/li><\/ul>\n\n\n\n<p><strong>Puesta en valor del Monumento al Ej&eacute;rcito de los Andes<\/strong><\/p>\n\n\n\n<p>En esa l&iacute;nea se realizaron diferentes tareas, entre ellas la restauraci&oacute;n del monumento y mejoras en la playa de estacionamiento superior.<\/p>\n\n\n\n<p><strong>Restauraci&oacute;n del monumento<\/strong><\/p>\n\n\n\n<p>Desde la Direcci&oacute;n de Planificaci&oacute;n y Desarrollo del Ministerio de Cultura y Turismo se coordin&oacute; la restauraci&oacute;n del Monumento al Ej&eacute;rcito de los Andes, ubicado en el Cerro de la Gloria, con fondos recibidos del Ministerio de Turismo y Deportes de la Naci&oacute;n.<\/p>\n\n\n\n<p>Con el fin de poner en &oacute;ptimas condiciones el Cerro de la Gloria, se avanz&oacute; en la restauraci&oacute;n de los frisos y sistema de iluminaci&oacute;n del monumento, lo que contempl&oacute; limpieza, desmalezado recuperaci&oacute;n y restauraci&oacute;n de piezas da&ntilde;adas, reposici&oacute;n de luminarias en la base del monumento, restauraci&oacute;n y puesta a punto de nichos de iluminaci&oacute;n.<\/p>\n\n\n\n<p>Para ello, se contrat&oacute; al maestro Miguel &Aacute;ngel Marchioni, quien junto a su equipo de profesionales realiz&oacute; un trabajo minucioso, conservando en todo momento la importancia hist&oacute;rica y patrimonial. Comenzaron con una limpieza total de toda la superficie del monumento, con el fin de tener una correcta visi&oacute;n de cada elemento a intervenir. Esto incluy&oacute; una desinfecci&oacute;n, para eliminar los agentes bi&oacute;ticos que pudieran erosionar y asegurar la correcta conservaci&oacute;n.<\/p>\n\n\n\n<p>Paralelamente a las tareas de limpieza y desinfecci&oacute;n, se procedi&oacute; al relevamiento de partes faltantes, toma de modelos, su posterior verificaci&oacute;n fotogr&aacute;fica y enumeraci&oacute;n.<\/p>\n\n\n\n<p>Los indicios recabados en las visitas de obra y su posterior verificaci&oacute;n fotogr&aacute;fica se&ntilde;alaron las partes faltantes a ser restituidas, como tambi&eacute;n los fragmentos: cuatro sables, una funda sable, dos bozales, cinco segmentos de riendas, tres espuelas y una borla. Adem&aacute;s, realizaron los modelos de cada elemento faltante, id&eacute;ntico al original, con el objeto de obtener posteriormente el o los correspondientes moldes para su fundici&oacute;n.<\/p>\n\n\n\n<p>La p&aacute;tina original y su evoluci&oacute;n en el tiempo es la adquirida por el monumento a trav&eacute;s del tiempo, desde 1914. Es la proporcionada por el envejecimiento natural de los materiales que lo constituyen. Esa p&aacute;tina tiene un valor propio y constituye un aspecto sustancial por ser parte de la historia de la obra.<\/p>\n\n\n\n<p>Las p&aacute;tinas finales, se realizaron con base en bet&uacute;n de judea a la cera. Se aplicaron con pincel, a trav&eacute;s de la t&eacute;cnica de trapeado y\/o de esponjado, seg&uacute;n criterio profesional y de acuerdo a las caracter&iacute;sticas de cada &aacute;rea a trabajar en el monumento.<\/p>\n\n\n\n<p><strong>Mejora en la playa de estacionamiento superior<\/strong><\/p>\n\n\n\n<p>Se procedi&oacute; al reemplazo de todo el sistema de luminarias existentes por iluminaci&oacute;n led, lo que permiti&oacute; disminuir en un 50% la cantidad de artefactos y postes de luz, mejorando de esta manera la iluminaci&oacute;n general de la playa superior del cerro, la seguridad del sitio y bajando el impacto visual que generaba el antiguo sistema de luminarias, modernizando de esta manera todo el espacio p&uacute;blico del sector, por donde circulan m&aacute;s de 1000 personas por d&iacute;a.<\/p>\n\n\n\n<p>Tambi&eacute;n se remplaz&oacute; el sistema de luminarias de la escalinata principal, la cual estaba obsoleta en parte y vandalizada. En este espacio se recuperaron los nichos de las luminarias, se remplazaron los artefactos y las luminarias propiamente dichas y el cableado general y la adecuaci&oacute;n de los tableros el&eacute;ctricos de todo el sistema.<\/p>\n\n\n\n<p>Se sum&oacute; equipamiento de bicicleteros, cestos de basura y bancos. Y trabajos de recuperaci&oacute;n de todo el sistema de contenci&oacute;n perimetral de piedra de dicho estacionamiento, recuperando tambi&eacute;n y mejorando todo el sistema de circulaci&oacute;n que va desde el plaquetario hasta la playa principal. Adem&aacute;s, el sistema de jardiner&iacute;a perimetral del monumento y el sistema de riego.<\/p>\n\n\n\n<figure class=\"wp-block-gallery columns-2\"><ul class=\"blocks-gallery-grid\"><li class=\"blocks-gallery-item\"><figure><a href=\"https:\/\/www.mendoza.gov.ar\/wp-content\/uploads\/sites\/5\/2022\/07\/DSC_0867-700x467.jpg\"><img src=\"https:\/\/www.mendoza.gov.ar\/wp-content\/uploads\/sites\/5\/2022\/07\/DSC_0867-700x467.jpg\" alt=\"\" data-id=\"319362\" data-link=\"https:\/\/www.mendoza.gov.ar\/prensa\/?attachment_id=319362\" class=\"wp-image-319362 img-responsive center-block\"><\/a><\/figure><\/li><li class=\"blocks-gallery-item\"><figure><a href=\"https:\/\/www.mendoza.gov.ar\/wp-content\/uploads\/sites\/5\/2022\/07\/DSC_0873-700x467.jpg\"><img loading=\"lazy\" width=\"700\" height=\"467\" src=\"https:\/\/www.mendoza.gov.ar\/wp-content\/uploads\/sites\/5\/2022\/07\/DSC_0873-700x467.jpg\" alt=\"\" data-id=\"319363\" data-link=\"https:\/\/www.mendoza.gov.ar\/prensa\/?attachment_id=319363\" class=\"wp-image-319363 img-responsive center-block\" srcset=\"https:\/\/www.mendoza.gov.ar\/wp-content\/uploads\/sites\/5\/2022\/07\/DSC_0873-700x467.jpg 700w, https:\/\/www.mendoza.gov.ar\/wp-content\/uploads\/sites\/5\/2022\/07\/DSC_0873-250x167.jpg 250w, https:\/\/www.mendoza.gov.ar\/wp-content\/uploads\/sites\/5\/2022\/07\/DSC_0873-768x512.jpg 768w, https:\/\/www.mendoza.gov.ar\/wp-content\/uploads\/sites\/5\/2022\/07\/DSC_0873-1536x1024.jpg 1536w, https:\/\/www.mendoza.gov.ar\/wp-content\/uploads\/sites\/5\/2022\/07\/DSC_0873-2048x1365.jpg 2048w, https:\/\/www.mendoza.gov.ar\/wp-content\/uploads\/sites\/5\/2022\/07\/DSC_0873-120x80.jpg 120w\" sizes=\"(max-width: 700px) 100vw, 700px\"><\/a><\/figure><\/li><li class=\"blocks-gallery-item\"><figure><a href=\"https:\/\/www.mendoza.gov.ar\/wp-content\/uploads\/sites\/5\/2022\/07\/IMG_0654-700x467.jpeg\"><img loading=\"lazy\" width=\"700\" height=\"467\" src=\"https:\/\/www.mendoza.gov.ar\/wp-content\/uploads\/sites\/5\/2022\/07\/IMG_0654-700x467.jpeg\" alt=\"\" data-id=\"319364\" data-link=\"https:\/\/www.mendoza.gov.ar\/prensa\/?attachment_id=319364\" class=\"wp-image-319364 img-responsive center-block\" srcset=\"https:\/\/www.mendoza.gov.ar\/wp-content\/uploads\/sites\/5\/2022\/07\/IMG_0654-700x467.jpeg 700w, https:\/\/www.mendoza.gov.ar\/wp-content\/uploads\/sites\/5\/2022\/07\/IMG_0654-250x167.jpeg 250w, https:\/\/www.mendoza.gov.ar\/wp-content\/uploads\/sites\/5\/2022\/07\/IMG_0654-768x512.jpeg 768w, https:\/\/www.mendoza.gov.ar\/wp-content\/uploads\/sites\/5\/2022\/07\/IMG_0654-1536x1024.jpeg 1536w, https:\/\/www.mendoza.gov.ar\/wp-content\/uploads\/sites\/5\/2022\/07\/IMG_0654-2048x1365.jpeg 2048w, https:\/\/www.mendoza.gov.ar\/wp-content\/uploads\/sites\/5\/2022\/07\/IMG_0654-120x80.jpeg 120w\" sizes=\"(max-width: 700px) 100vw, 700px\"><\/a><\/figure><\/li><li class=\"blocks-gallery-item\"><figure><a href=\"https:\/\/www.mendoza.gov.ar\/wp-content\/uploads\/sites\/5\/2022\/07\/DSC_0857-700x467.jpg\"><img loading=\"lazy\" width=\"700\" height=\"467\" src=\"https:\/\/www.mendoza.gov.ar\/wp-content\/uploads\/sites\/5\/2022\/07\/DSC_0857-700x467.jpg\" alt=\"\" data-id=\"319365\" data-link=\"https:\/\/www.mendoza.gov.ar\/prensa\/?attachment_id=319365\" class=\"wp-image-319365 img-responsive center-block\" srcset=\"https:\/\/www.mendoza.gov.ar\/wp-content\/uploads\/sites\/5\/2022\/07\/DSC_0857-700x467.jpg 700w, https:\/\/www.mendoza.gov.ar\/wp-content\/uploads\/sites\/5\/2022\/07\/DSC_0857-250x167.jpg 250w, https:\/\/www.mendoza.gov.ar\/wp-content\/uploads\/sites\/5\/2022\/07\/DSC_0857-768x512.jpg 768w, https:\/\/www.mendoza.gov.ar\/wp-content\/uploads\/sites\/5\/2022\/07\/DSC_0857-1536x1024.jpg 1536w, https:\/\/www.mendoza.gov.ar\/wp-content\/uploads\/sites\/5\/2022\/07\/DSC_0857-2048x1365.jpg 2048w, https:\/\/www.mendoza.gov.ar\/wp-content\/uploads\/sites\/5\/2022\/07\/DSC_0857-120x80.jpg 120w\" sizes=\"(max-width: 700px) 100vw, 700px\"><\/a><\/figure><\/li><li class=\"blocks-gallery-item\"><figure><a href=\"https:\/\/www.mendoza.gov.ar\/wp-content\/uploads\/sites\/5\/2022\/07\/DSC_1047-700x467.jpg\"><img loading=\"lazy\" width=\"700\" height=\"467\" src=\"https:\/\/www.mendoza.gov.ar\/wp-content\/uploads\/sites\/5\/2022\/07\/DSC_1047-700x467.jpg\" alt=\"\" data-id=\"319366\" data-link=\"https:\/\/www.mendoza.gov.ar\/prensa\/?attachment_id=319366\" class=\"wp-image-319366 img-responsive center-block\" srcset=\"https:\/\/www.mendoza.gov.ar\/wp-content\/uploads\/sites\/5\/2022\/07\/DSC_1047-700x467.jpg 700w, https:\/\/www.mendoza.gov.ar\/wp-content\/uploads\/sites\/5\/2022\/07\/DSC_1047-250x167.jpg 250w, https:\/\/www.mendoza.gov.ar\/wp-content\/uploads\/sites\/5\/2022\/07\/DSC_1047-768x512.jpg 768w, https:\/\/www.mendoza.gov.ar\/wp-content\/uploads\/sites\/5\/2022\/07\/DSC_1047-1536x1024.jpg 1536w, https:\/\/www.mendoza.gov.ar\/wp-content\/uploads\/sites\/5\/2022\/07\/DSC_1047-2048x1365.jpg 2048w, https:\/\/www.mendoza.gov.ar\/wp-content\/uploads\/sites\/5\/2022\/07\/DSC_1047-120x80.jpg 120w\" sizes=\"(max-width: 700px) 100vw, 700px\"><\/a><\/figure><\/li><li class=\"blocks-gallery-item\"><figure><a href=\"https:\/\/www.mendoza.gov.ar\/wp-content\/uploads\/sites\/5\/2022\/07\/DSC_0754-700x467.jpg\"><img loading=\"lazy\" width=\"700\" height=\"467\" src=\"https:\/\/www.mendoza.gov.ar\/wp-content\/uploads\/sites\/5\/2022\/07\/DSC_0754-700x467.jpg\" alt=\"\" data-id=\"319367\" data-link=\"https:\/\/www.mendoza.gov.ar\/prensa\/?attachment_id=319367\" class=\"wp-image-319367 img-responsive center-block\" srcset=\"https:\/\/www.mendoza.gov.ar\/wp-content\/uploads\/sites\/5\/2022\/07\/DSC_0754-700x467.jpg 700w, https:\/\/www.mendoza.gov.ar\/wp-content\/uploads\/sites\/5\/2022\/07\/DSC_0754-250x167.jpg 250w, https:\/\/www.mendoza.gov.ar\/wp-content\/uploads\/sites\/5\/2022\/07\/DSC_0754-768x512.jpg 768w, https:\/\/www.mendoza.gov.ar\/wp-content\/uploads\/sites\/5\/2022\/07\/DSC_0754-1536x1024.jpg 1536w, https:\/\/www.mendoza.gov.ar\/wp-content\/uploads\/sites\/5\/2022\/07\/DSC_0754-2048x1365.jpg 2048w, https:\/\/www.mendoza.gov.ar\/wp-content\/uploads\/sites\/5\/2022\/07\/DSC_0754-120x80.jpg 120w\" sizes=\"(max-width: 700px) 100vw, 700px\"><\/a><\/figure><\/li><li class=\"blocks-gallery-item\"><figure><a href=\"https:\/\/www.mendoza.gov.ar\/wp-content\/uploads\/sites\/5\/2022\/07\/DSC_1021-700x987.jpg\"><img loading=\"lazy\" width=\"700\" height=\"987\" src=\"https:\/\/www.mendoza.gov.ar\/wp-content\/uploads\/sites\/5\/2022\/07\/DSC_1021-700x987.jpg\" alt=\"\" data-id=\"319368\" data-link=\"https:\/\/www.mendoza.gov.ar\/prensa\/?attachment_id=319368\" class=\"wp-image-319368 img-responsive center-block\" srcset=\"https:\/\/www.mendoza.gov.ar\/wp-content\/uploads\/sites\/5\/2022\/07\/DSC_1021-700x987.jpg 700w, https:\/\/www.mendoza.gov.ar\/wp-content\/uploads\/sites\/5\/2022\/07\/DSC_1021-250x353.jpg 250w, https:\/\/www.mendoza.gov.ar\/wp-content\/uploads\/sites\/5\/2022\/07\/DSC_1021-768x1083.jpg 768w, https:\/\/www.mendoza.gov.ar\/wp-content\/uploads\/sites\/5\/2022\/07\/DSC_1021-1089x1536.jpg 1089w, https:\/\/www.mendoza.gov.ar\/wp-content\/uploads\/sites\/5\/2022\/07\/DSC_1021-1452x2048.jpg 1452w, https:\/\/www.mendoza.gov.ar\/wp-content\/uploads\/sites\/5\/2022\/07\/DSC_1021-120x169.jpg 120w\" sizes=\"(max-width: 700px) 100vw, 700px\"><\/a><\/figure><\/li><li class=\"blocks-gallery-item\"><figure><a href=\"https:\/\/www.mendoza.gov.ar\/wp-content\/uploads\/sites\/5\/2022\/07\/IMG_0787.jpeg\"><img loading=\"lazy\" width=\"700\" height=\"1050\" src=\"https:\/\/www.mendoza.gov.ar\/wp-content\/uploads\/sites\/5\/2022\/07\/IMG_0787-700x1050.jpeg\" alt=\"\" data-id=\"319372\" data-full-url=\"https:\/\/www.mendoza.gov.ar\/wp-content\/uploads\/sites\/5\/2022\/07\/IMG_0787.jpeg\" data-link=\"https:\/\/www.mendoza.gov.ar\/prensa\/?attachment_id=319372\" class=\"wp-image-319372 img-responsive center-block\" srcset=\"https:\/\/www.mendoza.gov.ar\/wp-content\/uploads\/sites\/5\/2022\/07\/IMG_0787-700x1050.jpeg 700w, https:\/\/www.mendoza.gov.ar\/wp-content\/uploads\/sites\/5\/2022\/07\/IMG_0787-250x375.jpeg 250w, https:\/\/www.mendoza.gov.ar\/wp-content\/uploads\/sites\/5\/2022\/07\/IMG_0787-768x1152.jpeg 768w, https:\/\/www.mendoza.gov.ar\/wp-content\/uploads\/sites\/5\/2022\/07\/IMG_0787-1024x1536.jpeg 1024w, https:\/\/www.mendoza.gov.ar\/wp-content\/uploads\/sites\/5\/2022\/07\/IMG_0787-1365x2048.jpeg 1365w, https:\/\/www.mendoza.gov.ar\/wp-content\/uploads\/sites\/5\/2022\/07\/IMG_0787-120x180.jpeg 120w, https:\/\/www.mendoza.gov.ar\/wp-content\/uploads\/sites\/5\/2022\/07\/IMG_0787.jpeg 2000w\" sizes=\"(max-width: 700px) 100vw, 700px\"><\/a><\/figure><\/li><li class=\"blocks-gallery-item\"><figure><a href=\"https:\/\/www.mendoza.gov.ar\/wp-content\/uploads\/sites\/5\/2022\/07\/IMG_0685-700x467.jpeg\"><img loading=\"lazy\" width=\"700\" height=\"467\" src=\"https:\/\/www.mendoza.gov.ar\/wp-content\/uploads\/sites\/5\/2022\/07\/IMG_0685-700x467.jpeg\" alt=\"\" data-id=\"319370\" data-link=\"https:\/\/www.mendoza.gov.ar\/prensa\/?attachment_id=319370\" class=\"wp-image-319370 img-responsive center-block\" srcset=\"https:\/\/www.mendoza.gov.ar\/wp-content\/uploads\/sites\/5\/2022\/07\/IMG_0685-700x467.jpeg 700w, https:\/\/www.mendoza.gov.ar\/wp-content\/uploads\/sites\/5\/2022\/07\/IMG_0685-250x167.jpeg 250w, https:\/\/www.mendoza.gov.ar\/wp-content\/uploads\/sites\/5\/2022\/07\/IMG_0685-768x512.jpeg 768w, https:\/\/www.mendoza.gov.ar\/wp-content\/uploads\/sites\/5\/2022\/07\/IMG_0685-1536x1024.jpeg 1536w, https:\/\/www.mendoza.gov.ar\/wp-content\/uploads\/sites\/5\/2022\/07\/IMG_0685-2048x1365.jpeg 2048w, https:\/\/www.mendoza.gov.ar\/wp-content\/uploads\/sites\/5\/2022\/07\/IMG_0685-120x80.jpeg 120w\" sizes=\"(max-width: 700px) 100vw, 700px\"><\/a><\/figure><\/li><li class=\"blocks-gallery-item\"><figure><a href=\"https:\/\/www.mendoza.gov.ar\/wp-content\/uploads\/sites\/5\/2022\/07\/DSC_0775-700x467.jpg\"><img loading=\"lazy\" width=\"700\" height=\"467\" src=\"https:\/\/www.mendoza.gov.ar\/wp-content\/uploads\/sites\/5\/2022\/07\/DSC_0775-700x467.jpg\" alt=\"\" data-id=\"319369\" data-link=\"https:\/\/www.mendoza.gov.ar\/prensa\/?attachment_id=319369\" class=\"wp-image-319369 img-responsive center-block\" srcset=\"https:\/\/www.mendoza.gov.ar\/wp-content\/uploads\/sites\/5\/2022\/07\/DSC_0775-700x467.jpg 700w, https:\/\/www.mendoza.gov.ar\/wp-content\/uploads\/sites\/5\/2022\/07\/DSC_0775-250x167.jpg 250w, https:\/\/www.mendoza.gov.ar\/wp-content\/uploads\/sites\/5\/2022\/07\/DSC_0775-768x512.jpg 768w, https:\/\/www.mendoza.gov.ar\/wp-content\/uploads\/sites\/5\/2022\/07\/DSC_0775-1536x1024.jpg 1536w, https:\/\/www.mendoza.gov.ar\/wp-content\/uploads\/sites\/5\/2022\/07\/DSC_0775-2048x1365.jpg 2048w, https:\/\/www.mendoza.gov.ar\/wp-content\/uploads\/sites\/5\/2022\/07\/DSC_0775-120x80.jpg 120w\" sizes=\"(max-width: 700px) 100vw, 700px\"><\/a><\/figure><\/li><\/ul><\/figure>\n<\/body><\/html>\n","protected":false},"excerpt":{"rendered":"El Gobernador asisti&oacute; al espect&aacute;culo de luces y sonidos que se llev&oacute; adelante en el Monumento a San Mart&iacute;n del Cerro de la Gloria. En las v&iacute;speras de un nuevo aniversario de la independencia argentina, el Gobernador Rodolfo Suarez asisti&oacute; este viernes al espect&aacute;culo Seamos libres, en el Monumento a San Mart&iacute;n del Cerro de&#8230; <a class=\"view-article\" href=\"https:\/\/www.mendoza.gov.ar\/prensa\/visperas-del-9-de-julio-suarez-presencio-el-espectaculo-seamos-libres-en-el-cerro-de-la-gloria\/\"><\/a>","protected":false},"author":68,"featured_media":319362,"comment_status":"open","ping_status":"open","sticky":false,"template":"","format":"standard","meta":[],"categories":[19],"tags":[],"_links":{"self":[{"href":"https:\/\/www.mendoza.gov.ar\/prensa\/wp-json\/wp\/v2\/posts\/319359"}],"collection":[{"href":"https:\/\/www.mendoza.gov.ar\/prensa\/wp-json\/wp\/v2\/posts"}],"about":[{"href":"https:\/\/www.mendoza.gov.ar\/prensa\/wp-json\/wp\/v2\/types\/post"}],"author":[{"embeddable":true,"href":"https:\/\/www.mendoza.gov.ar\/prensa\/wp-json\/wp\/v2\/users\/68"}],"replies":[{"embeddable":true,"href":"https:\/\/www.mendoza.gov.ar\/prensa\/wp-json\/wp\/v2\/comments?post=319359"}],"version-history":[{"count":11,"href":"https:\/\/www.mendoza.gov.ar\/prensa\/wp-json\/wp\/v2\/posts\/319359\/revisions"}],"predecessor-version":[{"id":319387,"href":"https:\/\/www.mendoza.gov.ar\/prensa\/wp-json\/wp\/v2\/posts\/319359\/revisions\/319387"}],"wp:featuredmedia":[{"embeddable":true,"href":"https:\/\/www.mendoza.gov.ar\/prensa\/wp-json\/wp\/v2\/media\/319362"}],"wp:attachment":[{"href":"https:\/\/www.mendoza.gov.ar\/prensa\/wp-json\/wp\/v2\/media?parent=319359"}],"wp:term":[{"taxonomy":"category","embeddable":true,"href":"https:\/\/www.mendoza.gov.ar\/prensa\/wp-json\/wp\/v2\/categories?post=319359"},{"taxonomy":"post_tag","embeddable":true,"href":"https:\/\/www.mendoza.gov.ar\/prensa\/wp-json\/wp\/v2\/tags?post=319359"}],"curies":[{"name":"wp","href":"https:\/\/api.w.org\/{rel}","templated":true}]}}