{"id":321406,"date":"2022-07-31T07:34:00","date_gmt":"2022-07-31T10:34:00","guid":{"rendered":"https:\/\/www.mendoza.gov.ar\/prensa\/?p=321406"},"modified":"2022-07-29T19:25:53","modified_gmt":"2022-07-29T22:25:53","slug":"economia-trabaja-junto-a-la-fundacion-telefonica-movistar-para-brindar-becas-de-formacion-tecnologica","status":"publish","type":"post","link":"https:\/\/www.mendoza.gov.ar\/prensa\/economia-trabaja-junto-a-la-fundacion-telefonica-movistar-para-brindar-becas-de-formacion-tecnologica\/","title":{"rendered":"Econom\u00eda trabaja junto a la Fundaci\u00f3n Telef\u00f3nica Movistar para brindar becas de formaci\u00f3n tecnol\u00f3gica"},"content":{"rendered":"<!DOCTYPE html PUBLIC \"-\/\/W3C\/\/DTD HTML 4.0 Transitional\/\/EN\" \"http:\/\/www.w3.org\/TR\/REC-html40\/loose.dtd\">\n<html><body><h5>Se busca articular esta formaci&oacute;n con el &uacute;ltimo Mendoza Futura para brindarles a los j&oacute;venes mayores posibilidades de inserci&oacute;n laboral.<\/h5>\n\n\n\n<p>El subsecretario de Industria y Comercio, Alejandro Zlotolow, junto al responsable del programa Mendoza Futura, Lucas Carballo, y a Carlos Palloti, coordinador general del programa Mendoza Tec, viaj&oacute; a Buenos Aires para reunirse con las autoridades de la Fundaci&oacute;n Telef&oacute;nica Movistar. En el encuentro participaron&nbsp;Gustavo Blanco, gerente de Fundaci&oacute;n, Mar&iacute;a de los &Aacute;ngeles Campe&ntilde;i y Santiago Gonz&aacute;lez, responsables del &aacute;rea de Asuntos P&uacute;blicos de la compa&ntilde;&iacute;a.<\/p>\n\n\n\n<p>&ldquo;El objetivo de la reuni&oacute;n fue trabajar en un acuerdo marco de colaboraci&oacute;n para seguir potenciando de manera gratuita y conjunta experiencias de aprendizaje relacionadas con la ciencia, la tecnolog&iacute;a y la empleabilidad. Fue una reuni&oacute;n muy positiva. Analizamos la oferta de formaci&oacute;n que tiene la fundaci&oacute;n para ver la posibilidad de articulaci&oacute;n con el Episodio 4 de Mendoza Futura&rdquo;, explic&oacute; Lucas Carballo.<\/p>\n\n\n\n<p>Mendoza Futura es una iniciativa del Gobierno de la provincia de Mendoza, coordinada por la Direcci&oacute;n General de Escuelas y el Ministerio de Econom&iacute;a y Energ&iacute;a, en conjunto con las universidades nacionales y los polos tecnol&oacute;gicos de Mendoza. Se trata de una formaci&oacute;n centrada en programaci&oacute;n, dise&ntilde;ada de forma integrada con habilidades del siglo XXI: pensamiento cr&iacute;tico, pensamiento creativo, colaboraci&oacute;n, comunicaci&oacute;n en entornos digitales, car&aacute;cter y ciudadan&iacute;a.<\/p>\n\n\n\n<p>Caraballo adelant&oacute; que el acuerdo implica adem&aacute;s que la Fundaci&oacute;n Telef&oacute;nica Movistar traer&aacute; a la provincia la exposici&oacute;n &ldquo;Conectados. Una mirada a la tecnolog&iacute;a que nos acerca&rdquo;, con todas las piezas que las conforman. Tambi&eacute;n brindar&aacute; cursos sobre profesiones tecnol&oacute;gicas, talleres y charlas sobre ciudadan&iacute;a digital y mundo IT.<\/p>\n\n\n\n<p>&ldquo;La fundaci&oacute;n cuenta con una amplia gama de cursos gratuitos orientados a la formaci&oacute;n en las profesiones m&aacute;s demandadas, vinculadas con el mundo digital, de all&iacute; la importancia de articular con Mendoza Futura&rdquo;, finaliz&oacute; Carballo.<\/p>\n\n\n\n<figure class=\"wp-block-gallery columns-3\"><ul class=\"blocks-gallery-grid\"><li class=\"blocks-gallery-item\"><figure><a href=\"https:\/\/www.mendoza.gov.ar\/wp-content\/uploads\/sites\/5\/2022\/07\/WhatsApp-Image-2022-07-28-at-12.47.07-PM.jpeg\"><img loading=\"lazy\" width=\"700\" height=\"525\" src=\"https:\/\/www.mendoza.gov.ar\/wp-content\/uploads\/sites\/5\/2022\/07\/WhatsApp-Image-2022-07-28-at-12.47.07-PM-700x525.jpeg\" alt=\"\" data-id=\"321407\" data-full-url=\"https:\/\/www.mendoza.gov.ar\/wp-content\/uploads\/sites\/5\/2022\/07\/WhatsApp-Image-2022-07-28-at-12.47.07-PM.jpeg\" data-link=\"https:\/\/www.mendoza.gov.ar\/prensa\/?attachment_id=321407\" class=\"wp-image-321407 img-responsive center-block\" srcset=\"https:\/\/www.mendoza.gov.ar\/wp-content\/uploads\/sites\/5\/2022\/07\/WhatsApp-Image-2022-07-28-at-12.47.07-PM-700x525.jpeg 700w, https:\/\/www.mendoza.gov.ar\/wp-content\/uploads\/sites\/5\/2022\/07\/WhatsApp-Image-2022-07-28-at-12.47.07-PM-250x188.jpeg 250w, https:\/\/www.mendoza.gov.ar\/wp-content\/uploads\/sites\/5\/2022\/07\/WhatsApp-Image-2022-07-28-at-12.47.07-PM-768x576.jpeg 768w, https:\/\/www.mendoza.gov.ar\/wp-content\/uploads\/sites\/5\/2022\/07\/WhatsApp-Image-2022-07-28-at-12.47.07-PM-1536x1152.jpeg 1536w, https:\/\/www.mendoza.gov.ar\/wp-content\/uploads\/sites\/5\/2022\/07\/WhatsApp-Image-2022-07-28-at-12.47.07-PM-120x90.jpeg 120w, https:\/\/www.mendoza.gov.ar\/wp-content\/uploads\/sites\/5\/2022\/07\/WhatsApp-Image-2022-07-28-at-12.47.07-PM.jpeg 1600w\" sizes=\"(max-width: 700px) 100vw, 700px\"><\/a><\/figure><\/li><li class=\"blocks-gallery-item\"><figure><a href=\"https:\/\/www.mendoza.gov.ar\/wp-content\/uploads\/sites\/5\/2022\/07\/WhatsApp-Image-2022-07-28-at-12.47.07-PM-1.jpeg\"><img loading=\"lazy\" width=\"700\" height=\"525\" src=\"https:\/\/www.mendoza.gov.ar\/wp-content\/uploads\/sites\/5\/2022\/07\/WhatsApp-Image-2022-07-28-at-12.47.07-PM-1-700x525.jpeg\" alt=\"\" data-id=\"321408\" data-full-url=\"https:\/\/www.mendoza.gov.ar\/wp-content\/uploads\/sites\/5\/2022\/07\/WhatsApp-Image-2022-07-28-at-12.47.07-PM-1.jpeg\" data-link=\"https:\/\/www.mendoza.gov.ar\/prensa\/?attachment_id=321408\" class=\"wp-image-321408 img-responsive center-block\" srcset=\"https:\/\/www.mendoza.gov.ar\/wp-content\/uploads\/sites\/5\/2022\/07\/WhatsApp-Image-2022-07-28-at-12.47.07-PM-1-700x525.jpeg 700w, https:\/\/www.mendoza.gov.ar\/wp-content\/uploads\/sites\/5\/2022\/07\/WhatsApp-Image-2022-07-28-at-12.47.07-PM-1-250x188.jpeg 250w, https:\/\/www.mendoza.gov.ar\/wp-content\/uploads\/sites\/5\/2022\/07\/WhatsApp-Image-2022-07-28-at-12.47.07-PM-1-768x576.jpeg 768w, https:\/\/www.mendoza.gov.ar\/wp-content\/uploads\/sites\/5\/2022\/07\/WhatsApp-Image-2022-07-28-at-12.47.07-PM-1-1536x1152.jpeg 1536w, https:\/\/www.mendoza.gov.ar\/wp-content\/uploads\/sites\/5\/2022\/07\/WhatsApp-Image-2022-07-28-at-12.47.07-PM-1-120x90.jpeg 120w, https:\/\/www.mendoza.gov.ar\/wp-content\/uploads\/sites\/5\/2022\/07\/WhatsApp-Image-2022-07-28-at-12.47.07-PM-1.jpeg 1600w\" sizes=\"(max-width: 700px) 100vw, 700px\"><\/a><\/figure><\/li><li class=\"blocks-gallery-item\"><figure><a href=\"https:\/\/www.mendoza.gov.ar\/wp-content\/uploads\/sites\/5\/2022\/07\/WhatsApp-Image-2022-07-28-at-12.47.06-PM.jpeg\"><img loading=\"lazy\" width=\"700\" height=\"933\" src=\"https:\/\/www.mendoza.gov.ar\/wp-content\/uploads\/sites\/5\/2022\/07\/WhatsApp-Image-2022-07-28-at-12.47.06-PM-700x933.jpeg\" alt=\"\" data-id=\"321409\" data-full-url=\"https:\/\/www.mendoza.gov.ar\/wp-content\/uploads\/sites\/5\/2022\/07\/WhatsApp-Image-2022-07-28-at-12.47.06-PM.jpeg\" data-link=\"https:\/\/www.mendoza.gov.ar\/prensa\/?attachment_id=321409\" class=\"wp-image-321409 img-responsive center-block\" srcset=\"https:\/\/www.mendoza.gov.ar\/wp-content\/uploads\/sites\/5\/2022\/07\/WhatsApp-Image-2022-07-28-at-12.47.06-PM-700x933.jpeg 700w, https:\/\/www.mendoza.gov.ar\/wp-content\/uploads\/sites\/5\/2022\/07\/WhatsApp-Image-2022-07-28-at-12.47.06-PM-250x333.jpeg 250w, https:\/\/www.mendoza.gov.ar\/wp-content\/uploads\/sites\/5\/2022\/07\/WhatsApp-Image-2022-07-28-at-12.47.06-PM-768x1024.jpeg 768w, https:\/\/www.mendoza.gov.ar\/wp-content\/uploads\/sites\/5\/2022\/07\/WhatsApp-Image-2022-07-28-at-12.47.06-PM-1152x1536.jpeg 1152w, https:\/\/www.mendoza.gov.ar\/wp-content\/uploads\/sites\/5\/2022\/07\/WhatsApp-Image-2022-07-28-at-12.47.06-PM-120x160.jpeg 120w, https:\/\/www.mendoza.gov.ar\/wp-content\/uploads\/sites\/5\/2022\/07\/WhatsApp-Image-2022-07-28-at-12.47.06-PM.jpeg 1200w\" sizes=\"(max-width: 700px) 100vw, 700px\"><\/a><\/figure><\/li><li class=\"blocks-gallery-item\"><figure><a href=\"https:\/\/www.mendoza.gov.ar\/wp-content\/uploads\/sites\/5\/2022\/07\/WhatsApp-Image-2022-07-28-at-12.47.06-PM-1.jpeg\"><img loading=\"lazy\" width=\"700\" height=\"525\" src=\"https:\/\/www.mendoza.gov.ar\/wp-content\/uploads\/sites\/5\/2022\/07\/WhatsApp-Image-2022-07-28-at-12.47.06-PM-1-700x525.jpeg\" alt=\"\" data-id=\"321410\" data-full-url=\"https:\/\/www.mendoza.gov.ar\/wp-content\/uploads\/sites\/5\/2022\/07\/WhatsApp-Image-2022-07-28-at-12.47.06-PM-1.jpeg\" data-link=\"https:\/\/www.mendoza.gov.ar\/prensa\/?attachment_id=321410\" class=\"wp-image-321410 img-responsive center-block\" srcset=\"https:\/\/www.mendoza.gov.ar\/wp-content\/uploads\/sites\/5\/2022\/07\/WhatsApp-Image-2022-07-28-at-12.47.06-PM-1-700x525.jpeg 700w, https:\/\/www.mendoza.gov.ar\/wp-content\/uploads\/sites\/5\/2022\/07\/WhatsApp-Image-2022-07-28-at-12.47.06-PM-1-250x188.jpeg 250w, https:\/\/www.mendoza.gov.ar\/wp-content\/uploads\/sites\/5\/2022\/07\/WhatsApp-Image-2022-07-28-at-12.47.06-PM-1-768x576.jpeg 768w, https:\/\/www.mendoza.gov.ar\/wp-content\/uploads\/sites\/5\/2022\/07\/WhatsApp-Image-2022-07-28-at-12.47.06-PM-1-1536x1152.jpeg 1536w, https:\/\/www.mendoza.gov.ar\/wp-content\/uploads\/sites\/5\/2022\/07\/WhatsApp-Image-2022-07-28-at-12.47.06-PM-1-120x90.jpeg 120w, https:\/\/www.mendoza.gov.ar\/wp-content\/uploads\/sites\/5\/2022\/07\/WhatsApp-Image-2022-07-28-at-12.47.06-PM-1.jpeg 1600w\" sizes=\"(max-width: 700px) 100vw, 700px\"><\/a><\/figure><\/li><li class=\"blocks-gallery-item\"><figure><a href=\"https:\/\/www.mendoza.gov.ar\/wp-content\/uploads\/sites\/5\/2022\/07\/WhatsApp-Image-2022-07-28-at-12.47.05-PM.jpeg\"><img loading=\"lazy\" width=\"700\" height=\"525\" src=\"https:\/\/www.mendoza.gov.ar\/wp-content\/uploads\/sites\/5\/2022\/07\/WhatsApp-Image-2022-07-28-at-12.47.05-PM-700x525.jpeg\" alt=\"\" data-id=\"321411\" data-full-url=\"https:\/\/www.mendoza.gov.ar\/wp-content\/uploads\/sites\/5\/2022\/07\/WhatsApp-Image-2022-07-28-at-12.47.05-PM.jpeg\" data-link=\"https:\/\/www.mendoza.gov.ar\/prensa\/?attachment_id=321411\" class=\"wp-image-321411 img-responsive center-block\" srcset=\"https:\/\/www.mendoza.gov.ar\/wp-content\/uploads\/sites\/5\/2022\/07\/WhatsApp-Image-2022-07-28-at-12.47.05-PM-700x525.jpeg 700w, https:\/\/www.mendoza.gov.ar\/wp-content\/uploads\/sites\/5\/2022\/07\/WhatsApp-Image-2022-07-28-at-12.47.05-PM-250x188.jpeg 250w, https:\/\/www.mendoza.gov.ar\/wp-content\/uploads\/sites\/5\/2022\/07\/WhatsApp-Image-2022-07-28-at-12.47.05-PM-768x576.jpeg 768w, https:\/\/www.mendoza.gov.ar\/wp-content\/uploads\/sites\/5\/2022\/07\/WhatsApp-Image-2022-07-28-at-12.47.05-PM-1536x1152.jpeg 1536w, https:\/\/www.mendoza.gov.ar\/wp-content\/uploads\/sites\/5\/2022\/07\/WhatsApp-Image-2022-07-28-at-12.47.05-PM-120x90.jpeg 120w, https:\/\/www.mendoza.gov.ar\/wp-content\/uploads\/sites\/5\/2022\/07\/WhatsApp-Image-2022-07-28-at-12.47.05-PM.jpeg 1600w\" sizes=\"(max-width: 700px) 100vw, 700px\"><\/a><\/figure><\/li><li class=\"blocks-gallery-item\"><figure><a href=\"https:\/\/www.mendoza.gov.ar\/wp-content\/uploads\/sites\/5\/2022\/07\/WhatsApp-Image-2022-07-28-at-12.47.04-PM.jpeg\"><img loading=\"lazy\" width=\"700\" height=\"525\" src=\"https:\/\/www.mendoza.gov.ar\/wp-content\/uploads\/sites\/5\/2022\/07\/WhatsApp-Image-2022-07-28-at-12.47.04-PM-700x525.jpeg\" alt=\"\" data-id=\"321412\" data-full-url=\"https:\/\/www.mendoza.gov.ar\/wp-content\/uploads\/sites\/5\/2022\/07\/WhatsApp-Image-2022-07-28-at-12.47.04-PM.jpeg\" data-link=\"https:\/\/www.mendoza.gov.ar\/prensa\/?attachment_id=321412\" class=\"wp-image-321412 img-responsive center-block\" srcset=\"https:\/\/www.mendoza.gov.ar\/wp-content\/uploads\/sites\/5\/2022\/07\/WhatsApp-Image-2022-07-28-at-12.47.04-PM-700x525.jpeg 700w, https:\/\/www.mendoza.gov.ar\/wp-content\/uploads\/sites\/5\/2022\/07\/WhatsApp-Image-2022-07-28-at-12.47.04-PM-250x188.jpeg 250w, https:\/\/www.mendoza.gov.ar\/wp-content\/uploads\/sites\/5\/2022\/07\/WhatsApp-Image-2022-07-28-at-12.47.04-PM-768x576.jpeg 768w, https:\/\/www.mendoza.gov.ar\/wp-content\/uploads\/sites\/5\/2022\/07\/WhatsApp-Image-2022-07-28-at-12.47.04-PM-1536x1152.jpeg 1536w, https:\/\/www.mendoza.gov.ar\/wp-content\/uploads\/sites\/5\/2022\/07\/WhatsApp-Image-2022-07-28-at-12.47.04-PM-120x90.jpeg 120w, https:\/\/www.mendoza.gov.ar\/wp-content\/uploads\/sites\/5\/2022\/07\/WhatsApp-Image-2022-07-28-at-12.47.04-PM.jpeg 1600w\" sizes=\"(max-width: 700px) 100vw, 700px\"><\/a><\/figure><\/li><li class=\"blocks-gallery-item\"><figure><a href=\"https:\/\/www.mendoza.gov.ar\/wp-content\/uploads\/sites\/5\/2022\/07\/WhatsApp-Image-2022-07-28-at-12.47.04-PM-2.jpeg\"><img loading=\"lazy\" width=\"700\" height=\"525\" src=\"https:\/\/www.mendoza.gov.ar\/wp-content\/uploads\/sites\/5\/2022\/07\/WhatsApp-Image-2022-07-28-at-12.47.04-PM-2-700x525.jpeg\" alt=\"\" data-id=\"321414\" data-full-url=\"https:\/\/www.mendoza.gov.ar\/wp-content\/uploads\/sites\/5\/2022\/07\/WhatsApp-Image-2022-07-28-at-12.47.04-PM-2.jpeg\" data-link=\"https:\/\/www.mendoza.gov.ar\/prensa\/?attachment_id=321414\" class=\"wp-image-321414 img-responsive center-block\" srcset=\"https:\/\/www.mendoza.gov.ar\/wp-content\/uploads\/sites\/5\/2022\/07\/WhatsApp-Image-2022-07-28-at-12.47.04-PM-2-700x525.jpeg 700w, https:\/\/www.mendoza.gov.ar\/wp-content\/uploads\/sites\/5\/2022\/07\/WhatsApp-Image-2022-07-28-at-12.47.04-PM-2-250x188.jpeg 250w, https:\/\/www.mendoza.gov.ar\/wp-content\/uploads\/sites\/5\/2022\/07\/WhatsApp-Image-2022-07-28-at-12.47.04-PM-2-768x576.jpeg 768w, https:\/\/www.mendoza.gov.ar\/wp-content\/uploads\/sites\/5\/2022\/07\/WhatsApp-Image-2022-07-28-at-12.47.04-PM-2-1536x1152.jpeg 1536w, https:\/\/www.mendoza.gov.ar\/wp-content\/uploads\/sites\/5\/2022\/07\/WhatsApp-Image-2022-07-28-at-12.47.04-PM-2-120x90.jpeg 120w, https:\/\/www.mendoza.gov.ar\/wp-content\/uploads\/sites\/5\/2022\/07\/WhatsApp-Image-2022-07-28-at-12.47.04-PM-2.jpeg 1600w\" sizes=\"(max-width: 700px) 100vw, 700px\"><\/a><\/figure><\/li><li class=\"blocks-gallery-item\"><figure><a href=\"https:\/\/www.mendoza.gov.ar\/wp-content\/uploads\/sites\/5\/2022\/07\/WhatsApp-Image-2022-07-28-at-12.47.04-PM-1.jpeg\"><img loading=\"lazy\" width=\"700\" height=\"525\" src=\"https:\/\/www.mendoza.gov.ar\/wp-content\/uploads\/sites\/5\/2022\/07\/WhatsApp-Image-2022-07-28-at-12.47.04-PM-1-700x525.jpeg\" alt=\"\" data-id=\"321415\" data-full-url=\"https:\/\/www.mendoza.gov.ar\/wp-content\/uploads\/sites\/5\/2022\/07\/WhatsApp-Image-2022-07-28-at-12.47.04-PM-1.jpeg\" data-link=\"https:\/\/www.mendoza.gov.ar\/prensa\/?attachment_id=321415\" class=\"wp-image-321415 img-responsive center-block\" srcset=\"https:\/\/www.mendoza.gov.ar\/wp-content\/uploads\/sites\/5\/2022\/07\/WhatsApp-Image-2022-07-28-at-12.47.04-PM-1-700x525.jpeg 700w, https:\/\/www.mendoza.gov.ar\/wp-content\/uploads\/sites\/5\/2022\/07\/WhatsApp-Image-2022-07-28-at-12.47.04-PM-1-250x188.jpeg 250w, https:\/\/www.mendoza.gov.ar\/wp-content\/uploads\/sites\/5\/2022\/07\/WhatsApp-Image-2022-07-28-at-12.47.04-PM-1-768x576.jpeg 768w, https:\/\/www.mendoza.gov.ar\/wp-content\/uploads\/sites\/5\/2022\/07\/WhatsApp-Image-2022-07-28-at-12.47.04-PM-1-1536x1152.jpeg 1536w, https:\/\/www.mendoza.gov.ar\/wp-content\/uploads\/sites\/5\/2022\/07\/WhatsApp-Image-2022-07-28-at-12.47.04-PM-1-120x90.jpeg 120w, https:\/\/www.mendoza.gov.ar\/wp-content\/uploads\/sites\/5\/2022\/07\/WhatsApp-Image-2022-07-28-at-12.47.04-PM-1.jpeg 1600w\" sizes=\"(max-width: 700px) 100vw, 700px\"><\/a><\/figure><\/li><li class=\"blocks-gallery-item\"><figure><a href=\"https:\/\/www.mendoza.gov.ar\/wp-content\/uploads\/sites\/5\/2022\/07\/WhatsApp-Image-2022-07-28-at-12.47.03-PM.jpeg\"><img src=\"https:\/\/www.mendoza.gov.ar\/wp-content\/uploads\/sites\/5\/2022\/07\/WhatsApp-Image-2022-07-28-at-12.47.03-PM-700x525.jpeg\" alt=\"\" data-id=\"321416\" data-full-url=\"https:\/\/www.mendoza.gov.ar\/wp-content\/uploads\/sites\/5\/2022\/07\/WhatsApp-Image-2022-07-28-at-12.47.03-PM.jpeg\" data-link=\"https:\/\/www.mendoza.gov.ar\/prensa\/?attachment_id=321416\" class=\"wp-image-321416 img-responsive center-block\"><\/a><\/figure><\/li><\/ul><\/figure>\n<\/body><\/html>\n","protected":false},"excerpt":{"rendered":"Se busca articular esta formaci&oacute;n con el &uacute;ltimo Mendoza Futura para brindarles a los j&oacute;venes mayores posibilidades de inserci&oacute;n laboral. El subsecretario de Industria y Comercio, Alejandro Zlotolow, junto al responsable del programa Mendoza Futura, Lucas Carballo, y a Carlos Palloti, coordinador general del programa Mendoza Tec, viaj&oacute; a Buenos Aires para reunirse con las&#8230; <a class=\"view-article\" href=\"https:\/\/www.mendoza.gov.ar\/prensa\/economia-trabaja-junto-a-la-fundacion-telefonica-movistar-para-brindar-becas-de-formacion-tecnologica\/\"><\/a>","protected":false},"author":68,"featured_media":321416,"comment_status":"open","ping_status":"open","sticky":false,"template":"","format":"standard","meta":[],"categories":[15],"tags":[],"_links":{"self":[{"href":"https:\/\/www.mendoza.gov.ar\/prensa\/wp-json\/wp\/v2\/posts\/321406"}],"collection":[{"href":"https:\/\/www.mendoza.gov.ar\/prensa\/wp-json\/wp\/v2\/posts"}],"about":[{"href":"https:\/\/www.mendoza.gov.ar\/prensa\/wp-json\/wp\/v2\/types\/post"}],"author":[{"embeddable":true,"href":"https:\/\/www.mendoza.gov.ar\/prensa\/wp-json\/wp\/v2\/users\/68"}],"replies":[{"embeddable":true,"href":"https:\/\/www.mendoza.gov.ar\/prensa\/wp-json\/wp\/v2\/comments?post=321406"}],"version-history":[{"count":3,"href":"https:\/\/www.mendoza.gov.ar\/prensa\/wp-json\/wp\/v2\/posts\/321406\/revisions"}],"predecessor-version":[{"id":321453,"href":"https:\/\/www.mendoza.gov.ar\/prensa\/wp-json\/wp\/v2\/posts\/321406\/revisions\/321453"}],"wp:featuredmedia":[{"embeddable":true,"href":"https:\/\/www.mendoza.gov.ar\/prensa\/wp-json\/wp\/v2\/media\/321416"}],"wp:attachment":[{"href":"https:\/\/www.mendoza.gov.ar\/prensa\/wp-json\/wp\/v2\/media?parent=321406"}],"wp:term":[{"taxonomy":"category","embeddable":true,"href":"https:\/\/www.mendoza.gov.ar\/prensa\/wp-json\/wp\/v2\/categories?post=321406"},{"taxonomy":"post_tag","embeddable":true,"href":"https:\/\/www.mendoza.gov.ar\/prensa\/wp-json\/wp\/v2\/tags?post=321406"}],"curies":[{"name":"wp","href":"https:\/\/api.w.org\/{rel}","templated":true}]}}