{"id":324764,"date":"2022-08-24T17:14:55","date_gmt":"2022-08-24T20:14:55","guid":{"rendered":"https:\/\/www.mendoza.gov.ar\/prensa\/?p=324764"},"modified":"2022-08-24T18:17:19","modified_gmt":"2022-08-24T21:17:19","slug":"osep-maipu-festejo-el-dia-de-la-ninez","status":"publish","type":"post","link":"https:\/\/www.mendoza.gov.ar\/prensa\/osep-maipu-festejo-el-dia-de-la-ninez\/","title":{"rendered":"OSEP Maip\u00fa festej\u00f3 el D\u00eda de la Ni\u00f1ez"},"content":{"rendered":"<!DOCTYPE html PUBLIC \"-\/\/W3C\/\/DTD HTML 4.0 Transitional\/\/EN\" \"http:\/\/www.w3.org\/TR\/REC-html40\/loose.dtd\">\n<html><body><h5><strong>Un importante grupo de ni&ntilde;os y ni&ntilde;as que asisten a los programas de la Red Saludable hoy festejaron su d&iacute;a. El encuentro tuvo lugar en el edificio territorial, ubicado en Ozamis 211, con la compa&ntilde;&iacute;a de profesionales y familiares.<\/strong><\/h5>\n\n\n\n<p>La Obra Social de Empleados P&uacute;blicos de Mendoza contin&uacute;a celebrando el D&iacute;a de la Ni&ntilde;ez. En esta ocasi&oacute;n, profesionales, familiares y ni&ntilde;os de Maip&uacute; se reunieron en el SUM de la sede territorial para pasar una ma&ntilde;ana inolvidable.<\/p>\n\n\n\n<p>La actividad cont&oacute; con la presencia del doctor Mariano Su&aacute;rez, gerente territorial de Maip&uacute;, y Silvina Rodr&iacute;guez Blanco, jefa del Departamento de Nutrici&oacute;n y Alimentaci&oacute;n de OSEP. La actividad fue llevada a cabo por profesionales de la Red Saludable, un proyecto que pone en marcha actividades que contengan a peque&ntilde;os y adolescentes de toda la provincia respecto de la prevenci&oacute;n y tratamiento de la obesidad.<\/p>\n\n\n\n<p>Asimismo, el encuentro comenz&oacute; con una charla de h&aacute;bitos saludables, a cargo de la doctora Carolina Guajardo y las licenciadas Sonia Francisconi y Carina Romano, quienes recibieron una devoluci&oacute;n por parte de los peque&ntilde;os pacientes. Los dibujos y manualidades de los ni&ntilde;os fueron realizados junto con sus pap&aacute;s y mam&aacute;s, lo cual permite incorporar conocimientos en familia. Luego, todos compartieron un desayuno saludable.<\/p>\n\n\n\n<p>Posteriormente, hubo tiempo y espacio para la actuaci&oacute;n del elenco de artistas socioculturales Emergencia de Sonrisas. Music&oacute;n y Paulita fueron los encargados de ponerle humor, entretenimiento y m&uacute;sica a una ma&ntilde;ana que finaliz&oacute; repleta de risas y carcajadas.<\/p>\n\n\n\n<p>Cabe destacar que la participaci&oacute;n de los familiares no ha sido casualidad, ya que las profesionales destacaron que la incorporaci&oacute;n de buenos h&aacute;bitos para prevenir enfermedades cr&oacute;nicas y poner &eacute;nfasis en la obesidad como factor de riesgo es una tarea de equipo y no existe mejor atenci&oacute;n ni tratamiento que aquella que se realiza con toda la familia.<\/p>\n\n\n\n<figure class=\"wp-block-gallery columns-2\"><ul class=\"blocks-gallery-grid\"><li class=\"blocks-gallery-item\"><figure><a href=\"https:\/\/www.mendoza.gov.ar\/wp-content\/uploads\/sites\/5\/2022\/08\/maipu4.jpg\"><img src=\"https:\/\/www.mendoza.gov.ar\/wp-content\/uploads\/sites\/5\/2022\/08\/maipu4-700x525.jpg\" alt=\"\" data-id=\"324765\" data-full-url=\"https:\/\/www.mendoza.gov.ar\/wp-content\/uploads\/sites\/5\/2022\/08\/maipu4.jpg\" data-link=\"https:\/\/www.mendoza.gov.ar\/prensa\/?attachment_id=324765\" class=\"wp-image-324765 img-responsive center-block\"><\/a><\/figure><\/li><li class=\"blocks-gallery-item\"><figure><a href=\"https:\/\/www.mendoza.gov.ar\/wp-content\/uploads\/sites\/5\/2022\/08\/maipu1.jpg\"><img loading=\"lazy\" width=\"700\" height=\"525\" src=\"https:\/\/www.mendoza.gov.ar\/wp-content\/uploads\/sites\/5\/2022\/08\/maipu1-700x525.jpg\" alt=\"\" data-id=\"324767\" data-full-url=\"https:\/\/www.mendoza.gov.ar\/wp-content\/uploads\/sites\/5\/2022\/08\/maipu1.jpg\" data-link=\"https:\/\/www.mendoza.gov.ar\/prensa\/?attachment_id=324767\" class=\"wp-image-324767 img-responsive center-block\" srcset=\"https:\/\/www.mendoza.gov.ar\/wp-content\/uploads\/sites\/5\/2022\/08\/maipu1-700x525.jpg 700w, https:\/\/www.mendoza.gov.ar\/wp-content\/uploads\/sites\/5\/2022\/08\/maipu1-250x188.jpg 250w, https:\/\/www.mendoza.gov.ar\/wp-content\/uploads\/sites\/5\/2022\/08\/maipu1-768x576.jpg 768w, https:\/\/www.mendoza.gov.ar\/wp-content\/uploads\/sites\/5\/2022\/08\/maipu1-1536x1152.jpg 1536w, https:\/\/www.mendoza.gov.ar\/wp-content\/uploads\/sites\/5\/2022\/08\/maipu1-2048x1536.jpg 2048w, https:\/\/www.mendoza.gov.ar\/wp-content\/uploads\/sites\/5\/2022\/08\/maipu1-120x90.jpg 120w\" sizes=\"(max-width: 700px) 100vw, 700px\"><\/a><\/figure><\/li><li class=\"blocks-gallery-item\"><figure><a href=\"https:\/\/www.mendoza.gov.ar\/wp-content\/uploads\/sites\/5\/2022\/08\/maipu6.jpg\"><img loading=\"lazy\" width=\"700\" height=\"933\" src=\"https:\/\/www.mendoza.gov.ar\/wp-content\/uploads\/sites\/5\/2022\/08\/maipu6-700x933.jpg\" alt=\"\" data-id=\"324766\" data-full-url=\"https:\/\/www.mendoza.gov.ar\/wp-content\/uploads\/sites\/5\/2022\/08\/maipu6.jpg\" data-link=\"https:\/\/www.mendoza.gov.ar\/prensa\/?attachment_id=324766\" class=\"wp-image-324766 img-responsive center-block\" srcset=\"https:\/\/www.mendoza.gov.ar\/wp-content\/uploads\/sites\/5\/2022\/08\/maipu6-700x933.jpg 700w, https:\/\/www.mendoza.gov.ar\/wp-content\/uploads\/sites\/5\/2022\/08\/maipu6-250x333.jpg 250w, https:\/\/www.mendoza.gov.ar\/wp-content\/uploads\/sites\/5\/2022\/08\/maipu6-768x1024.jpg 768w, https:\/\/www.mendoza.gov.ar\/wp-content\/uploads\/sites\/5\/2022\/08\/maipu6-1152x1536.jpg 1152w, https:\/\/www.mendoza.gov.ar\/wp-content\/uploads\/sites\/5\/2022\/08\/maipu6-1536x2048.jpg 1536w, https:\/\/www.mendoza.gov.ar\/wp-content\/uploads\/sites\/5\/2022\/08\/maipu6-120x160.jpg 120w\" sizes=\"(max-width: 700px) 100vw, 700px\"><\/a><\/figure><\/li><li class=\"blocks-gallery-item\"><figure><a href=\"https:\/\/www.mendoza.gov.ar\/wp-content\/uploads\/sites\/5\/2022\/08\/maipu3.jpg\"><img loading=\"lazy\" width=\"700\" height=\"933\" src=\"https:\/\/www.mendoza.gov.ar\/wp-content\/uploads\/sites\/5\/2022\/08\/maipu3-700x933.jpg\" alt=\"\" data-id=\"324768\" data-full-url=\"https:\/\/www.mendoza.gov.ar\/wp-content\/uploads\/sites\/5\/2022\/08\/maipu3.jpg\" data-link=\"https:\/\/www.mendoza.gov.ar\/prensa\/?attachment_id=324768\" class=\"wp-image-324768 img-responsive center-block\" srcset=\"https:\/\/www.mendoza.gov.ar\/wp-content\/uploads\/sites\/5\/2022\/08\/maipu3-700x933.jpg 700w, https:\/\/www.mendoza.gov.ar\/wp-content\/uploads\/sites\/5\/2022\/08\/maipu3-250x333.jpg 250w, https:\/\/www.mendoza.gov.ar\/wp-content\/uploads\/sites\/5\/2022\/08\/maipu3-768x1024.jpg 768w, https:\/\/www.mendoza.gov.ar\/wp-content\/uploads\/sites\/5\/2022\/08\/maipu3-1152x1536.jpg 1152w, https:\/\/www.mendoza.gov.ar\/wp-content\/uploads\/sites\/5\/2022\/08\/maipu3-1536x2048.jpg 1536w, https:\/\/www.mendoza.gov.ar\/wp-content\/uploads\/sites\/5\/2022\/08\/maipu3-120x160.jpg 120w\" sizes=\"(max-width: 700px) 100vw, 700px\"><\/a><\/figure><\/li><li class=\"blocks-gallery-item\"><figure><a href=\"https:\/\/www.mendoza.gov.ar\/wp-content\/uploads\/sites\/5\/2022\/08\/maipu8.jpg\"><img loading=\"lazy\" width=\"700\" height=\"525\" src=\"https:\/\/www.mendoza.gov.ar\/wp-content\/uploads\/sites\/5\/2022\/08\/maipu8-700x525.jpg\" alt=\"\" data-id=\"324769\" data-full-url=\"https:\/\/www.mendoza.gov.ar\/wp-content\/uploads\/sites\/5\/2022\/08\/maipu8.jpg\" data-link=\"https:\/\/www.mendoza.gov.ar\/prensa\/?attachment_id=324769\" class=\"wp-image-324769 img-responsive center-block\" srcset=\"https:\/\/www.mendoza.gov.ar\/wp-content\/uploads\/sites\/5\/2022\/08\/maipu8-700x525.jpg 700w, https:\/\/www.mendoza.gov.ar\/wp-content\/uploads\/sites\/5\/2022\/08\/maipu8-250x188.jpg 250w, https:\/\/www.mendoza.gov.ar\/wp-content\/uploads\/sites\/5\/2022\/08\/maipu8-768x576.jpg 768w, https:\/\/www.mendoza.gov.ar\/wp-content\/uploads\/sites\/5\/2022\/08\/maipu8-1536x1152.jpg 1536w, https:\/\/www.mendoza.gov.ar\/wp-content\/uploads\/sites\/5\/2022\/08\/maipu8-2048x1536.jpg 2048w, https:\/\/www.mendoza.gov.ar\/wp-content\/uploads\/sites\/5\/2022\/08\/maipu8-120x90.jpg 120w\" sizes=\"(max-width: 700px) 100vw, 700px\"><\/a><\/figure><\/li><\/ul><\/figure>\n<\/body><\/html>\n","protected":false},"excerpt":{"rendered":"Un importante grupo de ni&ntilde;os y ni&ntilde;as que asisten a los programas de la Red Saludable hoy festejaron su d&iacute;a. El encuentro tuvo lugar en el edificio territorial, ubicado en Ozamis 211, con la compa&ntilde;&iacute;a de profesionales y familiares. La Obra Social de Empleados P&uacute;blicos de Mendoza contin&uacute;a celebrando el D&iacute;a de la Ni&ntilde;ez. En&#8230; <a class=\"view-article\" href=\"https:\/\/www.mendoza.gov.ar\/prensa\/osep-maipu-festejo-el-dia-de-la-ninez\/\"><\/a>","protected":false},"author":68,"featured_media":324765,"comment_status":"open","ping_status":"open","sticky":false,"template":"","format":"standard","meta":[],"categories":[30],"tags":[],"_links":{"self":[{"href":"https:\/\/www.mendoza.gov.ar\/prensa\/wp-json\/wp\/v2\/posts\/324764"}],"collection":[{"href":"https:\/\/www.mendoza.gov.ar\/prensa\/wp-json\/wp\/v2\/posts"}],"about":[{"href":"https:\/\/www.mendoza.gov.ar\/prensa\/wp-json\/wp\/v2\/types\/post"}],"author":[{"embeddable":true,"href":"https:\/\/www.mendoza.gov.ar\/prensa\/wp-json\/wp\/v2\/users\/68"}],"replies":[{"embeddable":true,"href":"https:\/\/www.mendoza.gov.ar\/prensa\/wp-json\/wp\/v2\/comments?post=324764"}],"version-history":[{"count":3,"href":"https:\/\/www.mendoza.gov.ar\/prensa\/wp-json\/wp\/v2\/posts\/324764\/revisions"}],"predecessor-version":[{"id":324788,"href":"https:\/\/www.mendoza.gov.ar\/prensa\/wp-json\/wp\/v2\/posts\/324764\/revisions\/324788"}],"wp:featuredmedia":[{"embeddable":true,"href":"https:\/\/www.mendoza.gov.ar\/prensa\/wp-json\/wp\/v2\/media\/324765"}],"wp:attachment":[{"href":"https:\/\/www.mendoza.gov.ar\/prensa\/wp-json\/wp\/v2\/media?parent=324764"}],"wp:term":[{"taxonomy":"category","embeddable":true,"href":"https:\/\/www.mendoza.gov.ar\/prensa\/wp-json\/wp\/v2\/categories?post=324764"},{"taxonomy":"post_tag","embeddable":true,"href":"https:\/\/www.mendoza.gov.ar\/prensa\/wp-json\/wp\/v2\/tags?post=324764"}],"curies":[{"name":"wp","href":"https:\/\/api.w.org\/{rel}","templated":true}]}}