{"id":325413,"date":"2022-08-29T13:43:29","date_gmt":"2022-08-29T16:43:29","guid":{"rendered":"https:\/\/www.mendoza.gov.ar\/prensa\/?p=325413"},"modified":"2022-08-30T08:24:53","modified_gmt":"2022-08-30T11:24:53","slug":"relanzamiento-del-plan-de-forestacion-del-parque-con-educacion-ambiental","status":"publish","type":"post","link":"https:\/\/www.mendoza.gov.ar\/prensa\/relanzamiento-del-plan-de-forestacion-del-parque-con-educacion-ambiental\/","title":{"rendered":"D\u00eda Nacional del \u00c1rbol: 130 ni\u00f1os del Borboll\u00f3n festejan el D\u00eda del \u00c1rbol aprendiendo a plantar y cuidar forestales"},"content":{"rendered":"<!DOCTYPE html PUBLIC \"-\/\/W3C\/\/DTD HTML 4.0 Transitional\/\/EN\" \"http:\/\/www.w3.org\/TR\/REC-html40\/loose.dtd\">\n<html><body><h5>La Direcci&oacute;n de Recursos Naturales Renovables, perteneciente a la Secretar&iacute;a de Ambiente y Ordenamiento Territorial, conmemor&oacute; el D&iacute;a Nacional del &Aacute;rbol con una jornada de educaci&oacute;n ambiental junto al equipo del Centro Integrador Comunitario (CIC) y ni&ntilde;os de la Escuela Recuero del Borboll&oacute;n.<\/h5>\n\n\n\n<p>&ldquo;Creemos que una excelente forma de conmemorar un d&iacute;a as&iacute;, para que no pase como una efem&eacute;ride m&aacute;s, es multiplicar la valoraci&oacute;n del &aacute;rbol sembrando, a futuro, el inter&eacute;s y la pasi&oacute;n por el cuidado del ambiente. La educaci&oacute;n ambiental como constitutiva esencial de las pol&iacute;ticas p&uacute;blicas<em>&rdquo;. <\/em>expres&oacute; Humberto Mingorance, secretario de Ambiente. <\/p>\n\n\n\n<p>Luego el director de Recursos Naturales, Sebasti&aacute;n Melchor explic&oacute; que para organizar esta jornada de educaci&oacute;n ambiental se trabaj&oacute;  colaborativamente con la mencionada escuela del Borboll&oacute;n destinada a dar a conocer &ndash;de forma recreativa y pr&aacute;ctica- la importancia de los forestales y la necesidad de conservarlos y protegerlos.<\/p>\n\n\n\n<p>Entre las actividades programadas para este D&iacute;a Nacional del &Aacute;rbol, se organiz&oacute; en conjunto con docentes del establecimiento educativo, una obra de t&iacute;teres, con el objetivo de transmitir la valoraci&oacute;n y compromiso de los chicos con los &aacute;rboles y su relevancia para el ambiente, para la vida humana y su significancia especial para las condiciones &aacute;ridas de Mendoza. Y luego se procedi&oacute; a la plantaci&oacute;n de numerosos ejemplares<\/p>\n\n\n\n<p>El origen de esta celebraci&oacute;n nacional, se remonta a hace m&aacute;s de 120 a&ntilde;os. El 29 de agosto de 1900, se instituy&oacute; en nuestro pa&iacute;s a instancias Estanislao Zeballos, un referente &nbsp;de la Generaci&oacute;n del &acute;80. Este periodista y escritor &ndash;que presidi&oacute; la Sociedad Rural en dos oportunidades- por intermedio del Consejo Nacional de Educaci&oacute;n promovi&oacute; la iniciativa y desde el a&ntilde;o 1901 se celebra ese d&iacute;a establecido a fin de concientizar -a la poblaci&oacute;n desde la pol&iacute;tica p&uacute;blica-, sobre la protecci&oacute;n de las &aacute;reas arboladas.<\/p>\n\n\n\n<figure class=\"wp-block-gallery columns-3\"><ul class=\"blocks-gallery-grid\"><li class=\"blocks-gallery-item\"><figure><a href=\"https:\/\/www.mendoza.gov.ar\/wp-content\/uploads\/sites\/5\/2022\/08\/WhatsApp-Image-2022-08-29-at-1.39.53-PM1.jpeg\"><img loading=\"lazy\" width=\"700\" height=\"933\" src=\"https:\/\/www.mendoza.gov.ar\/wp-content\/uploads\/sites\/5\/2022\/08\/WhatsApp-Image-2022-08-29-at-1.39.53-PM1-700x933.jpeg\" alt=\"\" data-id=\"325415\" data-full-url=\"https:\/\/www.mendoza.gov.ar\/wp-content\/uploads\/sites\/5\/2022\/08\/WhatsApp-Image-2022-08-29-at-1.39.53-PM1.jpeg\" data-link=\"https:\/\/www.mendoza.gov.ar\/prensa\/?attachment_id=325415\" class=\"wp-image-325415 img-responsive center-block\" srcset=\"https:\/\/www.mendoza.gov.ar\/wp-content\/uploads\/sites\/5\/2022\/08\/WhatsApp-Image-2022-08-29-at-1.39.53-PM1-700x933.jpeg 700w, https:\/\/www.mendoza.gov.ar\/wp-content\/uploads\/sites\/5\/2022\/08\/WhatsApp-Image-2022-08-29-at-1.39.53-PM1-250x333.jpeg 250w, https:\/\/www.mendoza.gov.ar\/wp-content\/uploads\/sites\/5\/2022\/08\/WhatsApp-Image-2022-08-29-at-1.39.53-PM1-768x1024.jpeg 768w, https:\/\/www.mendoza.gov.ar\/wp-content\/uploads\/sites\/5\/2022\/08\/WhatsApp-Image-2022-08-29-at-1.39.53-PM1-120x160.jpeg 120w, https:\/\/www.mendoza.gov.ar\/wp-content\/uploads\/sites\/5\/2022\/08\/WhatsApp-Image-2022-08-29-at-1.39.53-PM1.jpeg 960w\" sizes=\"(max-width: 700px) 100vw, 700px\"><\/a><\/figure><\/li><li class=\"blocks-gallery-item\"><figure><a href=\"https:\/\/www.mendoza.gov.ar\/wp-content\/uploads\/sites\/5\/2022\/08\/WhatsApp-Image-2022-08-29-at-1.39.53-PM.jpeg\"><img loading=\"lazy\" width=\"700\" height=\"933\" src=\"https:\/\/www.mendoza.gov.ar\/wp-content\/uploads\/sites\/5\/2022\/08\/WhatsApp-Image-2022-08-29-at-1.39.53-PM-700x933.jpeg\" alt=\"\" data-id=\"325416\" data-full-url=\"https:\/\/www.mendoza.gov.ar\/wp-content\/uploads\/sites\/5\/2022\/08\/WhatsApp-Image-2022-08-29-at-1.39.53-PM.jpeg\" data-link=\"https:\/\/www.mendoza.gov.ar\/prensa\/?attachment_id=325416\" class=\"wp-image-325416 img-responsive center-block\" srcset=\"https:\/\/www.mendoza.gov.ar\/wp-content\/uploads\/sites\/5\/2022\/08\/WhatsApp-Image-2022-08-29-at-1.39.53-PM-700x933.jpeg 700w, https:\/\/www.mendoza.gov.ar\/wp-content\/uploads\/sites\/5\/2022\/08\/WhatsApp-Image-2022-08-29-at-1.39.53-PM-250x333.jpeg 250w, https:\/\/www.mendoza.gov.ar\/wp-content\/uploads\/sites\/5\/2022\/08\/WhatsApp-Image-2022-08-29-at-1.39.53-PM-768x1024.jpeg 768w, https:\/\/www.mendoza.gov.ar\/wp-content\/uploads\/sites\/5\/2022\/08\/WhatsApp-Image-2022-08-29-at-1.39.53-PM-120x160.jpeg 120w, https:\/\/www.mendoza.gov.ar\/wp-content\/uploads\/sites\/5\/2022\/08\/WhatsApp-Image-2022-08-29-at-1.39.53-PM.jpeg 960w\" sizes=\"(max-width: 700px) 100vw, 700px\"><\/a><\/figure><\/li><li class=\"blocks-gallery-item\"><figure><a href=\"https:\/\/www.mendoza.gov.ar\/wp-content\/uploads\/sites\/5\/2022\/08\/WhatsApp-Image-2022-08-29-at-1.39.52-PM.jpeg\"><img loading=\"lazy\" width=\"700\" height=\"393\" src=\"https:\/\/www.mendoza.gov.ar\/wp-content\/uploads\/sites\/5\/2022\/08\/WhatsApp-Image-2022-08-29-at-1.39.52-PM-700x393.jpeg\" alt=\"\" data-id=\"325417\" data-full-url=\"https:\/\/www.mendoza.gov.ar\/wp-content\/uploads\/sites\/5\/2022\/08\/WhatsApp-Image-2022-08-29-at-1.39.52-PM.jpeg\" data-link=\"https:\/\/www.mendoza.gov.ar\/prensa\/?attachment_id=325417\" class=\"wp-image-325417 img-responsive center-block\" srcset=\"https:\/\/www.mendoza.gov.ar\/wp-content\/uploads\/sites\/5\/2022\/08\/WhatsApp-Image-2022-08-29-at-1.39.52-PM-700x393.jpeg 700w, https:\/\/www.mendoza.gov.ar\/wp-content\/uploads\/sites\/5\/2022\/08\/WhatsApp-Image-2022-08-29-at-1.39.52-PM-250x140.jpeg 250w, https:\/\/www.mendoza.gov.ar\/wp-content\/uploads\/sites\/5\/2022\/08\/WhatsApp-Image-2022-08-29-at-1.39.52-PM-768x431.jpeg 768w, https:\/\/www.mendoza.gov.ar\/wp-content\/uploads\/sites\/5\/2022\/08\/WhatsApp-Image-2022-08-29-at-1.39.52-PM-120x67.jpeg 120w, https:\/\/www.mendoza.gov.ar\/wp-content\/uploads\/sites\/5\/2022\/08\/WhatsApp-Image-2022-08-29-at-1.39.52-PM.jpeg 1280w\" sizes=\"(max-width: 700px) 100vw, 700px\"><\/a><\/figure><\/li><li class=\"blocks-gallery-item\"><figure><a href=\"https:\/\/www.mendoza.gov.ar\/wp-content\/uploads\/sites\/5\/2022\/08\/WhatsApp-Image-2022-08-29-at-1.39.51-PM.jpeg\"><img loading=\"lazy\" width=\"700\" height=\"393\" src=\"https:\/\/www.mendoza.gov.ar\/wp-content\/uploads\/sites\/5\/2022\/08\/WhatsApp-Image-2022-08-29-at-1.39.51-PM-700x393.jpeg\" alt=\"\" data-id=\"325418\" data-full-url=\"https:\/\/www.mendoza.gov.ar\/wp-content\/uploads\/sites\/5\/2022\/08\/WhatsApp-Image-2022-08-29-at-1.39.51-PM.jpeg\" data-link=\"https:\/\/www.mendoza.gov.ar\/prensa\/?attachment_id=325418\" class=\"wp-image-325418 img-responsive center-block\" srcset=\"https:\/\/www.mendoza.gov.ar\/wp-content\/uploads\/sites\/5\/2022\/08\/WhatsApp-Image-2022-08-29-at-1.39.51-PM-700x393.jpeg 700w, https:\/\/www.mendoza.gov.ar\/wp-content\/uploads\/sites\/5\/2022\/08\/WhatsApp-Image-2022-08-29-at-1.39.51-PM-250x140.jpeg 250w, https:\/\/www.mendoza.gov.ar\/wp-content\/uploads\/sites\/5\/2022\/08\/WhatsApp-Image-2022-08-29-at-1.39.51-PM-768x431.jpeg 768w, https:\/\/www.mendoza.gov.ar\/wp-content\/uploads\/sites\/5\/2022\/08\/WhatsApp-Image-2022-08-29-at-1.39.51-PM-120x67.jpeg 120w, https:\/\/www.mendoza.gov.ar\/wp-content\/uploads\/sites\/5\/2022\/08\/WhatsApp-Image-2022-08-29-at-1.39.51-PM.jpeg 1280w\" sizes=\"(max-width: 700px) 100vw, 700px\"><\/a><\/figure><\/li><\/ul><\/figure>\n<\/body><\/html>\n","protected":false},"excerpt":{"rendered":"La Direcci&oacute;n de Recursos Naturales Renovables, perteneciente a la Secretar&iacute;a de Ambiente y Ordenamiento Territorial, conmemor&oacute; el D&iacute;a Nacional del &Aacute;rbol con una jornada de educaci&oacute;n ambiental junto al equipo del Centro Integrador Comunitario (CIC) y ni&ntilde;os de la Escuela Recuero del Borboll&oacute;n. &ldquo;Creemos que una excelente forma de conmemorar un d&iacute;a as&iacute;, para que&#8230; <a class=\"view-article\" href=\"https:\/\/www.mendoza.gov.ar\/prensa\/relanzamiento-del-plan-de-forestacion-del-parque-con-educacion-ambiental\/\"><\/a>","protected":false},"author":66,"featured_media":325416,"comment_status":"open","ping_status":"open","sticky":false,"template":"","format":"standard","meta":[],"categories":[1],"tags":[],"_links":{"self":[{"href":"https:\/\/www.mendoza.gov.ar\/prensa\/wp-json\/wp\/v2\/posts\/325413"}],"collection":[{"href":"https:\/\/www.mendoza.gov.ar\/prensa\/wp-json\/wp\/v2\/posts"}],"about":[{"href":"https:\/\/www.mendoza.gov.ar\/prensa\/wp-json\/wp\/v2\/types\/post"}],"author":[{"embeddable":true,"href":"https:\/\/www.mendoza.gov.ar\/prensa\/wp-json\/wp\/v2\/users\/66"}],"replies":[{"embeddable":true,"href":"https:\/\/www.mendoza.gov.ar\/prensa\/wp-json\/wp\/v2\/comments?post=325413"}],"version-history":[{"count":5,"href":"https:\/\/www.mendoza.gov.ar\/prensa\/wp-json\/wp\/v2\/posts\/325413\/revisions"}],"predecessor-version":[{"id":325536,"href":"https:\/\/www.mendoza.gov.ar\/prensa\/wp-json\/wp\/v2\/posts\/325413\/revisions\/325536"}],"wp:featuredmedia":[{"embeddable":true,"href":"https:\/\/www.mendoza.gov.ar\/prensa\/wp-json\/wp\/v2\/media\/325416"}],"wp:attachment":[{"href":"https:\/\/www.mendoza.gov.ar\/prensa\/wp-json\/wp\/v2\/media?parent=325413"}],"wp:term":[{"taxonomy":"category","embeddable":true,"href":"https:\/\/www.mendoza.gov.ar\/prensa\/wp-json\/wp\/v2\/categories?post=325413"},{"taxonomy":"post_tag","embeddable":true,"href":"https:\/\/www.mendoza.gov.ar\/prensa\/wp-json\/wp\/v2\/tags?post=325413"}],"curies":[{"name":"wp","href":"https:\/\/api.w.org\/{rel}","templated":true}]}}