{"id":326351,"date":"2022-09-04T20:40:23","date_gmt":"2022-09-04T23:40:23","guid":{"rendered":"https:\/\/www.mendoza.gov.ar\/prensa\/?p=326351"},"modified":"2022-09-05T15:58:32","modified_gmt":"2022-09-05T18:58:32","slug":"se-presentara-un-nuevo-libro-que-recopila-los-200-anos-de-la-biblioteca-san-martin","status":"publish","type":"post","link":"https:\/\/www.mendoza.gov.ar\/prensa\/se-presentara-un-nuevo-libro-que-recopila-los-200-anos-de-la-biblioteca-san-martin\/","title":{"rendered":"Se presentar\u00e1 un libro que recopila los 200 a\u00f1os de la Biblioteca San Mart\u00edn"},"content":{"rendered":"<!DOCTYPE html PUBLIC \"-\/\/W3C\/\/DTD HTML 4.0 Transitional\/\/EN\" \"http:\/\/www.w3.org\/TR\/REC-html40\/loose.dtd\">\n<html><body><h5><strong><em>&Iacute;ndices de (in) existencias de la Biblioteca Mendozina 1822-2022<\/em> es un libro objeto que contiene nuevos aportes y llega en el bicentenario de la biblioteca p&uacute;blica. Sin dudas, una pieza indispensable de consulta.<\/strong><\/h5>\n\n\n\n<p>La obra editorial recopila los 200 a&ntilde;os de la Biblioteca P&uacute;blica General San Mart&iacute;n y es producto de un proyecto de investigaci&oacute;n que requiri&oacute; m&aacute;s de nueve meses de arduo trabajo.<\/p>\n\n\n\n<p>Su autora, Camila Kevorkian, a cargo del proceso recopilaci&oacute;n y realizaci&oacute;n, lo planific&oacute; como un libro objeto que permite interactuar con sus diferentes piezas, para transformar su lectura en una experiencia din&aacute;mica e interactiva. Est&aacute; compuesto de tres partes desmontables y dividido en 7 fragmentos, uno por cada lugar donde estuvo la biblioteca en sus 200 a&ntilde;os de vida.<\/p>\n\n\n\n<p>El contenido fue elaborado con piezas del Archivo General de la Provincia, material de la memoria oral de trabajadores y trabajadoras de la biblioteca, im&aacute;genes de archivo y dibujos de chicos y chicas que realizaron las visitas guiadas en estos a&ntilde;os.<\/p>\n\n\n\n<p>Con el aporte de Ediciones Culturales de Mendoza, perteneciente al Ministerio de Cultura y Turismo, la pieza editorial fue impresa en talleres Inca y terminada en los talleres de encuadernaci&oacute;n de la Biblioteca P&uacute;blica General San Mart&iacute;n. La correcci&oacute;n colectiva de los textos estuvo a cargo de Victoria Zuin, Mariana Herrera Rubia, Queen Elena, Alejandra Celi, Camill&aacute;n, Alex Besito, Guillermo Bar&oacute;n, Gast&oacute;n Ortiz Bandes y Alejandro Acin.<\/p>\n\n\n\n<p>En mayo del a&ntilde;o pasado, despu&eacute;s de dictar un taller de archivo en la biblioteca, Camila fue convocada a recopilar informaci&oacute;n para el libro, a partir del archivo administrativo, que data de 1877. All&iacute; se encuentra con que, si la biblioteca tiene origen en 1822, hab&iacute;a un vac&iacute;o de 55 a&ntilde;os sin archivo y que era indispensable recuperar.<\/p>\n\n\n\n<p>Para reconstruir esa parte de la historia fue necesario un gran trabajo de compendio y an&aacute;lisis de los datos disponibles. Al respecto, Kervokian reflexiona: &ldquo;Con nuevos aportes cambian de estado un mont&oacute;n de cosas que hay que ir a buscarlas al Archivo Hist&oacute;rico provincial u otros archivos e ir reconstruyendo esa parte. Adem&aacute;s de otros aportes escritos por autores y autoras como Draghi Lucero, Arturo Andr&eacute;s Roig, entre otros nombres y dos investigadoras, Margarita Hualde de P&eacute;rez Guilhou y Alicia Gabbi de Pad&iacute;n, que tambi&eacute;n encuentran un inventario que reescribe parte de esa etapa de la biblioteca y signific&oacute; una nueva perspectiva&rdquo;.<\/p>\n\n\n\n<p>Durante su investigaci&oacute;n, la autora se encontr&oacute; con que, desde sus inicios, la instituci&oacute;n fue concebida con una visi&oacute;n moderna, ya que alrededor del 36% de los vol&uacute;menes ten&iacute;an que ver con viajes, con agricultura, con arte, con naturaleza muy de la &eacute;poca francesa, saber enciclop&eacute;dico y solo 10% de teolog&iacute;a y misticismo, ya que solo conten&iacute;a una Biblia y tres vol&uacute;menes del nuevo testamento, de un total de 1.600 vol&uacute;menes.<\/p>\n\n\n\n<p>Este material se propone llenar los vac&iacute;os de archivo, los silencios y las diversas hip&oacute;tesis para dar cuenta de renovados aportes.<\/p>\n\n\n\n<p>Viviana Villegas, del equipo de encuadernaci&oacute;n de la Biblioteca San Mart&iacute;n, explic&oacute; el proceso de trabajo: &ldquo;En este caso se trata de un libro objeto, ya que se puede dividir en distintas partes. El proceso que realizamos es que, una vez que nos traen las hojas impresas, se realiza el plegado y procedemos luego a perforarlas para poder hacer una costura m&aacute;s exacta y m&aacute;s precisa, para que no quede tan ancho el lomo. Despu&eacute;s, una vez cocido se empareja y lo ponemos entre dos cartones para ir a la prensa y colocar el adhesivo vin&iacute;lico. Una vez en la prensa, se deja secar entre media hora y 40 minutos para retirarlo y hacer el montaje final&rdquo;.<\/p>\n\n\n\n<p><strong>En la Feria del Libro<br><\/strong><br><em>&Iacute;ndices de (in) existencias de la Biblioteca Mendozina 1822-2022<\/em> se presentar&aacute; el viernes 9 de septiembre, a las 21, en la Feria Internacional del Libro Mendoza 2022.<\/p>\n\n\n\n<p>Ser&aacute; en la Sala Vilma R&uacute;polo con un panel compuesto por el profesor de Letras Gast&oacute;n Ortiz Bandes, la bibliotecaria Adriana Conte, la psic&oacute;loga Victoria Zuin y miembros de la Biblioteca P&uacute;blica General San Mart&iacute;n y de la Biblioteca Popular de Chacras.<\/p>\n\n\n\n<figure class=\"wp-block-gallery columns-3 is-cropped\"><ul class=\"blocks-gallery-grid\"><li class=\"blocks-gallery-item\"><figure><a href=\"https:\/\/www.mendoza.gov.ar\/wp-content\/uploads\/sites\/5\/2022\/09\/LA7_4544.jpg\"><img loading=\"lazy\" width=\"700\" height=\"466\" src=\"https:\/\/www.mendoza.gov.ar\/wp-content\/uploads\/sites\/5\/2022\/09\/LA7_4544-700x466.jpg\" alt=\"\" data-id=\"326352\" data-full-url=\"https:\/\/www.mendoza.gov.ar\/wp-content\/uploads\/sites\/5\/2022\/09\/LA7_4544.jpg\" data-link=\"https:\/\/www.mendoza.gov.ar\/prensa\/?attachment_id=326352\" class=\"wp-image-326352 img-responsive center-block\" srcset=\"https:\/\/www.mendoza.gov.ar\/wp-content\/uploads\/sites\/5\/2022\/09\/LA7_4544-700x466.jpg 700w, https:\/\/www.mendoza.gov.ar\/wp-content\/uploads\/sites\/5\/2022\/09\/LA7_4544-250x166.jpg 250w, https:\/\/www.mendoza.gov.ar\/wp-content\/uploads\/sites\/5\/2022\/09\/LA7_4544-768x511.jpg 768w, https:\/\/www.mendoza.gov.ar\/wp-content\/uploads\/sites\/5\/2022\/09\/LA7_4544-1536x1022.jpg 1536w, https:\/\/www.mendoza.gov.ar\/wp-content\/uploads\/sites\/5\/2022\/09\/LA7_4544-120x80.jpg 120w, https:\/\/www.mendoza.gov.ar\/wp-content\/uploads\/sites\/5\/2022\/09\/LA7_4544.jpg 1772w\" sizes=\"(max-width: 700px) 100vw, 700px\"><\/a><\/figure><\/li><li class=\"blocks-gallery-item\"><figure><a href=\"https:\/\/www.mendoza.gov.ar\/wp-content\/uploads\/sites\/5\/2022\/09\/LA7_4548.jpg\"><img loading=\"lazy\" width=\"700\" height=\"466\" src=\"https:\/\/www.mendoza.gov.ar\/wp-content\/uploads\/sites\/5\/2022\/09\/LA7_4548-700x466.jpg\" alt=\"\" data-id=\"326353\" data-full-url=\"https:\/\/www.mendoza.gov.ar\/wp-content\/uploads\/sites\/5\/2022\/09\/LA7_4548.jpg\" data-link=\"https:\/\/www.mendoza.gov.ar\/prensa\/?attachment_id=326353\" class=\"wp-image-326353 img-responsive center-block\" srcset=\"https:\/\/www.mendoza.gov.ar\/wp-content\/uploads\/sites\/5\/2022\/09\/LA7_4548-700x466.jpg 700w, https:\/\/www.mendoza.gov.ar\/wp-content\/uploads\/sites\/5\/2022\/09\/LA7_4548-250x166.jpg 250w, https:\/\/www.mendoza.gov.ar\/wp-content\/uploads\/sites\/5\/2022\/09\/LA7_4548-768x511.jpg 768w, https:\/\/www.mendoza.gov.ar\/wp-content\/uploads\/sites\/5\/2022\/09\/LA7_4548-1536x1022.jpg 1536w, https:\/\/www.mendoza.gov.ar\/wp-content\/uploads\/sites\/5\/2022\/09\/LA7_4548-120x80.jpg 120w, https:\/\/www.mendoza.gov.ar\/wp-content\/uploads\/sites\/5\/2022\/09\/LA7_4548.jpg 1772w\" sizes=\"(max-width: 700px) 100vw, 700px\"><\/a><\/figure><\/li><li class=\"blocks-gallery-item\"><figure><a href=\"https:\/\/www.mendoza.gov.ar\/wp-content\/uploads\/sites\/5\/2022\/09\/LA7_4553.jpg\"><img loading=\"lazy\" width=\"700\" height=\"466\" src=\"https:\/\/www.mendoza.gov.ar\/wp-content\/uploads\/sites\/5\/2022\/09\/LA7_4553-700x466.jpg\" alt=\"\" data-id=\"326354\" data-full-url=\"https:\/\/www.mendoza.gov.ar\/wp-content\/uploads\/sites\/5\/2022\/09\/LA7_4553.jpg\" data-link=\"https:\/\/www.mendoza.gov.ar\/prensa\/?attachment_id=326354\" class=\"wp-image-326354 img-responsive center-block\" srcset=\"https:\/\/www.mendoza.gov.ar\/wp-content\/uploads\/sites\/5\/2022\/09\/LA7_4553-700x466.jpg 700w, https:\/\/www.mendoza.gov.ar\/wp-content\/uploads\/sites\/5\/2022\/09\/LA7_4553-250x166.jpg 250w, https:\/\/www.mendoza.gov.ar\/wp-content\/uploads\/sites\/5\/2022\/09\/LA7_4553-768x511.jpg 768w, https:\/\/www.mendoza.gov.ar\/wp-content\/uploads\/sites\/5\/2022\/09\/LA7_4553-1536x1022.jpg 1536w, https:\/\/www.mendoza.gov.ar\/wp-content\/uploads\/sites\/5\/2022\/09\/LA7_4553-120x80.jpg 120w, https:\/\/www.mendoza.gov.ar\/wp-content\/uploads\/sites\/5\/2022\/09\/LA7_4553.jpg 1772w\" sizes=\"(max-width: 700px) 100vw, 700px\"><\/a><\/figure><\/li><li class=\"blocks-gallery-item\"><figure><a href=\"https:\/\/www.mendoza.gov.ar\/wp-content\/uploads\/sites\/5\/2022\/09\/LA7_4564.jpg\"><img loading=\"lazy\" width=\"700\" height=\"466\" src=\"https:\/\/www.mendoza.gov.ar\/wp-content\/uploads\/sites\/5\/2022\/09\/LA7_4564-700x466.jpg\" alt=\"\" data-id=\"326355\" data-full-url=\"https:\/\/www.mendoza.gov.ar\/wp-content\/uploads\/sites\/5\/2022\/09\/LA7_4564.jpg\" data-link=\"https:\/\/www.mendoza.gov.ar\/prensa\/?attachment_id=326355\" class=\"wp-image-326355 img-responsive center-block\" srcset=\"https:\/\/www.mendoza.gov.ar\/wp-content\/uploads\/sites\/5\/2022\/09\/LA7_4564-700x466.jpg 700w, https:\/\/www.mendoza.gov.ar\/wp-content\/uploads\/sites\/5\/2022\/09\/LA7_4564-250x166.jpg 250w, https:\/\/www.mendoza.gov.ar\/wp-content\/uploads\/sites\/5\/2022\/09\/LA7_4564-768x511.jpg 768w, https:\/\/www.mendoza.gov.ar\/wp-content\/uploads\/sites\/5\/2022\/09\/LA7_4564-1536x1022.jpg 1536w, https:\/\/www.mendoza.gov.ar\/wp-content\/uploads\/sites\/5\/2022\/09\/LA7_4564-120x80.jpg 120w, https:\/\/www.mendoza.gov.ar\/wp-content\/uploads\/sites\/5\/2022\/09\/LA7_4564.jpg 1772w\" sizes=\"(max-width: 700px) 100vw, 700px\"><\/a><\/figure><\/li><\/ul><\/figure>\n<\/body><\/html>\n","protected":false},"excerpt":{"rendered":"&Iacute;ndices de (in) existencias de la Biblioteca Mendozina 1822-2022 es un libro objeto que contiene nuevos aportes y llega en el bicentenario de la biblioteca p&uacute;blica. Sin dudas, una pieza indispensable de consulta. La obra editorial recopila los 200 a&ntilde;os de la Biblioteca P&uacute;blica General San Mart&iacute;n y es producto de un proyecto de investigaci&oacute;n&#8230; <a class=\"view-article\" href=\"https:\/\/www.mendoza.gov.ar\/prensa\/se-presentara-un-nuevo-libro-que-recopila-los-200-anos-de-la-biblioteca-san-martin\/\"><\/a>","protected":false},"author":78,"featured_media":326354,"comment_status":"open","ping_status":"open","sticky":false,"template":"","format":"standard","meta":[],"categories":[8,37],"tags":[],"_links":{"self":[{"href":"https:\/\/www.mendoza.gov.ar\/prensa\/wp-json\/wp\/v2\/posts\/326351"}],"collection":[{"href":"https:\/\/www.mendoza.gov.ar\/prensa\/wp-json\/wp\/v2\/posts"}],"about":[{"href":"https:\/\/www.mendoza.gov.ar\/prensa\/wp-json\/wp\/v2\/types\/post"}],"author":[{"embeddable":true,"href":"https:\/\/www.mendoza.gov.ar\/prensa\/wp-json\/wp\/v2\/users\/78"}],"replies":[{"embeddable":true,"href":"https:\/\/www.mendoza.gov.ar\/prensa\/wp-json\/wp\/v2\/comments?post=326351"}],"version-history":[{"count":6,"href":"https:\/\/www.mendoza.gov.ar\/prensa\/wp-json\/wp\/v2\/posts\/326351\/revisions"}],"predecessor-version":[{"id":326425,"href":"https:\/\/www.mendoza.gov.ar\/prensa\/wp-json\/wp\/v2\/posts\/326351\/revisions\/326425"}],"wp:featuredmedia":[{"embeddable":true,"href":"https:\/\/www.mendoza.gov.ar\/prensa\/wp-json\/wp\/v2\/media\/326354"}],"wp:attachment":[{"href":"https:\/\/www.mendoza.gov.ar\/prensa\/wp-json\/wp\/v2\/media?parent=326351"}],"wp:term":[{"taxonomy":"category","embeddable":true,"href":"https:\/\/www.mendoza.gov.ar\/prensa\/wp-json\/wp\/v2\/categories?post=326351"},{"taxonomy":"post_tag","embeddable":true,"href":"https:\/\/www.mendoza.gov.ar\/prensa\/wp-json\/wp\/v2\/tags?post=326351"}],"curies":[{"name":"wp","href":"https:\/\/api.w.org\/{rel}","templated":true}]}}