{"id":332759,"date":"2022-10-19T17:40:18","date_gmt":"2022-10-19T20:40:18","guid":{"rendered":"https:\/\/www.mendoza.gov.ar\/prensa\/?p=332759"},"modified":"2022-10-19T17:59:15","modified_gmt":"2022-10-19T20:59:15","slug":"osep-se-sumo-al-dia-mundial-contra-el-cancer-de-mama","status":"publish","type":"post","link":"https:\/\/www.mendoza.gov.ar\/prensa\/osep-se-sumo-al-dia-mundial-contra-el-cancer-de-mama\/","title":{"rendered":"OSEP se sum\u00f3 al D\u00eda Mundial contra el C\u00e1ncer de Mama"},"content":{"rendered":"<!DOCTYPE html PUBLIC \"-\/\/W3C\/\/DTD HTML 4.0 Transitional\/\/EN\" \"http:\/\/www.w3.org\/TR\/REC-html40\/loose.dtd\">\n<html><body><h5><strong>La Obra Social de Empleados P&uacute;blicos ofreci&oacute; charlas sobre esta enfermedad que sigue siendo el tumor maligno m&aacute;s frecuente y la primera causa de muerte por c&aacute;ncer en la mujer en Argentina. Los profesionales de la obra social estuvieron hoy en el Microcine de la Municipalidad de Capital, en el Concejo Deliberante de Guaymall&eacute;n y en el Parque Metropolitano de Maip&uacute;.<\/strong><\/h5>\n\n\n\n<p>En la sala de la Municipalidad de Capital y con la presencia del doctor Carlos Funes, director general de OSEP, las doctoras Laura Bidot, jefa del Programa Ser Mujer; Emilia Juliano, ginec&oacute;loga, y Paola Navarro, nutricionista, compartieron un di&aacute;logo con trabajadoras y vecinas de la Ciudad sobre prevenci&oacute;n del c&aacute;ncer de mama. <\/p>\n\n\n\n<p>El equipo interdisciplinario de profesionales brind&oacute; una extensa charla sobre la importancia de controlar el cuerpo para detectar precozmente sus anomal&iacute;as y c&oacute;mo ayudan los h&aacute;bitos saludables a su prevenci&oacute;n. En ese contexto, se gener&oacute; un intercambio con las asistentes que aprovecharon para aclarar todas sus dudas.<\/p>\n\n\n\n<p>La obra social tambi&eacute;n dijo presente en el edificio del Concejo Deliberante de Guaymall&eacute;n. All&iacute; tambi&eacute;n se desarroll&oacute; una serie de charlas de concientizaci&oacute;n dirigida a trabajadoras y a la comunidad en general. En representaci&oacute;n de OSEP el disertante fue el doctor Horacio Vargas, ginec&oacute;logo de la instituci&oacute;n, quien comparti&oacute; su experiencia y trayectoria en los programas preventivos de c&aacute;ncer de mama.<\/p>\n\n\n\n<p>En tanto, en el Parque Metropolitano de Maip&uacute; se desarroll&oacute; una jornada de concientizaci&oacute;n en la que participaron profesionales de la sede territorial. La obra social estuvo representada  las licenciadas &Eacute;rica Ponce e Iris Lucero; la doctora Silvana Matto y Anal&iacute;a Derin, del equipo administrativo.<\/p>\n\n\n\n<p>Las profesionales brindaron informaci&oacute;n a las afiliadas sobre factores de riesgo y factores protectores para el c&aacute;ncer de mama, la importancia de la realizaci&oacute;n de la mamograf&iacute;a a partir de los 40 a&ntilde;os y los lugares donde concurrir para realizarse el estudio sin pago de coseguro. Tambi&eacute;n brindaron asesoramiento para el f&aacute;cil acceso las &aacute;reas Ser Mujer y Salud Sexual y Reproductiva.<\/p>\n\n\n\n<figure class=\"wp-block-gallery columns-3\"><ul class=\"blocks-gallery-grid\"><li class=\"blocks-gallery-item\"><figure><a href=\"https:\/\/www.mendoza.gov.ar\/wp-content\/uploads\/sites\/5\/2022\/10\/micro9-700x525.jpg\"><img loading=\"lazy\" width=\"700\" height=\"525\" src=\"https:\/\/www.mendoza.gov.ar\/wp-content\/uploads\/sites\/5\/2022\/10\/micro9-700x525.jpg\" alt=\"\" data-id=\"332760\" data-link=\"https:\/\/www.mendoza.gov.ar\/prensa\/?attachment_id=332760\" class=\"wp-image-332760 img-responsive center-block\" srcset=\"https:\/\/www.mendoza.gov.ar\/wp-content\/uploads\/sites\/5\/2022\/10\/micro9-700x525.jpg 700w, https:\/\/www.mendoza.gov.ar\/wp-content\/uploads\/sites\/5\/2022\/10\/micro9-250x188.jpg 250w, https:\/\/www.mendoza.gov.ar\/wp-content\/uploads\/sites\/5\/2022\/10\/micro9-768x576.jpg 768w, https:\/\/www.mendoza.gov.ar\/wp-content\/uploads\/sites\/5\/2022\/10\/micro9-1536x1152.jpg 1536w, https:\/\/www.mendoza.gov.ar\/wp-content\/uploads\/sites\/5\/2022\/10\/micro9-120x90.jpg 120w, https:\/\/www.mendoza.gov.ar\/wp-content\/uploads\/sites\/5\/2022\/10\/micro9.jpg 1600w\" sizes=\"(max-width: 700px) 100vw, 700px\"><\/a><\/figure><\/li><li class=\"blocks-gallery-item\"><figure><a href=\"https:\/\/www.mendoza.gov.ar\/wp-content\/uploads\/sites\/5\/2022\/10\/micro8-700x525.jpg\"><img loading=\"lazy\" width=\"700\" height=\"525\" src=\"https:\/\/www.mendoza.gov.ar\/wp-content\/uploads\/sites\/5\/2022\/10\/micro8-700x525.jpg\" alt=\"\" data-id=\"332761\" data-link=\"https:\/\/www.mendoza.gov.ar\/prensa\/?attachment_id=332761\" class=\"wp-image-332761 img-responsive center-block\" srcset=\"https:\/\/www.mendoza.gov.ar\/wp-content\/uploads\/sites\/5\/2022\/10\/micro8-700x525.jpg 700w, https:\/\/www.mendoza.gov.ar\/wp-content\/uploads\/sites\/5\/2022\/10\/micro8-250x188.jpg 250w, https:\/\/www.mendoza.gov.ar\/wp-content\/uploads\/sites\/5\/2022\/10\/micro8-768x576.jpg 768w, https:\/\/www.mendoza.gov.ar\/wp-content\/uploads\/sites\/5\/2022\/10\/micro8-1536x1152.jpg 1536w, https:\/\/www.mendoza.gov.ar\/wp-content\/uploads\/sites\/5\/2022\/10\/micro8-120x90.jpg 120w, https:\/\/www.mendoza.gov.ar\/wp-content\/uploads\/sites\/5\/2022\/10\/micro8.jpg 1600w\" sizes=\"(max-width: 700px) 100vw, 700px\"><\/a><\/figure><\/li><li class=\"blocks-gallery-item\"><figure><a href=\"https:\/\/www.mendoza.gov.ar\/wp-content\/uploads\/sites\/5\/2022\/10\/micro3-700x525.jpg\"><img loading=\"lazy\" width=\"700\" height=\"525\" src=\"https:\/\/www.mendoza.gov.ar\/wp-content\/uploads\/sites\/5\/2022\/10\/micro3-700x525.jpg\" alt=\"\" data-id=\"332762\" data-link=\"https:\/\/www.mendoza.gov.ar\/prensa\/?attachment_id=332762\" class=\"wp-image-332762 img-responsive center-block\" srcset=\"https:\/\/www.mendoza.gov.ar\/wp-content\/uploads\/sites\/5\/2022\/10\/micro3-700x525.jpg 700w, https:\/\/www.mendoza.gov.ar\/wp-content\/uploads\/sites\/5\/2022\/10\/micro3-250x188.jpg 250w, https:\/\/www.mendoza.gov.ar\/wp-content\/uploads\/sites\/5\/2022\/10\/micro3-768x576.jpg 768w, https:\/\/www.mendoza.gov.ar\/wp-content\/uploads\/sites\/5\/2022\/10\/micro3-1536x1152.jpg 1536w, https:\/\/www.mendoza.gov.ar\/wp-content\/uploads\/sites\/5\/2022\/10\/micro3-120x90.jpg 120w, https:\/\/www.mendoza.gov.ar\/wp-content\/uploads\/sites\/5\/2022\/10\/micro3.jpg 1600w\" sizes=\"(max-width: 700px) 100vw, 700px\"><\/a><\/figure><\/li><li class=\"blocks-gallery-item\"><figure><a href=\"https:\/\/www.mendoza.gov.ar\/wp-content\/uploads\/sites\/5\/2022\/10\/micro1-700x525.jpg\"><img loading=\"lazy\" width=\"700\" height=\"525\" src=\"https:\/\/www.mendoza.gov.ar\/wp-content\/uploads\/sites\/5\/2022\/10\/micro1-700x525.jpg\" alt=\"\" data-id=\"332763\" data-link=\"https:\/\/www.mendoza.gov.ar\/prensa\/?attachment_id=332763\" class=\"wp-image-332763 img-responsive center-block\" srcset=\"https:\/\/www.mendoza.gov.ar\/wp-content\/uploads\/sites\/5\/2022\/10\/micro1-700x525.jpg 700w, https:\/\/www.mendoza.gov.ar\/wp-content\/uploads\/sites\/5\/2022\/10\/micro1-250x188.jpg 250w, https:\/\/www.mendoza.gov.ar\/wp-content\/uploads\/sites\/5\/2022\/10\/micro1-768x576.jpg 768w, https:\/\/www.mendoza.gov.ar\/wp-content\/uploads\/sites\/5\/2022\/10\/micro1-120x90.jpg 120w, https:\/\/www.mendoza.gov.ar\/wp-content\/uploads\/sites\/5\/2022\/10\/micro1.jpg 1280w\" sizes=\"(max-width: 700px) 100vw, 700px\"><\/a><\/figure><\/li><li class=\"blocks-gallery-item\"><figure><a href=\"https:\/\/www.mendoza.gov.ar\/wp-content\/uploads\/sites\/5\/2022\/10\/metro1.jpg\"><img loading=\"lazy\" width=\"700\" height=\"930\" src=\"https:\/\/www.mendoza.gov.ar\/wp-content\/uploads\/sites\/5\/2022\/10\/metro1-700x930.jpg\" alt=\"\" data-id=\"332764\" data-full-url=\"https:\/\/www.mendoza.gov.ar\/wp-content\/uploads\/sites\/5\/2022\/10\/metro1.jpg\" data-link=\"https:\/\/www.mendoza.gov.ar\/prensa\/?attachment_id=332764\" class=\"wp-image-332764 img-responsive center-block\" srcset=\"https:\/\/www.mendoza.gov.ar\/wp-content\/uploads\/sites\/5\/2022\/10\/metro1-700x930.jpg 700w, https:\/\/www.mendoza.gov.ar\/wp-content\/uploads\/sites\/5\/2022\/10\/metro1-250x332.jpg 250w, https:\/\/www.mendoza.gov.ar\/wp-content\/uploads\/sites\/5\/2022\/10\/metro1-768x1021.jpg 768w, https:\/\/www.mendoza.gov.ar\/wp-content\/uploads\/sites\/5\/2022\/10\/metro1-1156x1536.jpg 1156w, https:\/\/www.mendoza.gov.ar\/wp-content\/uploads\/sites\/5\/2022\/10\/metro1-120x159.jpg 120w, https:\/\/www.mendoza.gov.ar\/wp-content\/uploads\/sites\/5\/2022\/10\/metro1.jpg 1204w\" sizes=\"(max-width: 700px) 100vw, 700px\"><\/a><\/figure><\/li><\/ul><\/figure>\n<\/body><\/html>\n","protected":false},"excerpt":{"rendered":"La Obra Social de Empleados P&uacute;blicos ofreci&oacute; charlas sobre esta enfermedad que sigue siendo el tumor maligno m&aacute;s frecuente y la primera causa de muerte por c&aacute;ncer en la mujer en Argentina. Los profesionales de la obra social estuvieron hoy en el Microcine de la Municipalidad de Capital, en el Concejo Deliberante de Guaymall&eacute;n y&#8230; <a class=\"view-article\" href=\"https:\/\/www.mendoza.gov.ar\/prensa\/osep-se-sumo-al-dia-mundial-contra-el-cancer-de-mama\/\"><\/a>","protected":false},"author":63,"featured_media":332761,"comment_status":"open","ping_status":"open","sticky":false,"template":"","format":"standard","meta":[],"categories":[30],"tags":[],"_links":{"self":[{"href":"https:\/\/www.mendoza.gov.ar\/prensa\/wp-json\/wp\/v2\/posts\/332759"}],"collection":[{"href":"https:\/\/www.mendoza.gov.ar\/prensa\/wp-json\/wp\/v2\/posts"}],"about":[{"href":"https:\/\/www.mendoza.gov.ar\/prensa\/wp-json\/wp\/v2\/types\/post"}],"author":[{"embeddable":true,"href":"https:\/\/www.mendoza.gov.ar\/prensa\/wp-json\/wp\/v2\/users\/63"}],"replies":[{"embeddable":true,"href":"https:\/\/www.mendoza.gov.ar\/prensa\/wp-json\/wp\/v2\/comments?post=332759"}],"version-history":[{"count":2,"href":"https:\/\/www.mendoza.gov.ar\/prensa\/wp-json\/wp\/v2\/posts\/332759\/revisions"}],"predecessor-version":[{"id":332785,"href":"https:\/\/www.mendoza.gov.ar\/prensa\/wp-json\/wp\/v2\/posts\/332759\/revisions\/332785"}],"wp:featuredmedia":[{"embeddable":true,"href":"https:\/\/www.mendoza.gov.ar\/prensa\/wp-json\/wp\/v2\/media\/332761"}],"wp:attachment":[{"href":"https:\/\/www.mendoza.gov.ar\/prensa\/wp-json\/wp\/v2\/media?parent=332759"}],"wp:term":[{"taxonomy":"category","embeddable":true,"href":"https:\/\/www.mendoza.gov.ar\/prensa\/wp-json\/wp\/v2\/categories?post=332759"},{"taxonomy":"post_tag","embeddable":true,"href":"https:\/\/www.mendoza.gov.ar\/prensa\/wp-json\/wp\/v2\/tags?post=332759"}],"curies":[{"name":"wp","href":"https:\/\/api.w.org\/{rel}","templated":true}]}}