{"id":33620,"date":"2015-06-03T13:50:53","date_gmt":"2015-06-03T16:50:53","guid":{"rendered":"http:\/\/prensa.mendoza.gov.ar\/?p=33620"},"modified":"2015-06-03T13:50:53","modified_gmt":"2015-06-03T16:50:53","slug":"la-presidenta-cristina-fernandez-inauguro-la-doble-via-anchoris-tunuyan","status":"publish","type":"post","link":"https:\/\/www.mendoza.gov.ar\/prensa\/la-presidenta-cristina-fernandez-inauguro-la-doble-via-anchoris-tunuyan\/","title":{"rendered":"Cristina Fern\u00e1ndez inaugur\u00f3 la doble v\u00eda Anchoris \u2013 Tunuy\u00e1n"},"content":{"rendered":"<!DOCTYPE html PUBLIC \"-\/\/W3C\/\/DTD HTML 4.0 Transitional\/\/EN\" \"http:\/\/www.w3.org\/TR\/REC-html40\/loose.dtd\">\n<html><body><p>Frente a miles de personas, la Presidenta Cristina Fernandez de Kirchner junto al gobernador Francisco P&eacute;rez inauguraron por teleconferencia &nbsp;uno de los avances m&aacute;s significativos en materia de comunicaci&oacute;n vial sobre la extensa Ruta Nacional 40, la Doble V&iacute;a que comunica la localidad de Anchoris, en Luj&aacute;n de Cuyo, con el ingreso a Tunuy&aacute;n.<\/p>\n<p>Durante la teleconferencia la Presidenta se&ntilde;al&oacute;: &ldquo;Son impactantes las im&aacute;genes que estamos recibiendo aqu&iacute; de lo que es la autov&iacute;a, porque en realidad es la Ruta 40, pero en este tramo convertido en autov&iacute;a con lo cual la hace absolutamente segura y ayuda a fortalecer la competitividad a este maravilloso camino definido como el Cord&oacute;n del Plata&rdquo;.<\/p>\n<p>Por su parte, el intendente de Tunuy&aacute;n, Mart&iacute;n Aveiro precis&oacute; que: &ldquo;Es una obra de 28 km que tiene un sentido estrat&eacute;gico fundamental de interconexi&oacute;n para el &aacute;mbito y desarrollo productivo. Adem&aacute;s, tambi&eacute;n &nbsp;tiene gran importancia en lo que se est&aacute; generando&nbsp; en nuestro querido Valle de Uco, el desarrollo y crecimiento del turismo, gracias a la recuperaci&oacute;n de Aerol&iacute;neas Argentinas que nos trae m&aacute;s de 1.000 visitantes semanalmente a nuestra querida Provincia&nbsp; y muchos de ellos vienen por esta Ruta a nuestro querido Valle de Uco&rdquo;.<\/p>\n<p><strong>Otras inauguraciones&nbsp;<\/strong><\/p>\n<p>Durante el acto de inauguraci&oacute;n de la UDI, la Presidenta tambi&eacute;n dejo inaugurado un tramo de la Ruta 40 que va de Arroyo Loncoche &ndash; Bardas Blancas, con una longitud de 50 km, obra que permite una definitiva vinculaci&oacute;n de Malarg&uuml;e y la zona Norte de Mendoza con el corredor del Paso Internacional Pehuenche. As&iacute;mismo, en este Paso Internacional se inaugur&oacute; la Ruta Nacional 145 en tramo Portezuelo del Viento -Arroyo Pehuenche. &nbsp;Estas obras permiten agilizar el comercio entre Argentina y Chile consolidando el crecimiento econ&oacute;mico de ambos pa&iacute;ses. La inversi&oacute;n total de la Naci&oacute;n para estas obras viales en la provincia es de $793.000.000.<\/p>\n<p><a href=\"https:\/\/www.mendoza.gov.ar\/prensa\/wp-content\/uploads\/sites\/23\/03-06-15doble-via.jpg\"><img loading=\"lazy\" class=\"alignnone wp-image-33673 img-responsive center-block\" src=\"https:\/\/www.mendoza.gov.ar\/prensa\/wp-content\/uploads\/sites\/23\/03-06-15doble-via.jpg\" alt=\"03-06-15doble via\" width=\"650\" height=\"432\"><\/a><\/p>\n<p>La obra tiene una extensi&oacute;n de 28 km, trayecto en el que se han concentrado los trabajos para desarrollar una nueva calzada de concreto asf&aacute;ltico de 7,5 metros de ancho, nuevas banquinas externas e internas, defensas met&aacute;licas, y alcantarillas de gran magnitud, adem&aacute;s de la construcci&oacute;n de nuevos puentes sobre los arroyos Cha&ntilde;ares Norte y Sur, Tierras Blancas y La Estacada.<\/p>\n<p>Los trabajos en detalle muestran que la calzada principal se complementa con una banquina externa de concreto asf&aacute;ltico de 2,5 metros de ancho y una banquina interna de 1,5 metros de ancho.<\/p>\n<p>Adem&aacute;s, las tareas comprendieron la construcci&oacute;n de cauces aluvionales revestidos, bateas amortiguadoras de energ&iacute;a, y nuevos edificios destinados a los puestos de control de Gendarmer&iacute;a Nacional, Iscamen, control de pesos y dimensiones, todos ubicados en el sector Oeste de la Doble V&iacute;a, adem&aacute;s de nuevos puestos construidos para la Polic&iacute;a Vial y para la Divisi&oacute;n Canes de Mendoza, ambos ubicados en la margen Este de la doble v&iacute;a.<\/p>\n<p><strong>Sistema de control de Pesos y Dimensiones &uacute;nico en el Pa&iacute;s<\/strong><\/p>\n<p>El nuevo sector de control de pesos y dimensiones est&aacute; ubicado en la zona de Zapata y cuenta con un sistema de &uacute;ltima tecnolog&iacute;a (el primero en su tipo en el Pa&iacute;s), que est&aacute; compuesto por una b&aacute;scula din&aacute;mica con la capacidad de pesar camiones por ejes y por su peso total, adem&aacute;s de una b&aacute;scula punitiva, es decir, con la capacidad de emitir multas en los casos de infracciones. El sistema cuenta con la posibilidad de detectar y digitalizar las patentes a trav&eacute;s se sistema l&aacute;ser y c&aacute;maras fotogr&aacute;ficas especialmente dise&ntilde;adas para este tipo de control.<\/p>\n<p><a href=\"https:\/\/www.mendoza.gov.ar\/prensa\/wp-content\/uploads\/sites\/23\/03-06-15Ruta-doble-via.jpg\"><img loading=\"lazy\" class=\"alignnone wp-image-33674 img-responsive center-block\" src=\"https:\/\/www.mendoza.gov.ar\/prensa\/wp-content\/uploads\/sites\/23\/03-06-15Ruta-doble-via.jpg\" alt=\"03-06-15Ruta doble via\" width=\"650\" height=\"432\"><\/a><\/p>\n<p><strong>Nueva infraestructura para operarios<\/strong><\/p>\n<p>Forman parte de la obra que se inaugura, las nuevas casas construidas para la residencia de los operarios de la Direcci&oacute;n Nacional de Vialidad que trabajan en todo el sector de controles, asistencia e informaci&oacute;n.<\/p>\n<p><strong>Mayor seguridad y comodidad para los usuarios<\/strong><\/p>\n<p>A partir de la zona donde se ubica el santuario denominado &ldquo;Cruz Negra&rdquo;, y desde all&iacute; hacia el sur, la obra presenta diversas obras de arte de hormig&oacute;n armado, junto a nuevas alcantarillas con aberturas de distintas magnitudes.<\/p>\n<p>En toda su extensi&oacute;n se han colocado defensas met&aacute;licas, se&ntilde;alizaci&oacute;n y demarcaci&oacute;n correspondientes a este tipo de obra.<\/p>\n<p>La inversi&oacute;n asciende a $410.025.755,85. Los trabajos estuvieron a cargo de la firma Jos&eacute; Cartellone Construcciones Civiles S.A. mientras que la supervisi&oacute;n de los mismos estuvo a cargo de la Direcci&oacute;n Provincial de Vialidad.<\/p>\n<p>&nbsp;<\/p>\n<p>&nbsp;<\/p>\n<\/body><\/html>\n","protected":false},"excerpt":{"rendered":"Se trata de una de las obras de infraestructura m\u00e1s importantes desarrolladas en Mendoza en los \u00faltimos a\u00f1os, que beneficia a todo el polo productivo del Valle de Uco y por la cual circulan m\u00e1s de 35 mil veh\u00edculos diariamente.","protected":false},"author":3,"featured_media":33662,"comment_status":"open","ping_status":"open","sticky":false,"template":"","format":"standard","meta":[],"categories":[1],"tags":[],"_links":{"self":[{"href":"https:\/\/www.mendoza.gov.ar\/prensa\/wp-json\/wp\/v2\/posts\/33620"}],"collection":[{"href":"https:\/\/www.mendoza.gov.ar\/prensa\/wp-json\/wp\/v2\/posts"}],"about":[{"href":"https:\/\/www.mendoza.gov.ar\/prensa\/wp-json\/wp\/v2\/types\/post"}],"author":[{"embeddable":true,"href":"https:\/\/www.mendoza.gov.ar\/prensa\/wp-json\/wp\/v2\/users\/3"}],"replies":[{"embeddable":true,"href":"https:\/\/www.mendoza.gov.ar\/prensa\/wp-json\/wp\/v2\/comments?post=33620"}],"version-history":[{"count":0,"href":"https:\/\/www.mendoza.gov.ar\/prensa\/wp-json\/wp\/v2\/posts\/33620\/revisions"}],"wp:featuredmedia":[{"embeddable":true,"href":"https:\/\/www.mendoza.gov.ar\/prensa\/wp-json\/wp\/v2\/media\/33662"}],"wp:attachment":[{"href":"https:\/\/www.mendoza.gov.ar\/prensa\/wp-json\/wp\/v2\/media?parent=33620"}],"wp:term":[{"taxonomy":"category","embeddable":true,"href":"https:\/\/www.mendoza.gov.ar\/prensa\/wp-json\/wp\/v2\/categories?post=33620"},{"taxonomy":"post_tag","embeddable":true,"href":"https:\/\/www.mendoza.gov.ar\/prensa\/wp-json\/wp\/v2\/tags?post=33620"}],"curies":[{"name":"wp","href":"https:\/\/api.w.org\/{rel}","templated":true}]}}