{"id":336258,"date":"2022-11-10T13:24:47","date_gmt":"2022-11-10T16:24:47","guid":{"rendered":"https:\/\/www.mendoza.gov.ar\/prensa\/?p=336258"},"modified":"2022-11-10T15:32:47","modified_gmt":"2022-11-10T18:32:47","slug":"suarez-y-la-secretaria-de-energia-de-la-nacion-acordaron-avanzar-en-tarifas-energeticas-diferenciadas-para-los-productores-afectados-por-las-heladas","status":"publish","type":"post","link":"https:\/\/www.mendoza.gov.ar\/prensa\/suarez-y-la-secretaria-de-energia-de-la-nacion-acordaron-avanzar-en-tarifas-energeticas-diferenciadas-para-los-productores-afectados-por-las-heladas\/","title":{"rendered":"Suarez y la secretaria de Energ\u00eda de la Naci\u00f3n acordaron avanzar en tarifas energ\u00e9ticas diferenciadas para los productores afectados por heladas"},"content":{"rendered":"<!DOCTYPE html PUBLIC \"-\/\/W3C\/\/DTD HTML 4.0 Transitional\/\/EN\" \"http:\/\/www.w3.org\/TR\/REC-html40\/loose.dtd\">\n<html><body><h5>Funcionarios y t&eacute;cnicos de la Provincia y la Naci&oacute;n se reunir&aacute;n nuevamente esta tarde luego del pedido del Gobernador Suarez a Flavia Roy&oacute;n en Maip&uacute;. La funcionaria confirm&oacute; tambi&eacute;n que se acordar&aacute; la incorporaci&oacute;n de El Baqueano al Plan Hidroel&eacute;ctrico de la Naci&oacute;n.<\/h5>\n\n\n\n<p>El Gobernador Rodolfo Suarez y la Secretaria de Energ&iacute;a de la Naci&oacute;n se reunieron esta ma&ntilde;ana en Maip&uacute;, donde ambos participaron en la apertura del 6&ordm; Congreso Nacional de Pymes Constructoras, que se desarrolla en nuestra provincia.<\/p>\n\n\n\n<p>Fueron dos los temas que prioriz&oacute; el Gobierno mendocino durante la reuni&oacute;n, en la que tambi&eacute;n participaron el ministro de Planificaci&oacute;n e Infraestructura P&uacute;blica de Mendoza, Mario Isgro-; el secretario de Servicios P&uacute;blicos de la Provincia, Natalio Mema; el presidente de la Empresa Mendocina de Energ&iacute;a (Emesa), Pablo Magistocchi, y el subsecretario de Energ&iacute;a El&eacute;ctrica de la Naci&oacute;n, Juan Luchilo.<\/p>\n\n\n\n<p>El Gobernador solicit&oacute; a la secretaria de Energ&iacute;a de la Naci&oacute;n, Flavia Roy&oacute;n, que las grandes obras hidroel&eacute;ctricas que se llevan adelante en la provincia &ldquo;entren en el Plan Hidroel&eacute;ctrico de la Naci&oacute;n&rdquo;.<\/p>\n\n\n\n<p>&ldquo;Esto quiere decir que la energ&iacute;a que vamos a generar tenga tarifa. De esta manera, podemos ir generando otras obras y un c&iacute;rculo virtuoso. Lo que ocurre hoy d&iacute;a es que si vamos a seguir realizando obras con nuestros fondos, pero la energ&iacute;a no vale, queremos que la paguen. &ldquo;Estamos pidiendo lo mismo otorgado a San Juan&rdquo;, agreg&oacute;.<\/p>\n\n\n\n<p>El otro pedido a la Naci&oacute;n involucra a los productores agr&iacute;colas afectados por las recientes heladas tard&iacute;as. Suarez record&oacute; que la provincia ya ofrece descuentos en la tarifa el&eacute;ctrica &ldquo;de acuerdo al nivel de da&ntilde;os, que van del 25 al 50 por ciento&rdquo;, en un contexto en el que &ldquo;la tarifa el&eacute;ctrica &ldquo;tiene un componente provincial y otro nacional&rdquo;.<\/p>\n\n\n\n<p>Como el sector agr&iacute;cola afectado por la emergencia clim&aacute;tica no est&aacute; dentro de la segmentaci&oacute;n que subsidia la Naci&oacute;n, Suarez cont&oacute; la gesti&oacute;n que est&aacute; realizando la Provincia: &ldquo;Hemos pedido que aquellos productores que tienen certificado los da&ntilde;os tengan el mismo tratamiento que los clubes de barrio, en donde hay una tarifa importante que cobra el Gobierno nacional&rdquo;.<\/p>\n\n\n\n<p>&ldquo;Nosotros podemos hacer una reducci&oacute;n, que de hecho la hacemos, pero no podemos decir nada en cuanto a la reducci&oacute;n que ellos realizan desde el sistema nacional&rdquo;, explic&oacute; el Gobernador.<\/p>\n\n\n\n<p>La secretaria de Energ&iacute;a de la Naci&oacute;n, por su parte, confirm&oacute; que tras escuchar los pedidos del Gobernador, se paut&oacute; una nueva reuni&oacute;n para esta tarde, donde se avanzar&aacute; en los detalles t&eacute;cnicos de las tarifas diferenciadas con los valores de agosto, previo a la quita de subsidios.<\/p>\n\n\n\n<p>&ldquo;El Gobernador me coment&oacute; que la Provincia tiene identificados a los productores afectados, as&iacute; que esta tarde conversaremos sobre cu&aacute;ntos son y por cu&aacute;nto tiempo se implementa. Se va a abrir un registro en un trabajo conjunto con el Gobierno de la Provincia&rdquo;, dijo la funcionaria nacional.<\/p>\n\n\n\n<p>Tambi&eacute;n hubo una respuesta positiva en relaci&oacute;n con el otro pedido que hizo Suarez en la reuni&oacute;n con Roy&oacute;n. &ldquo;Hablamos del El Baqueano, as&iacute; que ya est&aacute; mi equipo trabajando con el Gobernador para avanzar en ese tema&rdquo;, agreg&oacute; la funcionaria sobre la solicitud de que las grandes obras hidroel&eacute;ctricas que realice la provincia ingresen al Plan Hidroel&eacute;ctrico de la Naci&oacute;n.<\/p>\n\n\n\n<figure class=\"wp-block-gallery columns-2\"><ul class=\"blocks-gallery-grid\"><li class=\"blocks-gallery-item\"><figure><a href=\"https:\/\/www.mendoza.gov.ar\/wp-content\/uploads\/sites\/5\/2022\/11\/DSC_1955-700x462.jpg\"><img loading=\"lazy\" width=\"700\" height=\"462\" src=\"https:\/\/www.mendoza.gov.ar\/wp-content\/uploads\/sites\/5\/2022\/11\/DSC_1955-700x462.jpg\" alt=\"\" data-id=\"336231\" data-link=\"https:\/\/www.mendoza.gov.ar\/prensa\/cerro-amarillo-el-gobierno-enviara-un-proyecto-de-ley-de-exploracion-de-cobre-en-malargue-dentro-de-la-normativa-ambiental-vigente\/dsc_1955\/\" class=\"wp-image-336231 img-responsive center-block\" srcset=\"https:\/\/www.mendoza.gov.ar\/wp-content\/uploads\/sites\/5\/2022\/11\/DSC_1955-700x462.jpg 700w, https:\/\/www.mendoza.gov.ar\/wp-content\/uploads\/sites\/5\/2022\/11\/DSC_1955-250x165.jpg 250w, https:\/\/www.mendoza.gov.ar\/wp-content\/uploads\/sites\/5\/2022\/11\/DSC_1955-768x507.jpg 768w, https:\/\/www.mendoza.gov.ar\/wp-content\/uploads\/sites\/5\/2022\/11\/DSC_1955-1536x1013.jpg 1536w, https:\/\/www.mendoza.gov.ar\/wp-content\/uploads\/sites\/5\/2022\/11\/DSC_1955-2048x1351.jpg 2048w, https:\/\/www.mendoza.gov.ar\/wp-content\/uploads\/sites\/5\/2022\/11\/DSC_1955-120x79.jpg 120w\" sizes=\"(max-width: 700px) 100vw, 700px\"><\/a><\/figure><\/li><li class=\"blocks-gallery-item\"><figure><a href=\"https:\/\/www.mendoza.gov.ar\/wp-content\/uploads\/sites\/5\/2022\/11\/WhatsApp-Image-2022-11-10-at-13.22.21.jpeg\"><img loading=\"lazy\" width=\"700\" height=\"315\" src=\"https:\/\/www.mendoza.gov.ar\/wp-content\/uploads\/sites\/5\/2022\/11\/WhatsApp-Image-2022-11-10-at-13.22.21-700x315.jpeg\" alt=\"\" data-id=\"336261\" data-full-url=\"https:\/\/www.mendoza.gov.ar\/wp-content\/uploads\/sites\/5\/2022\/11\/WhatsApp-Image-2022-11-10-at-13.22.21.jpeg\" data-link=\"https:\/\/www.mendoza.gov.ar\/prensa\/suarez-y-la-secretaria-de-energia-de-la-nacion-acordaron-avanzar-en-tarifas-energeticas-diferenciadas-para-los-productores-afectados-por-las-heladas\/whatsapp-image-2022-11-10-at-13-22-21\/\" class=\"wp-image-336261 img-responsive center-block\" srcset=\"https:\/\/www.mendoza.gov.ar\/wp-content\/uploads\/sites\/5\/2022\/11\/WhatsApp-Image-2022-11-10-at-13.22.21-700x315.jpeg 700w, https:\/\/www.mendoza.gov.ar\/wp-content\/uploads\/sites\/5\/2022\/11\/WhatsApp-Image-2022-11-10-at-13.22.21-250x112.jpeg 250w, https:\/\/www.mendoza.gov.ar\/wp-content\/uploads\/sites\/5\/2022\/11\/WhatsApp-Image-2022-11-10-at-13.22.21-768x345.jpeg 768w, https:\/\/www.mendoza.gov.ar\/wp-content\/uploads\/sites\/5\/2022\/11\/WhatsApp-Image-2022-11-10-at-13.22.21-1536x690.jpeg 1536w, https:\/\/www.mendoza.gov.ar\/wp-content\/uploads\/sites\/5\/2022\/11\/WhatsApp-Image-2022-11-10-at-13.22.21-120x54.jpeg 120w, https:\/\/www.mendoza.gov.ar\/wp-content\/uploads\/sites\/5\/2022\/11\/WhatsApp-Image-2022-11-10-at-13.22.21.jpeg 1600w\" sizes=\"(max-width: 700px) 100vw, 700px\"><\/a><\/figure><\/li><\/ul><\/figure>\n<\/body><\/html>\n","protected":false},"excerpt":{"rendered":"Funcionarios y t&eacute;cnicos de la Provincia y la Naci&oacute;n se reunir&aacute;n nuevamente esta tarde luego del pedido del Gobernador Suarez a Flavia Roy&oacute;n en Maip&uacute;. La funcionaria confirm&oacute; tambi&eacute;n que se acordar&aacute; la incorporaci&oacute;n de El Baqueano al Plan Hidroel&eacute;ctrico de la Naci&oacute;n. El Gobernador Rodolfo Suarez y la Secretaria de Energ&iacute;a de la Naci&oacute;n&#8230; <a class=\"view-article\" href=\"https:\/\/www.mendoza.gov.ar\/prensa\/suarez-y-la-secretaria-de-energia-de-la-nacion-acordaron-avanzar-en-tarifas-energeticas-diferenciadas-para-los-productores-afectados-por-las-heladas\/\"><\/a>","protected":false},"author":76,"featured_media":336231,"comment_status":"open","ping_status":"open","sticky":false,"template":"","format":"standard","meta":[],"categories":[19,2711],"tags":[],"_links":{"self":[{"href":"https:\/\/www.mendoza.gov.ar\/prensa\/wp-json\/wp\/v2\/posts\/336258"}],"collection":[{"href":"https:\/\/www.mendoza.gov.ar\/prensa\/wp-json\/wp\/v2\/posts"}],"about":[{"href":"https:\/\/www.mendoza.gov.ar\/prensa\/wp-json\/wp\/v2\/types\/post"}],"author":[{"embeddable":true,"href":"https:\/\/www.mendoza.gov.ar\/prensa\/wp-json\/wp\/v2\/users\/76"}],"replies":[{"embeddable":true,"href":"https:\/\/www.mendoza.gov.ar\/prensa\/wp-json\/wp\/v2\/comments?post=336258"}],"version-history":[{"count":4,"href":"https:\/\/www.mendoza.gov.ar\/prensa\/wp-json\/wp\/v2\/posts\/336258\/revisions"}],"predecessor-version":[{"id":336295,"href":"https:\/\/www.mendoza.gov.ar\/prensa\/wp-json\/wp\/v2\/posts\/336258\/revisions\/336295"}],"wp:featuredmedia":[{"embeddable":true,"href":"https:\/\/www.mendoza.gov.ar\/prensa\/wp-json\/wp\/v2\/media\/336231"}],"wp:attachment":[{"href":"https:\/\/www.mendoza.gov.ar\/prensa\/wp-json\/wp\/v2\/media?parent=336258"}],"wp:term":[{"taxonomy":"category","embeddable":true,"href":"https:\/\/www.mendoza.gov.ar\/prensa\/wp-json\/wp\/v2\/categories?post=336258"},{"taxonomy":"post_tag","embeddable":true,"href":"https:\/\/www.mendoza.gov.ar\/prensa\/wp-json\/wp\/v2\/tags?post=336258"}],"curies":[{"name":"wp","href":"https:\/\/api.w.org\/{rel}","templated":true}]}}