{"id":336400,"date":"2022-11-11T12:27:27","date_gmt":"2022-11-11T15:27:27","guid":{"rendered":"https:\/\/www.mendoza.gov.ar\/prensa\/?p=336400"},"modified":"2022-11-11T13:22:00","modified_gmt":"2022-11-11T16:22:00","slug":"ambiente-comienza-la-recoleccion-para-la-disposicion-final-de-mas-de-50-toneladas-de-pilas-y-baterias","status":"publish","type":"post","link":"https:\/\/www.mendoza.gov.ar\/prensa\/ambiente-comienza-la-recoleccion-para-la-disposicion-final-de-mas-de-50-toneladas-de-pilas-y-baterias\/","title":{"rendered":"Ambiente: comienza la recolecci\u00f3n para la disposici\u00f3n final de m\u00e1s de 50 toneladas de pilas y bater\u00edas"},"content":{"rendered":"<!DOCTYPE html PUBLIC \"-\/\/W3C\/\/DTD HTML 4.0 Transitional\/\/EN\" \"http:\/\/www.w3.org\/TR\/REC-html40\/loose.dtd\">\n<html><body><h5>La licitaci&oacute;n realizada en el marco del Programa Provincial de Pilas y Bater&iacute;as en Desuso implica una inversi&oacute;n de $20 millones. Mendoza es la primera provincia del pa&iacute;s que da disposici&oacute;n final al 100% de las pilas y bater&iacute;as fuera de uso.<\/h5>\n\n\n\n<p>La Secretar&iacute;a de Ambiente y Ordenamiento Territorial, a trav&eacute;s de la Direcci&oacute;n de Protecci&oacute;n Ambiental, abri&oacute; la licitaci&oacute;n para dar recolecci&oacute;n, transporte, tratamiento y disposici&oacute;n final a aproximadamente 50 toneladas de pilas y bater&iacute;as en desuso, que est&aacute;n distribuidas en todo el territorio provincial.<\/p>\n\n\n\n<p>La licitaci&oacute;n comprende la recolecci&oacute;n desde cada centro de acopio municipal encuadrado dentro del Plan Provincial de recolecci&oacute;n de pilas, el acondicionamiento de las pilas y bater&iacute;as en recipientes aptos para el transporte y la disposici&oacute;n final. Puede ser a trav&eacute;s del reciclado, es decir de la extracci&oacute;n de los minerales que contienen, o de su confinaci&oacute;n en<br>un relleno de seguridad. Este proceso para disponer de los 50.000 kg insumir&aacute; aproximadamente $20 millones, que son asumidos en su totalidad por la Secretar&iacute;a de Ambiente y Ordenamiento Territorial.<\/p>\n\n\n\n<p>La empresa adjudicataria Contrini realizar&aacute; el acondicionamiento, recolecci&oacute;n, transporte y disposici&oacute;n final en un relleno de seguridad operado por Pelco en la Provincia de Santa Fe.<\/p>\n\n\n\n<p>&ldquo;Continuamos avanzando con esta iniciativa que comenzamos en el 2019 y que le da disposici&oacute;n final, por primera vez en muchos a&ntilde;os, a la totalidad de las pilas acopiadas en los distintos dep&oacute;sitos departamentales. Recordemos que el 70% de las pilas a recolectar se encuentra en la zona metropolitana, pero el procedimiento contempla la recolecci&oacute;n total<br>en los 17 departamentos de la provincia&rdquo;, explic&oacute; el secretario de Ambiente y Ordenamiento Territorial, Humberto Mingorance. Y agreg&oacute;: &ldquo;Mendoza contin&uacute;a posicionada como la primera provincia argentina en lograr la disposici&oacute;n final del 100% de las pilas y bater&iacute;as fuera de uso&rdquo;.<\/p>\n\n\n\n<p>La Direcci&oacute;n de Protecci&oacute;n Ambiental destac&oacute; que los municipios no tendr&aacute;n ning&uacute;n costo por la recolecci&oacute;n, solamente se encargar&aacute;n de abrir las puertas de sus dep&oacute;sitos para que los potenciales oferentes puedan visibilizar las condiciones en la que est&aacute;n almacenadas las pilas y bater&iacute;as.<\/p>\n\n\n\n<p>Hay que recordar que, en 2019, se retiraron 35 toneladas de pilas y quedaron pendientes algunos municipios, los cuales ser&aacute;n priorizados en esta etapa.<\/p>\n\n\n\n<p>El Programa de Pilas y Bater&iacute;as, desde su relanzamiento en 2019, cuenta adem&aacute;s con un plan de comunicaci&oacute;n para que los municipios puedan llegar de manera unificada, efectiva y did&aacute;ctica a la poblaci&oacute;n para generar conciencia sobre la problem&aacute;tica de las pilas.<\/p>\n\n\n\n<figure class=\"wp-block-gallery columns-2\"><ul class=\"blocks-gallery-grid\"><li class=\"blocks-gallery-item\"><figure><a href=\"https:\/\/www.mendoza.gov.ar\/wp-content\/uploads\/sites\/5\/2022\/11\/1JEB_6126-700x467.jpg\"><img loading=\"lazy\" width=\"700\" height=\"467\" src=\"https:\/\/www.mendoza.gov.ar\/wp-content\/uploads\/sites\/5\/2022\/11\/1JEB_6126-700x467.jpg\" alt=\"\" data-id=\"336402\" data-link=\"https:\/\/www.mendoza.gov.ar\/prensa\/?attachment_id=336402\" class=\"wp-image-336402 img-responsive center-block\" srcset=\"https:\/\/www.mendoza.gov.ar\/wp-content\/uploads\/sites\/5\/2022\/11\/1JEB_6126-700x467.jpg 700w, https:\/\/www.mendoza.gov.ar\/wp-content\/uploads\/sites\/5\/2022\/11\/1JEB_6126-250x167.jpg 250w, https:\/\/www.mendoza.gov.ar\/wp-content\/uploads\/sites\/5\/2022\/11\/1JEB_6126-768x512.jpg 768w, https:\/\/www.mendoza.gov.ar\/wp-content\/uploads\/sites\/5\/2022\/11\/1JEB_6126-1536x1024.jpg 1536w, https:\/\/www.mendoza.gov.ar\/wp-content\/uploads\/sites\/5\/2022\/11\/1JEB_6126-2048x1365.jpg 2048w, https:\/\/www.mendoza.gov.ar\/wp-content\/uploads\/sites\/5\/2022\/11\/1JEB_6126-120x80.jpg 120w\" sizes=\"(max-width: 700px) 100vw, 700px\"><\/a><\/figure><\/li><li class=\"blocks-gallery-item\"><figure><a href=\"https:\/\/www.mendoza.gov.ar\/wp-content\/uploads\/sites\/5\/2022\/11\/1JEB_6150.jpg\"><img loading=\"lazy\" width=\"700\" height=\"467\" src=\"https:\/\/www.mendoza.gov.ar\/wp-content\/uploads\/sites\/5\/2022\/11\/1JEB_6150-700x467.jpg\" alt=\"\" data-id=\"336403\" data-full-url=\"https:\/\/www.mendoza.gov.ar\/wp-content\/uploads\/sites\/5\/2022\/11\/1JEB_6150.jpg\" data-link=\"https:\/\/www.mendoza.gov.ar\/prensa\/?attachment_id=336403\" class=\"wp-image-336403 img-responsive center-block\" srcset=\"https:\/\/www.mendoza.gov.ar\/wp-content\/uploads\/sites\/5\/2022\/11\/1JEB_6150-700x467.jpg 700w, https:\/\/www.mendoza.gov.ar\/wp-content\/uploads\/sites\/5\/2022\/11\/1JEB_6150-250x167.jpg 250w, https:\/\/www.mendoza.gov.ar\/wp-content\/uploads\/sites\/5\/2022\/11\/1JEB_6150-768x512.jpg 768w, https:\/\/www.mendoza.gov.ar\/wp-content\/uploads\/sites\/5\/2022\/11\/1JEB_6150-1536x1024.jpg 1536w, https:\/\/www.mendoza.gov.ar\/wp-content\/uploads\/sites\/5\/2022\/11\/1JEB_6150-2048x1365.jpg 2048w, https:\/\/www.mendoza.gov.ar\/wp-content\/uploads\/sites\/5\/2022\/11\/1JEB_6150-120x80.jpg 120w\" sizes=\"(max-width: 700px) 100vw, 700px\"><\/a><\/figure><\/li><\/ul><\/figure>\n<\/body><\/html>\n","protected":false},"excerpt":{"rendered":"La licitaci&oacute;n realizada en el marco del Programa Provincial de Pilas y Bater&iacute;as en Desuso implica una inversi&oacute;n de $20 millones. Mendoza es la primera provincia del pa&iacute;s que da disposici&oacute;n final al 100% de las pilas y bater&iacute;as fuera de uso. La Secretar&iacute;a de Ambiente y Ordenamiento Territorial, a trav&eacute;s de la Direcci&oacute;n de&#8230; <a class=\"view-article\" href=\"https:\/\/www.mendoza.gov.ar\/prensa\/ambiente-comienza-la-recoleccion-para-la-disposicion-final-de-mas-de-50-toneladas-de-pilas-y-baterias\/\"><\/a>","protected":false},"author":61,"featured_media":336402,"comment_status":"open","ping_status":"open","sticky":false,"template":"","format":"standard","meta":[],"categories":[3,2711],"tags":[],"_links":{"self":[{"href":"https:\/\/www.mendoza.gov.ar\/prensa\/wp-json\/wp\/v2\/posts\/336400"}],"collection":[{"href":"https:\/\/www.mendoza.gov.ar\/prensa\/wp-json\/wp\/v2\/posts"}],"about":[{"href":"https:\/\/www.mendoza.gov.ar\/prensa\/wp-json\/wp\/v2\/types\/post"}],"author":[{"embeddable":true,"href":"https:\/\/www.mendoza.gov.ar\/prensa\/wp-json\/wp\/v2\/users\/61"}],"replies":[{"embeddable":true,"href":"https:\/\/www.mendoza.gov.ar\/prensa\/wp-json\/wp\/v2\/comments?post=336400"}],"version-history":[{"count":5,"href":"https:\/\/www.mendoza.gov.ar\/prensa\/wp-json\/wp\/v2\/posts\/336400\/revisions"}],"predecessor-version":[{"id":336446,"href":"https:\/\/www.mendoza.gov.ar\/prensa\/wp-json\/wp\/v2\/posts\/336400\/revisions\/336446"}],"wp:featuredmedia":[{"embeddable":true,"href":"https:\/\/www.mendoza.gov.ar\/prensa\/wp-json\/wp\/v2\/media\/336402"}],"wp:attachment":[{"href":"https:\/\/www.mendoza.gov.ar\/prensa\/wp-json\/wp\/v2\/media?parent=336400"}],"wp:term":[{"taxonomy":"category","embeddable":true,"href":"https:\/\/www.mendoza.gov.ar\/prensa\/wp-json\/wp\/v2\/categories?post=336400"},{"taxonomy":"post_tag","embeddable":true,"href":"https:\/\/www.mendoza.gov.ar\/prensa\/wp-json\/wp\/v2\/tags?post=336400"}],"curies":[{"name":"wp","href":"https:\/\/api.w.org\/{rel}","templated":true}]}}