{"id":336681,"date":"2022-11-14T09:37:05","date_gmt":"2022-11-14T12:37:05","guid":{"rendered":"https:\/\/www.mendoza.gov.ar\/prensa\/?p=336681"},"modified":"2022-11-14T22:05:36","modified_gmt":"2022-11-15T01:05:36","slug":"con-gran-exito-finalizo-la-primera-edicion-del-festival-miga","status":"publish","type":"post","link":"https:\/\/www.mendoza.gov.ar\/prensa\/con-gran-exito-finalizo-la-primera-edicion-del-festival-miga\/","title":{"rendered":"Con gran \u00e9xito, finaliz\u00f3 la primera edici\u00f3n del festival MIGA"},"content":{"rendered":"<!DOCTYPE html PUBLIC \"-\/\/W3C\/\/DTD HTML 4.0 Transitional\/\/EN\" \"http:\/\/www.w3.org\/TR\/REC-html40\/loose.dtd\">\n<html><body><h5><strong>La provincia celebr&oacute; a la gastronom&iacute;a mendocina con m&aacute;s de 60 <em>stands <\/em>de productos de origen e identidad local y 20 puestos de gastronom&iacute;a regional. Los visitantes disfrutaron de exquisitas propuestas realizadas con productos mendocinos.<\/strong><\/h5>\n\n\n\n<p>El festival MIGA (Mendoza Identidad Gastron&oacute;mica), organizado por el Ministerio de Cultura y Turismo, finaliz&oacute; su primera edici&oacute;n con gran cantidad de asistentes. El objetivo fue poner en valor y difundir la variedad y originalidad de la propuesta gastron&oacute;mica local.<\/p>\n\n\n\n<p>A lo largo de dos jornadas, en los jardines del Auditorio &Aacute;ngel Bustelo, mendocinos y turistas se acercaron a conocer y probar platos preparados con productos y recetas locales. M&aacute;s de medio centenar de puestos fijos y tiendas recibieron a quienes recorr&iacute;an estos jardines. Participaron 60 productores regionales y hubo 20 puestos de comidas. Adem&aacute;s, 20 peque&ntilde;as bodegas tambi&eacute;n dijeron presentes en el festival.<\/p>\n\n\n\n<p>Los <em>stands<\/em>, espacios de comida, mezclados con la variedad de &aacute;rboles de los jardines del &Aacute;ngel Bustelo, las luces,&nbsp;la ambientaci&oacute;n y la calidez en la atenci&oacute;n recrearon un espacio c&aacute;lido y amigable para el disfrute de la gastronom&iacute;a identitaria mendocina.&nbsp;<\/p>\n\n\n\n<p>Al respecto, la ministra de Cultura y Turismo, Nora Vicario, coment&oacute;: &ldquo;Quiero agradecer especialmente a todos los que participaron del festival, municipios, productores, gastron&oacute;micos, bodegas y al sector privado. Mendoza es un destino multiproducto, que se destaca por sus vinos y el excelente maridaje que se logra con nuestros platos que se preparan con productos identitarios de las diversas zonas productivas de la provincia&rdquo;.<\/p>\n\n\n\n<p>Entre los productos que los visitantes pudieron disfrutar se destacaron frutas y miel, pasando por carnes, chacinados, especias y jugos, hasta llegar a la complejidad de cervezas, vinos y destilados, junto a la entra&ntilde;able evocaci&oacute;n familiar de dulces, confitados, pasteler&iacute;a y masa madre.<\/p>\n\n\n\n<p><strong>Recetas locales<\/strong><\/p>\n\n\n\n<p>El lema de festival MIGA pasa por la revalorizaci&oacute;n de un circuito potente y eficiente, en el que los sentidos y los sabores circulan &ldquo;de la Tierra al plato, del plato a la boca, de la boca al mundo&rdquo;. Tambi&eacute;n se presentaron platos de recetas regionales, elaborados a partir de productos locales.<\/p>\n\n\n\n<p>Algunos de los platos que pudo disfrutar el p&uacute;blico que particip&oacute; en MIGA fueron empanadas mendocinas, tomatic&aacute;n, sorrentinos de ricota y espinaca de la huerta, carne a la olla con bonarda, arroz con leche, peras al vino, jam&oacute;n crudo y aceite de oliva, humita, <em>mousse <\/em>de membrillo y alfajor de harina de algarrobo, entre muchas propuestas destacadas.<\/p>\n\n\n\n<p>Otro aspecto saliente que tuvo este festival gastron&oacute;mico fue el uso de material reciclado para el desarrollo de los <em>stands, <\/em>como <em>pallets<\/em>, cajones de frutas y verduras, maderas para armar barras y banquetas. Tambi&eacute;n hubo espacios donde se pod&iacute;a reciclar dependiendo el material.<\/p>\n\n\n\n<figure class=\"wp-block-gallery columns-3\"><ul class=\"blocks-gallery-grid\"><li class=\"blocks-gallery-item\"><figure><a href=\"https:\/\/www.mendoza.gov.ar\/wp-content\/uploads\/sites\/5\/2022\/11\/WhatsApp-Image-2022-11-14-at-09.33.01-4-700x467.jpeg\"><img loading=\"lazy\" width=\"700\" height=\"467\" src=\"https:\/\/www.mendoza.gov.ar\/wp-content\/uploads\/sites\/5\/2022\/11\/WhatsApp-Image-2022-11-14-at-09.33.01-4-700x467.jpeg\" alt=\"\" data-id=\"336685\" data-link=\"https:\/\/www.mendoza.gov.ar\/prensa\/?attachment_id=336685\" class=\"wp-image-336685 img-responsive center-block\" srcset=\"https:\/\/www.mendoza.gov.ar\/wp-content\/uploads\/sites\/5\/2022\/11\/WhatsApp-Image-2022-11-14-at-09.33.01-4-700x467.jpeg 700w, https:\/\/www.mendoza.gov.ar\/wp-content\/uploads\/sites\/5\/2022\/11\/WhatsApp-Image-2022-11-14-at-09.33.01-4-250x167.jpeg 250w, https:\/\/www.mendoza.gov.ar\/wp-content\/uploads\/sites\/5\/2022\/11\/WhatsApp-Image-2022-11-14-at-09.33.01-4-768x512.jpeg 768w, https:\/\/www.mendoza.gov.ar\/wp-content\/uploads\/sites\/5\/2022\/11\/WhatsApp-Image-2022-11-14-at-09.33.01-4-120x80.jpeg 120w, https:\/\/www.mendoza.gov.ar\/wp-content\/uploads\/sites\/5\/2022\/11\/WhatsApp-Image-2022-11-14-at-09.33.01-4.jpeg 1280w\" sizes=\"(max-width: 700px) 100vw, 700px\"><\/a><\/figure><\/li><li class=\"blocks-gallery-item\"><figure><a href=\"https:\/\/www.mendoza.gov.ar\/wp-content\/uploads\/sites\/5\/2022\/11\/WhatsApp-Image-2022-11-14-at-09.33.01-3-700x467.jpeg\"><img loading=\"lazy\" width=\"700\" height=\"467\" src=\"https:\/\/www.mendoza.gov.ar\/wp-content\/uploads\/sites\/5\/2022\/11\/WhatsApp-Image-2022-11-14-at-09.33.01-3-700x467.jpeg\" alt=\"\" data-id=\"336686\" data-link=\"https:\/\/www.mendoza.gov.ar\/prensa\/?attachment_id=336686\" class=\"wp-image-336686 img-responsive center-block\" srcset=\"https:\/\/www.mendoza.gov.ar\/wp-content\/uploads\/sites\/5\/2022\/11\/WhatsApp-Image-2022-11-14-at-09.33.01-3-700x467.jpeg 700w, https:\/\/www.mendoza.gov.ar\/wp-content\/uploads\/sites\/5\/2022\/11\/WhatsApp-Image-2022-11-14-at-09.33.01-3-250x167.jpeg 250w, https:\/\/www.mendoza.gov.ar\/wp-content\/uploads\/sites\/5\/2022\/11\/WhatsApp-Image-2022-11-14-at-09.33.01-3-768x512.jpeg 768w, https:\/\/www.mendoza.gov.ar\/wp-content\/uploads\/sites\/5\/2022\/11\/WhatsApp-Image-2022-11-14-at-09.33.01-3-120x80.jpeg 120w, https:\/\/www.mendoza.gov.ar\/wp-content\/uploads\/sites\/5\/2022\/11\/WhatsApp-Image-2022-11-14-at-09.33.01-3.jpeg 1280w\" sizes=\"(max-width: 700px) 100vw, 700px\"><\/a><\/figure><\/li><li class=\"blocks-gallery-item\"><figure><a href=\"https:\/\/www.mendoza.gov.ar\/wp-content\/uploads\/sites\/5\/2022\/11\/WhatsApp-Image-2022-11-14-at-09.33.01-2-700x467.jpeg\"><img loading=\"lazy\" width=\"700\" height=\"467\" src=\"https:\/\/www.mendoza.gov.ar\/wp-content\/uploads\/sites\/5\/2022\/11\/WhatsApp-Image-2022-11-14-at-09.33.01-2-700x467.jpeg\" alt=\"\" data-id=\"336687\" data-link=\"https:\/\/www.mendoza.gov.ar\/prensa\/?attachment_id=336687\" class=\"wp-image-336687 img-responsive center-block\" srcset=\"https:\/\/www.mendoza.gov.ar\/wp-content\/uploads\/sites\/5\/2022\/11\/WhatsApp-Image-2022-11-14-at-09.33.01-2-700x467.jpeg 700w, https:\/\/www.mendoza.gov.ar\/wp-content\/uploads\/sites\/5\/2022\/11\/WhatsApp-Image-2022-11-14-at-09.33.01-2-250x167.jpeg 250w, https:\/\/www.mendoza.gov.ar\/wp-content\/uploads\/sites\/5\/2022\/11\/WhatsApp-Image-2022-11-14-at-09.33.01-2-768x512.jpeg 768w, https:\/\/www.mendoza.gov.ar\/wp-content\/uploads\/sites\/5\/2022\/11\/WhatsApp-Image-2022-11-14-at-09.33.01-2-120x80.jpeg 120w, https:\/\/www.mendoza.gov.ar\/wp-content\/uploads\/sites\/5\/2022\/11\/WhatsApp-Image-2022-11-14-at-09.33.01-2.jpeg 1280w\" sizes=\"(max-width: 700px) 100vw, 700px\"><\/a><\/figure><\/li><li class=\"blocks-gallery-item\"><figure><a href=\"https:\/\/www.mendoza.gov.ar\/wp-content\/uploads\/sites\/5\/2022\/11\/WhatsApp-Image-2022-11-14-at-09.33.01-1-700x467.jpeg\"><img loading=\"lazy\" width=\"700\" height=\"467\" src=\"https:\/\/www.mendoza.gov.ar\/wp-content\/uploads\/sites\/5\/2022\/11\/WhatsApp-Image-2022-11-14-at-09.33.01-1-700x467.jpeg\" alt=\"\" data-id=\"336688\" data-link=\"https:\/\/www.mendoza.gov.ar\/prensa\/?attachment_id=336688\" class=\"wp-image-336688 img-responsive center-block\" srcset=\"https:\/\/www.mendoza.gov.ar\/wp-content\/uploads\/sites\/5\/2022\/11\/WhatsApp-Image-2022-11-14-at-09.33.01-1-700x467.jpeg 700w, https:\/\/www.mendoza.gov.ar\/wp-content\/uploads\/sites\/5\/2022\/11\/WhatsApp-Image-2022-11-14-at-09.33.01-1-250x167.jpeg 250w, https:\/\/www.mendoza.gov.ar\/wp-content\/uploads\/sites\/5\/2022\/11\/WhatsApp-Image-2022-11-14-at-09.33.01-1-768x512.jpeg 768w, https:\/\/www.mendoza.gov.ar\/wp-content\/uploads\/sites\/5\/2022\/11\/WhatsApp-Image-2022-11-14-at-09.33.01-1-120x80.jpeg 120w, https:\/\/www.mendoza.gov.ar\/wp-content\/uploads\/sites\/5\/2022\/11\/WhatsApp-Image-2022-11-14-at-09.33.01-1.jpeg 1280w\" sizes=\"(max-width: 700px) 100vw, 700px\"><\/a><\/figure><\/li><li class=\"blocks-gallery-item\"><figure><a href=\"https:\/\/www.mendoza.gov.ar\/wp-content\/uploads\/sites\/5\/2022\/11\/WhatsApp-Image-2022-11-14-at-09.33.01-700x466.jpeg\"><img loading=\"lazy\" width=\"700\" height=\"466\" src=\"https:\/\/www.mendoza.gov.ar\/wp-content\/uploads\/sites\/5\/2022\/11\/WhatsApp-Image-2022-11-14-at-09.33.01-700x466.jpeg\" alt=\"\" data-id=\"336689\" data-link=\"https:\/\/www.mendoza.gov.ar\/prensa\/?attachment_id=336689\" class=\"wp-image-336689 img-responsive center-block\" srcset=\"https:\/\/www.mendoza.gov.ar\/wp-content\/uploads\/sites\/5\/2022\/11\/WhatsApp-Image-2022-11-14-at-09.33.01-700x466.jpeg 700w, https:\/\/www.mendoza.gov.ar\/wp-content\/uploads\/sites\/5\/2022\/11\/WhatsApp-Image-2022-11-14-at-09.33.01-250x167.jpeg 250w, https:\/\/www.mendoza.gov.ar\/wp-content\/uploads\/sites\/5\/2022\/11\/WhatsApp-Image-2022-11-14-at-09.33.01-768x512.jpeg 768w, https:\/\/www.mendoza.gov.ar\/wp-content\/uploads\/sites\/5\/2022\/11\/WhatsApp-Image-2022-11-14-at-09.33.01-120x80.jpeg 120w, https:\/\/www.mendoza.gov.ar\/wp-content\/uploads\/sites\/5\/2022\/11\/WhatsApp-Image-2022-11-14-at-09.33.01.jpeg 1280w\" sizes=\"(max-width: 700px) 100vw, 700px\"><\/a><\/figure><\/li><li class=\"blocks-gallery-item\"><figure><a href=\"https:\/\/www.mendoza.gov.ar\/wp-content\/uploads\/sites\/5\/2022\/11\/WhatsApp-Image-2022-11-14-at-09.33.01-4-1-700x467.jpeg\"><img loading=\"lazy\" width=\"700\" height=\"467\" src=\"https:\/\/www.mendoza.gov.ar\/wp-content\/uploads\/sites\/5\/2022\/11\/WhatsApp-Image-2022-11-14-at-09.33.01-4-1-700x467.jpeg\" alt=\"\" data-id=\"336690\" data-link=\"https:\/\/www.mendoza.gov.ar\/prensa\/?attachment_id=336690\" class=\"wp-image-336690 img-responsive center-block\" srcset=\"https:\/\/www.mendoza.gov.ar\/wp-content\/uploads\/sites\/5\/2022\/11\/WhatsApp-Image-2022-11-14-at-09.33.01-4-1-700x467.jpeg 700w, https:\/\/www.mendoza.gov.ar\/wp-content\/uploads\/sites\/5\/2022\/11\/WhatsApp-Image-2022-11-14-at-09.33.01-4-1-250x167.jpeg 250w, https:\/\/www.mendoza.gov.ar\/wp-content\/uploads\/sites\/5\/2022\/11\/WhatsApp-Image-2022-11-14-at-09.33.01-4-1-768x512.jpeg 768w, https:\/\/www.mendoza.gov.ar\/wp-content\/uploads\/sites\/5\/2022\/11\/WhatsApp-Image-2022-11-14-at-09.33.01-4-1-120x80.jpeg 120w, https:\/\/www.mendoza.gov.ar\/wp-content\/uploads\/sites\/5\/2022\/11\/WhatsApp-Image-2022-11-14-at-09.33.01-4-1.jpeg 1280w\" sizes=\"(max-width: 700px) 100vw, 700px\"><\/a><\/figure><\/li><li class=\"blocks-gallery-item\"><figure><a href=\"https:\/\/www.mendoza.gov.ar\/wp-content\/uploads\/sites\/5\/2022\/11\/WhatsApp-Image-2022-11-14-at-09.33.02-700x467.jpeg\"><img loading=\"lazy\" width=\"700\" height=\"467\" src=\"https:\/\/www.mendoza.gov.ar\/wp-content\/uploads\/sites\/5\/2022\/11\/WhatsApp-Image-2022-11-14-at-09.33.02-700x467.jpeg\" alt=\"\" data-id=\"336692\" data-link=\"https:\/\/www.mendoza.gov.ar\/prensa\/?attachment_id=336692\" class=\"wp-image-336692 img-responsive center-block\" srcset=\"https:\/\/www.mendoza.gov.ar\/wp-content\/uploads\/sites\/5\/2022\/11\/WhatsApp-Image-2022-11-14-at-09.33.02-700x467.jpeg 700w, https:\/\/www.mendoza.gov.ar\/wp-content\/uploads\/sites\/5\/2022\/11\/WhatsApp-Image-2022-11-14-at-09.33.02-250x167.jpeg 250w, https:\/\/www.mendoza.gov.ar\/wp-content\/uploads\/sites\/5\/2022\/11\/WhatsApp-Image-2022-11-14-at-09.33.02-768x512.jpeg 768w, https:\/\/www.mendoza.gov.ar\/wp-content\/uploads\/sites\/5\/2022\/11\/WhatsApp-Image-2022-11-14-at-09.33.02-120x80.jpeg 120w, https:\/\/www.mendoza.gov.ar\/wp-content\/uploads\/sites\/5\/2022\/11\/WhatsApp-Image-2022-11-14-at-09.33.02.jpeg 1280w\" sizes=\"(max-width: 700px) 100vw, 700px\"><\/a><\/figure><\/li><li class=\"blocks-gallery-item\"><figure><a href=\"https:\/\/www.mendoza.gov.ar\/wp-content\/uploads\/sites\/5\/2022\/11\/WhatsApp-Image-2022-11-14-at-16.29.06.jpeg\"><img loading=\"lazy\" width=\"700\" height=\"451\" src=\"https:\/\/www.mendoza.gov.ar\/wp-content\/uploads\/sites\/5\/2022\/11\/WhatsApp-Image-2022-11-14-at-16.29.06-700x451.jpeg\" alt=\"\" data-id=\"336898\" data-full-url=\"https:\/\/www.mendoza.gov.ar\/wp-content\/uploads\/sites\/5\/2022\/11\/WhatsApp-Image-2022-11-14-at-16.29.06.jpeg\" data-link=\"https:\/\/www.mendoza.gov.ar\/prensa\/con-gran-exito-finalizo-la-primera-edicion-del-festival-miga\/whatsapp-image-2022-11-14-at-16-29-06\/\" class=\"wp-image-336898 img-responsive center-block\" srcset=\"https:\/\/www.mendoza.gov.ar\/wp-content\/uploads\/sites\/5\/2022\/11\/WhatsApp-Image-2022-11-14-at-16.29.06-700x451.jpeg 700w, https:\/\/www.mendoza.gov.ar\/wp-content\/uploads\/sites\/5\/2022\/11\/WhatsApp-Image-2022-11-14-at-16.29.06-250x161.jpeg 250w, https:\/\/www.mendoza.gov.ar\/wp-content\/uploads\/sites\/5\/2022\/11\/WhatsApp-Image-2022-11-14-at-16.29.06-768x495.jpeg 768w, https:\/\/www.mendoza.gov.ar\/wp-content\/uploads\/sites\/5\/2022\/11\/WhatsApp-Image-2022-11-14-at-16.29.06-120x77.jpeg 120w, https:\/\/www.mendoza.gov.ar\/wp-content\/uploads\/sites\/5\/2022\/11\/WhatsApp-Image-2022-11-14-at-16.29.06.jpeg 1130w\" sizes=\"(max-width: 700px) 100vw, 700px\"><\/a><\/figure><\/li><\/ul><\/figure>\n<\/body><\/html>\n","protected":false},"excerpt":{"rendered":"La provincia celebr&oacute; a la gastronom&iacute;a mendocina con m&aacute;s de 60 stands de productos de origen e identidad local y 20 puestos de gastronom&iacute;a regional. Los visitantes disfrutaron de exquisitas propuestas realizadas con productos mendocinos. El festival MIGA (Mendoza Identidad Gastron&oacute;mica), organizado por el Ministerio de Cultura y Turismo, finaliz&oacute; su primera edici&oacute;n con gran&#8230; <a class=\"view-article\" href=\"https:\/\/www.mendoza.gov.ar\/prensa\/con-gran-exito-finalizo-la-primera-edicion-del-festival-miga\/\"><\/a>","protected":false},"author":61,"featured_media":336708,"comment_status":"open","ping_status":"open","sticky":false,"template":"","format":"standard","meta":[],"categories":[8,37,2711],"tags":[],"_links":{"self":[{"href":"https:\/\/www.mendoza.gov.ar\/prensa\/wp-json\/wp\/v2\/posts\/336681"}],"collection":[{"href":"https:\/\/www.mendoza.gov.ar\/prensa\/wp-json\/wp\/v2\/posts"}],"about":[{"href":"https:\/\/www.mendoza.gov.ar\/prensa\/wp-json\/wp\/v2\/types\/post"}],"author":[{"embeddable":true,"href":"https:\/\/www.mendoza.gov.ar\/prensa\/wp-json\/wp\/v2\/users\/61"}],"replies":[{"embeddable":true,"href":"https:\/\/www.mendoza.gov.ar\/prensa\/wp-json\/wp\/v2\/comments?post=336681"}],"version-history":[{"count":10,"href":"https:\/\/www.mendoza.gov.ar\/prensa\/wp-json\/wp\/v2\/posts\/336681\/revisions"}],"predecessor-version":[{"id":336899,"href":"https:\/\/www.mendoza.gov.ar\/prensa\/wp-json\/wp\/v2\/posts\/336681\/revisions\/336899"}],"wp:featuredmedia":[{"embeddable":true,"href":"https:\/\/www.mendoza.gov.ar\/prensa\/wp-json\/wp\/v2\/media\/336708"}],"wp:attachment":[{"href":"https:\/\/www.mendoza.gov.ar\/prensa\/wp-json\/wp\/v2\/media?parent=336681"}],"wp:term":[{"taxonomy":"category","embeddable":true,"href":"https:\/\/www.mendoza.gov.ar\/prensa\/wp-json\/wp\/v2\/categories?post=336681"},{"taxonomy":"post_tag","embeddable":true,"href":"https:\/\/www.mendoza.gov.ar\/prensa\/wp-json\/wp\/v2\/tags?post=336681"}],"curies":[{"name":"wp","href":"https:\/\/api.w.org\/{rel}","templated":true}]}}