{"id":337401,"date":"2022-11-17T11:07:57","date_gmt":"2022-11-17T14:07:57","guid":{"rendered":"https:\/\/www.mendoza.gov.ar\/prensa\/?p=337401"},"modified":"2022-11-17T12:37:26","modified_gmt":"2022-11-17T15:37:26","slug":"unicipio-mendoza-participo-del-v-congreso-nacional-de-arbolado-publico-en-bahia-blanca","status":"publish","type":"post","link":"https:\/\/www.mendoza.gov.ar\/prensa\/unicipio-mendoza-participo-del-v-congreso-nacional-de-arbolado-publico-en-bahia-blanca\/","title":{"rendered":"Unicipio: Mendoza particip\u00f3 en el V Congreso Nacional de Arbolado P\u00fablico, en Bah\u00eda Blanca"},"content":{"rendered":"<!DOCTYPE html PUBLIC \"-\/\/W3C\/\/DTD HTML 4.0 Transitional\/\/EN\" \"http:\/\/www.w3.org\/TR\/REC-html40\/loose.dtd\">\n<html><body><h5>Se present&oacute; el Proyecto de Recuperaci&oacute;n y Refuncionalizaci&oacute;n del Arbolado Urbano para el &Aacute;rea Metropolitana de Mendoza y el proceso de metropolizaci&oacute;n que est&aacute; atravesando la ciudad.<\/h5>\n\n\n\n<p>El congreso, que tuvo lugar en Bah&iacute;a Blanca del 10 al 12 de noviembre -tambi&eacute;n I Congreso Nacional de Arboricultura y Bosques Urbanos-, se efectu&oacute; con la consigna de <em>El arbolado urbano sostenible como eje de la infraestructura verde en las ciudades<\/em>. Estuvieron presentes autoridades municipales y provinciales especializadas en bosques urbanos.<\/p>\n\n\n\n<p>En el marco de charlas espec&iacute;ficas referidas a las pol&iacute;ticas p&uacute;blicas en funcionamiento en distintas regiones del pa&iacute;s y a las ventajas que reciben las ciudades con bosque urbano preservado y bien cuidado, la coordinadora de Unicipio, Graciela Marty, present&oacute; las distintas fases del mencionado proyecto, que ya est&aacute; terminando su ejecuci&oacute;n. Incluye la institucionalizaci&oacute;n de una mesa de gesti&oacute;n para especialistas en arbolado p&uacute;blico, la adquisici&oacute;n de maquinaria agr&iacute;cola para el vivero provincial -para promover la plantaci&oacute;n de nuevos forestales-, la compra de siete destoconadoras y un tractor y la creaci&oacute;n de un sistema de informaci&oacute;n y gesti&oacute;n del arbolado urbano, que incluye un censo y relevamiento cuali-cuantitativo de la masa arb&oacute;rea del &Aacute;rea Metropolitana.<\/p>\n\n\n\n<p>Al congreso asistieron adem&aacute;s los representantes de Arbolado P&uacute;blico de los municipios de Ciudad de Mendoza, Godoy Cruz, Guaymall&eacute;n y Luj&aacute;n de Cuyo. El sector acad&eacute;mico de la provincia estuvo representado por Claudia Mart&iacute;nez del Inahe\/Conicet, quien disert&oacute; acerca de los &ldquo;Bosques urbanos y servicios ecosist&eacute;micos: marcos conceptuales y casos de estudio en la ciudad de Mendoza&rdquo;.&nbsp;<\/p>\n\n\n\n<p>Al ser consultada por el pr&oacute;ximo lanzamiento del Sistema de Gesti&oacute;n Digital del Arbolado P&uacute;blico Metropolitano de Mendoza, la coordinadora de Unicipio expres&oacute;: &ldquo;Se trata de un proyecto &uacute;nico en su especie. Se han relevado alrededor de 650.000 forestales solo en la mancha urbana metropolitana. Es una herramienta muy poderosa que no solo sirve para gestionar y planificar el arbolado urbano, sino que tambi&eacute;n es &uacute;til para planificar todo tipo de estrategias relativas a la ciudad. Es la primera vez que se lleva a cabo un proyecto de esta envergadura, con la legitimidad de siete municipios con transversalidad partidaria. Pronto los ciudadanos tendr&aacute;n acceso a esta herramienta, que tambi&eacute;n servir&aacute; como un innovador canal educativo&rdquo;.<\/p>\n\n\n\n<p>El Sistema de Gesti&oacute;n Digital Mi &Aacute;rbol Mendoza es una herramienta actualizable, que permitir&aacute; a los municipios registrar todos los cambios que efect&uacute;en en el territorio, como poda, erradicaci&oacute;n, destoconado, replante, etc. El mencionado producto se encuentra en la actualidad en fase de ajustes y mejoras.<\/p>\n\n\n\n<p>Tambi&eacute;n se present&oacute; en el congreso un p&oacute;ster con la informaci&oacute;n relativa a la gobernanza metropolitana que se ejerce desde Unicipio como ente interinstitucional. Se presentaron en esta instancia otros proyectos: la Red de Ciclov&iacute;as de Unicipio, ejecutada en un 50%, y se mencion&oacute; tambi&eacute;n la Creaci&oacute;n el Parque Costero, que, despu&eacute;s de escuchar la iniciativa vecinal, est&aacute; financiando y ejecutando el Municipio de Guaymall&eacute;n. A grandes rasgos, y ya haciendo una comparaci&oacute;n con el resto de las ciudades del pa&iacute;s, el &Aacute;rea Metropolitana de Mendoza se destaca por su hist&oacute;rica normativa de protecci&oacute;n del arbolado, por las estrategias de preservaci&oacute;n y cuidado de los forestales, y pronto podr&aacute; aumentar notablemente el replante de nuevos &aacute;rboles, con las destoconadoras reci&eacute;n adquiridas.<\/p>\n\n\n\n<figure class=\"wp-block-gallery columns-2\"><ul class=\"blocks-gallery-grid\"><li class=\"blocks-gallery-item\"><figure><a href=\"https:\/\/www.mendoza.gov.ar\/wp-content\/uploads\/sites\/5\/2022\/11\/IMG_20191105_110837678_HDR-700x525.jpg\"><img loading=\"lazy\" width=\"700\" height=\"525\" src=\"https:\/\/www.mendoza.gov.ar\/wp-content\/uploads\/sites\/5\/2022\/11\/IMG_20191105_110837678_HDR-700x525.jpg\" alt=\"\" data-id=\"337402\" data-link=\"https:\/\/www.mendoza.gov.ar\/prensa\/?attachment_id=337402\" class=\"wp-image-337402 img-responsive center-block\" srcset=\"https:\/\/www.mendoza.gov.ar\/wp-content\/uploads\/sites\/5\/2022\/11\/IMG_20191105_110837678_HDR-700x525.jpg 700w, https:\/\/www.mendoza.gov.ar\/wp-content\/uploads\/sites\/5\/2022\/11\/IMG_20191105_110837678_HDR-250x188.jpg 250w, https:\/\/www.mendoza.gov.ar\/wp-content\/uploads\/sites\/5\/2022\/11\/IMG_20191105_110837678_HDR-768x576.jpg 768w, https:\/\/www.mendoza.gov.ar\/wp-content\/uploads\/sites\/5\/2022\/11\/IMG_20191105_110837678_HDR-1536x1152.jpg 1536w, https:\/\/www.mendoza.gov.ar\/wp-content\/uploads\/sites\/5\/2022\/11\/IMG_20191105_110837678_HDR-2048x1536.jpg 2048w, https:\/\/www.mendoza.gov.ar\/wp-content\/uploads\/sites\/5\/2022\/11\/IMG_20191105_110837678_HDR-120x90.jpg 120w\" sizes=\"(max-width: 700px) 100vw, 700px\"><\/a><\/figure><\/li><li class=\"blocks-gallery-item\"><figure><a href=\"https:\/\/www.mendoza.gov.ar\/wp-content\/uploads\/sites\/5\/2022\/11\/FotoBa.Blanca3-1.jpeg\"><img loading=\"lazy\" width=\"576\" height=\"514\" src=\"https:\/\/www.mendoza.gov.ar\/wp-content\/uploads\/sites\/5\/2022\/11\/FotoBa.Blanca3-1.jpeg\" alt=\"\" data-id=\"337404\" data-full-url=\"https:\/\/www.mendoza.gov.ar\/wp-content\/uploads\/sites\/5\/2022\/11\/FotoBa.Blanca3-1.jpeg\" data-link=\"https:\/\/www.mendoza.gov.ar\/prensa\/?attachment_id=337404\" class=\"wp-image-337404 img-responsive center-block\" srcset=\"https:\/\/www.mendoza.gov.ar\/wp-content\/uploads\/sites\/5\/2022\/11\/FotoBa.Blanca3-1.jpeg 576w, https:\/\/www.mendoza.gov.ar\/wp-content\/uploads\/sites\/5\/2022\/11\/FotoBa.Blanca3-1-250x223.jpeg 250w, https:\/\/www.mendoza.gov.ar\/wp-content\/uploads\/sites\/5\/2022\/11\/FotoBa.Blanca3-1-120x107.jpeg 120w\" sizes=\"(max-width: 576px) 100vw, 576px\"><\/a><\/figure><\/li><\/ul><\/figure>\n<\/body><\/html>\n","protected":false},"excerpt":{"rendered":"Se present&oacute; el Proyecto de Recuperaci&oacute;n y Refuncionalizaci&oacute;n del Arbolado Urbano para el &Aacute;rea Metropolitana de Mendoza y el proceso de metropolizaci&oacute;n que est&aacute; atravesando la ciudad. El congreso, que tuvo lugar en Bah&iacute;a Blanca del 10 al 12 de noviembre -tambi&eacute;n I Congreso Nacional de Arboricultura y Bosques Urbanos-, se efectu&oacute; con la consigna&#8230; <a class=\"view-article\" href=\"https:\/\/www.mendoza.gov.ar\/prensa\/unicipio-mendoza-participo-del-v-congreso-nacional-de-arbolado-publico-en-bahia-blanca\/\"><\/a>","protected":false},"author":66,"featured_media":337402,"comment_status":"open","ping_status":"open","sticky":false,"template":"","format":"standard","meta":[],"categories":[1],"tags":[],"_links":{"self":[{"href":"https:\/\/www.mendoza.gov.ar\/prensa\/wp-json\/wp\/v2\/posts\/337401"}],"collection":[{"href":"https:\/\/www.mendoza.gov.ar\/prensa\/wp-json\/wp\/v2\/posts"}],"about":[{"href":"https:\/\/www.mendoza.gov.ar\/prensa\/wp-json\/wp\/v2\/types\/post"}],"author":[{"embeddable":true,"href":"https:\/\/www.mendoza.gov.ar\/prensa\/wp-json\/wp\/v2\/users\/66"}],"replies":[{"embeddable":true,"href":"https:\/\/www.mendoza.gov.ar\/prensa\/wp-json\/wp\/v2\/comments?post=337401"}],"version-history":[{"count":4,"href":"https:\/\/www.mendoza.gov.ar\/prensa\/wp-json\/wp\/v2\/posts\/337401\/revisions"}],"predecessor-version":[{"id":337444,"href":"https:\/\/www.mendoza.gov.ar\/prensa\/wp-json\/wp\/v2\/posts\/337401\/revisions\/337444"}],"wp:featuredmedia":[{"embeddable":true,"href":"https:\/\/www.mendoza.gov.ar\/prensa\/wp-json\/wp\/v2\/media\/337402"}],"wp:attachment":[{"href":"https:\/\/www.mendoza.gov.ar\/prensa\/wp-json\/wp\/v2\/media?parent=337401"}],"wp:term":[{"taxonomy":"category","embeddable":true,"href":"https:\/\/www.mendoza.gov.ar\/prensa\/wp-json\/wp\/v2\/categories?post=337401"},{"taxonomy":"post_tag","embeddable":true,"href":"https:\/\/www.mendoza.gov.ar\/prensa\/wp-json\/wp\/v2\/tags?post=337401"}],"curies":[{"name":"wp","href":"https:\/\/api.w.org\/{rel}","templated":true}]}}