{"id":339808,"date":"2022-12-02T16:14:50","date_gmt":"2022-12-02T19:14:50","guid":{"rendered":"https:\/\/www.mendoza.gov.ar\/prensa\/?p=339808"},"modified":"2022-12-03T08:23:23","modified_gmt":"2022-12-03T11:23:23","slug":"se-realizo-la-ultima-reunion-de-ano-del-consejo-tributario-mendoza-balance-y-perspectivas","status":"publish","type":"post","link":"https:\/\/www.mendoza.gov.ar\/prensa\/se-realizo-la-ultima-reunion-de-ano-del-consejo-tributario-mendoza-balance-y-perspectivas\/","title":{"rendered":"Se realiz\u00f3 la \u00faltima reuni\u00f3n de a\u00f1o del Consejo Tributario Mendoza: balance y perspectivas"},"content":{"rendered":"<!DOCTYPE html PUBLIC \"-\/\/W3C\/\/DTD HTML 4.0 Transitional\/\/EN\" \"http:\/\/www.w3.org\/TR\/REC-html40\/loose.dtd\">\n<html><body><h5>La &uacute;ltima reuni&oacute;n del 2022 se desarroll&oacute; en la Legislatura. El Gobierno provincial y los municipios realizaron el cierre de las actividades del a&ntilde;o y acordaron l&iacute;neas a seguir trabajando en conjunto.<\/h5>\n\n\n\n<p>Este viernes se llev&oacute; a cabo la reuni&oacute;n plenaria del Consejo Tributario Mendoza en la Legislatura Provincial. Participaron el ministro de Hacienda y Finanzas, V&iacute;ctor Fayad; el administrador general de ATM, Alejandro Donati; el director general de Rentas, Nicol&aacute;s Chaves; el superintendente del Departamento General de Irrigaci&oacute;n, Sergio Marinelli, intendentes, senadores, diputados y miembros del Consejo Tributario Mendoza.<\/p>\n\n\n\n<p>Sobre este encuentro, el ministro de Hacienda y Finanzas, V&iacute;ctor Fayad, resalt&oacute;: &ldquo;En esta oportunidad el foco ha estado en el Impuesto Inmobiliario, hemos estado trabajando con una consultor&iacute;a del BID en un observatorio de valores, en conjunto con otras provincias y, en paralelo, ha estado trabajando el Consejo Federal de Catastro, un organismo que nuclea todos los directores de Catastro de todas las provincias&rdquo;.<\/p>\n\n\n\n<p>Adem&aacute;s, destac&oacute;: &ldquo;Estamos intentando recuperar el protagonismo de este impuesto, que es un impuesto mucho menos distorsivo que Ingresos Brutos y Sellos: para lograr disminuir la presi&oacute;n de esos impuestos, necesitamos aumentar los impuestos no tan distorsivos. Esto, a veces resulta complejo, sobre todo en un pa&iacute;s en el que hace mucho tiempo que no se crece y en el que a las familias y empresas les cuesta afrontar sus pagos habituales, pero siempre hay que estar preparados para cuando los tiempos acompa&ntilde;en&rdquo;.<\/p>\n\n\n\n<p>A su vez, el director general de Rentas, Nicol&aacute;s Chaves, destac&oacute;: &ldquo;Estamos muy contentos, hemos tenido participaci&oacute;n de los 18 municipios y, adem&aacute;s, este a&ntilde;o contamos con la presencia del Consejo Federal de Catastro, con integrantes de las 24 provincias del pa&iacute;s, como con integrantes de organismos como Aysam, los Colegios de Agrimensores, el Colegio Notarial, el Colegio de Corredores Inmobiliarios y la C&aacute;mara que han participado y estamos en un intercambio en el que han surgido disparadores para todo lo que viene en el 2023&rdquo;.<\/p>\n\n\n\n<p>&ldquo;Queremos seguir trabajando en el intercambio de informaci&oacute;n con los municipios y, a partir de la experiencia compartida, poder acercarle herramientas tecnol&oacute;gicas a los municipios para que puedan llevar adelante su gesti&oacute;n&rdquo;, agreg&oacute;.<\/p>\n\n\n\n<p>La apertura y presentaci&oacute;n estuvo a cargo del director general de Rentas, Nicol&aacute;s Chaves, y de la directora general de Catastro, Jimena Luzuriaga. Luego, Alain Konincks, secretario de Hacienda y Administraci&oacute;n de la Municipalidad de General Alvear, expuso sobre &ldquo;Un camino de transformaci&oacute;n Municipal&rdquo;.<\/p>\n\n\n\n<p>A continuaci&oacute;n, Enzo Rizzo, administrador general de Poder Judicial de Mendoza expuso sobre Integraci&oacute;n ATM &ndash; Poder Judicial, mientras que Fernando Melossi, director de Modernizaci&oacute;n e Innovaci&oacute;n de ATM, desarroll&oacute; la tem&aacute;tica Gobierno Inteligente: Certificado &Uacute;nico de Transferencia-CUT.<\/p>\n\n\n\n<p>En la segunda etapa de exposiciones, el ministro de Hacienda y Finanzas, V&iacute;ctor Fayad y el jefe de Asesores del Ministerio, Franco Bignone hablaron sobre &ldquo;An&aacute;lisis tributario del Impuesto Inmobiliario: Desaf&iacute;os 2023&rdquo;. Luego, el director de Geodesia y Catastro de San Juan, Juan Pablo Quattropani present&oacute; el Consejo Federal de Catastro y Diego Erba, consultor internacional BID-BM, coment&oacute; el Observatorio de valores Mendoza.<\/p>\n\n\n\n<p>Adem&aacute;s, durante la reuni&oacute;n plenaria del Consejo Tributario Mendoza, el administrador general de ATM, Alejandro Donati, y el superintendente del Departamento General de Irrigaci&oacute;n, Sergio Marinelli, firmaron dos convenios referidos a Investigaci&oacute;n y vinculaci&oacute;n tecnol&oacute;gica y a Utilizaci&oacute;n de Domicilio Fiscal Electr&oacute;nico.<\/p>\n\n\n\n<figure class=\"wp-block-gallery columns-3\"><ul class=\"blocks-gallery-grid\"><li class=\"blocks-gallery-item\"><figure><a href=\"https:\/\/www.mendoza.gov.ar\/wp-content\/uploads\/sites\/5\/2022\/12\/02122022-IMG_9821-700x466.jpg\"><img loading=\"lazy\" width=\"700\" height=\"466\" src=\"https:\/\/www.mendoza.gov.ar\/wp-content\/uploads\/sites\/5\/2022\/12\/02122022-IMG_9821-700x466.jpg\" alt=\"\" data-id=\"339812\" data-link=\"https:\/\/www.mendoza.gov.ar\/prensa\/?attachment_id=339812\" class=\"wp-image-339812 img-responsive center-block\" srcset=\"https:\/\/www.mendoza.gov.ar\/wp-content\/uploads\/sites\/5\/2022\/12\/02122022-IMG_9821-700x466.jpg 700w, https:\/\/www.mendoza.gov.ar\/wp-content\/uploads\/sites\/5\/2022\/12\/02122022-IMG_9821-250x167.jpg 250w, https:\/\/www.mendoza.gov.ar\/wp-content\/uploads\/sites\/5\/2022\/12\/02122022-IMG_9821-768x512.jpg 768w, https:\/\/www.mendoza.gov.ar\/wp-content\/uploads\/sites\/5\/2022\/12\/02122022-IMG_9821-120x80.jpg 120w, https:\/\/www.mendoza.gov.ar\/wp-content\/uploads\/sites\/5\/2022\/12\/02122022-IMG_9821.jpg 1100w\" sizes=\"(max-width: 700px) 100vw, 700px\"><\/a><\/figure><\/li><li class=\"blocks-gallery-item\"><figure><a href=\"https:\/\/www.mendoza.gov.ar\/wp-content\/uploads\/sites\/5\/2022\/12\/02122022-IMG_9625-700x466.jpg\"><img loading=\"lazy\" width=\"700\" height=\"466\" src=\"https:\/\/www.mendoza.gov.ar\/wp-content\/uploads\/sites\/5\/2022\/12\/02122022-IMG_9625-700x466.jpg\" alt=\"\" data-id=\"339813\" data-link=\"https:\/\/www.mendoza.gov.ar\/prensa\/?attachment_id=339813\" class=\"wp-image-339813 img-responsive center-block\" srcset=\"https:\/\/www.mendoza.gov.ar\/wp-content\/uploads\/sites\/5\/2022\/12\/02122022-IMG_9625-700x466.jpg 700w, https:\/\/www.mendoza.gov.ar\/wp-content\/uploads\/sites\/5\/2022\/12\/02122022-IMG_9625-250x167.jpg 250w, https:\/\/www.mendoza.gov.ar\/wp-content\/uploads\/sites\/5\/2022\/12\/02122022-IMG_9625-768x512.jpg 768w, https:\/\/www.mendoza.gov.ar\/wp-content\/uploads\/sites\/5\/2022\/12\/02122022-IMG_9625-120x80.jpg 120w, https:\/\/www.mendoza.gov.ar\/wp-content\/uploads\/sites\/5\/2022\/12\/02122022-IMG_9625.jpg 1100w\" sizes=\"(max-width: 700px) 100vw, 700px\"><\/a><\/figure><\/li><li class=\"blocks-gallery-item\"><figure><a href=\"https:\/\/www.mendoza.gov.ar\/wp-content\/uploads\/sites\/5\/2022\/12\/02122022-IMG_9711.jpg\"><img loading=\"lazy\" width=\"700\" height=\"466\" src=\"https:\/\/www.mendoza.gov.ar\/wp-content\/uploads\/sites\/5\/2022\/12\/02122022-IMG_9711-700x466.jpg\" alt=\"\" data-id=\"339815\" data-full-url=\"https:\/\/www.mendoza.gov.ar\/wp-content\/uploads\/sites\/5\/2022\/12\/02122022-IMG_9711.jpg\" data-link=\"https:\/\/www.mendoza.gov.ar\/prensa\/?attachment_id=339815\" class=\"wp-image-339815 img-responsive center-block\" srcset=\"https:\/\/www.mendoza.gov.ar\/wp-content\/uploads\/sites\/5\/2022\/12\/02122022-IMG_9711-700x466.jpg 700w, https:\/\/www.mendoza.gov.ar\/wp-content\/uploads\/sites\/5\/2022\/12\/02122022-IMG_9711-250x167.jpg 250w, https:\/\/www.mendoza.gov.ar\/wp-content\/uploads\/sites\/5\/2022\/12\/02122022-IMG_9711-768x512.jpg 768w, https:\/\/www.mendoza.gov.ar\/wp-content\/uploads\/sites\/5\/2022\/12\/02122022-IMG_9711-120x80.jpg 120w, https:\/\/www.mendoza.gov.ar\/wp-content\/uploads\/sites\/5\/2022\/12\/02122022-IMG_9711.jpg 1100w\" sizes=\"(max-width: 700px) 100vw, 700px\"><\/a><\/figure><\/li><li class=\"blocks-gallery-item\"><figure><a href=\"https:\/\/www.mendoza.gov.ar\/wp-content\/uploads\/sites\/5\/2022\/12\/02122022-IMG_9782-700x466.jpg\"><img loading=\"lazy\" width=\"700\" height=\"466\" src=\"https:\/\/www.mendoza.gov.ar\/wp-content\/uploads\/sites\/5\/2022\/12\/02122022-IMG_9782-700x466.jpg\" alt=\"\" data-id=\"339814\" data-link=\"https:\/\/www.mendoza.gov.ar\/prensa\/?attachment_id=339814\" class=\"wp-image-339814 img-responsive center-block\" srcset=\"https:\/\/www.mendoza.gov.ar\/wp-content\/uploads\/sites\/5\/2022\/12\/02122022-IMG_9782-700x466.jpg 700w, https:\/\/www.mendoza.gov.ar\/wp-content\/uploads\/sites\/5\/2022\/12\/02122022-IMG_9782-250x167.jpg 250w, https:\/\/www.mendoza.gov.ar\/wp-content\/uploads\/sites\/5\/2022\/12\/02122022-IMG_9782-768x512.jpg 768w, https:\/\/www.mendoza.gov.ar\/wp-content\/uploads\/sites\/5\/2022\/12\/02122022-IMG_9782-120x80.jpg 120w, https:\/\/www.mendoza.gov.ar\/wp-content\/uploads\/sites\/5\/2022\/12\/02122022-IMG_9782.jpg 1100w\" sizes=\"(max-width: 700px) 100vw, 700px\"><\/a><\/figure><\/li><\/ul><\/figure>\n<\/body><\/html>\n","protected":false},"excerpt":{"rendered":"La &uacute;ltima reuni&oacute;n del 2022 se desarroll&oacute; en la Legislatura. El Gobierno provincial y los municipios realizaron el cierre de las actividades del a&ntilde;o y acordaron l&iacute;neas a seguir trabajando en conjunto. Este viernes se llev&oacute; a cabo la reuni&oacute;n plenaria del Consejo Tributario Mendoza en la Legislatura Provincial. Participaron el ministro de Hacienda y&#8230; <a class=\"view-article\" href=\"https:\/\/www.mendoza.gov.ar\/prensa\/se-realizo-la-ultima-reunion-de-ano-del-consejo-tributario-mendoza-balance-y-perspectivas\/\"><\/a>","protected":false},"author":63,"featured_media":339818,"comment_status":"open","ping_status":"open","sticky":false,"template":"","format":"standard","meta":[],"categories":[21],"tags":[],"_links":{"self":[{"href":"https:\/\/www.mendoza.gov.ar\/prensa\/wp-json\/wp\/v2\/posts\/339808"}],"collection":[{"href":"https:\/\/www.mendoza.gov.ar\/prensa\/wp-json\/wp\/v2\/posts"}],"about":[{"href":"https:\/\/www.mendoza.gov.ar\/prensa\/wp-json\/wp\/v2\/types\/post"}],"author":[{"embeddable":true,"href":"https:\/\/www.mendoza.gov.ar\/prensa\/wp-json\/wp\/v2\/users\/63"}],"replies":[{"embeddable":true,"href":"https:\/\/www.mendoza.gov.ar\/prensa\/wp-json\/wp\/v2\/comments?post=339808"}],"version-history":[{"count":6,"href":"https:\/\/www.mendoza.gov.ar\/prensa\/wp-json\/wp\/v2\/posts\/339808\/revisions"}],"predecessor-version":[{"id":339905,"href":"https:\/\/www.mendoza.gov.ar\/prensa\/wp-json\/wp\/v2\/posts\/339808\/revisions\/339905"}],"wp:featuredmedia":[{"embeddable":true,"href":"https:\/\/www.mendoza.gov.ar\/prensa\/wp-json\/wp\/v2\/media\/339818"}],"wp:attachment":[{"href":"https:\/\/www.mendoza.gov.ar\/prensa\/wp-json\/wp\/v2\/media?parent=339808"}],"wp:term":[{"taxonomy":"category","embeddable":true,"href":"https:\/\/www.mendoza.gov.ar\/prensa\/wp-json\/wp\/v2\/categories?post=339808"},{"taxonomy":"post_tag","embeddable":true,"href":"https:\/\/www.mendoza.gov.ar\/prensa\/wp-json\/wp\/v2\/tags?post=339808"}],"curies":[{"name":"wp","href":"https:\/\/api.w.org\/{rel}","templated":true}]}}