{"id":339946,"date":"2022-12-05T08:00:00","date_gmt":"2022-12-05T11:00:00","guid":{"rendered":"https:\/\/www.mendoza.gov.ar\/prensa\/?p=339946"},"modified":"2022-12-05T09:24:38","modified_gmt":"2022-12-05T12:24:38","slug":"ceas-el-ejecutivo-consultara-a-todos-los-miembros-la-actualizacion-de-la-ley-de-responsabilidad-fiscal-y-administracion-financiera","status":"publish","type":"post","link":"https:\/\/www.mendoza.gov.ar\/prensa\/ceas-el-ejecutivo-consultara-a-todos-los-miembros-la-actualizacion-de-la-ley-de-responsabilidad-fiscal-y-administracion-financiera\/","title":{"rendered":"CEAS: el Ejecutivo consultar\u00e1 a todos los miembros la actualizaci\u00f3n de la Ley de Responsabilidad Fiscal y Administraci\u00f3n Financiera"},"content":{"rendered":"<!DOCTYPE html PUBLIC \"-\/\/W3C\/\/DTD HTML 4.0 Transitional\/\/EN\" \"http:\/\/www.w3.org\/TR\/REC-html40\/loose.dtd\">\n<html><body><h5>Se apunta a la simplificaci&oacute;n y actualizaci&oacute;n de la responsabilidad fiscal y de la administraci&oacute;n financiera.<\/h5>\n\n\n\n<p>En el nuevo encuentro de coordinadores del Consejo Econ&oacute;mico Ambiental y Social de Mendoza, la presidencia del CEAS, a cargo del ministro de Gobierno, Trabajo y Justicia, V&iacute;ctor Iba&ntilde;ez Rosaz, junto al ministro de Hacienda y Finanzas, V&iacute;ctor Fayad, anticip&oacute; que enviar&aacute;n a todos los miembros del organismo para su evaluaci&oacute;n y consulta dos proyectos de ley para que el CEAS aporte su opini&oacute;n. <\/p>\n\n\n\n<p>Se refieren a la simplificaci&oacute;n y actualizaci&oacute;n de la responsabilidad  fiscal y administraci&oacute;n financiera. En este marco, se propuso que, en los primeros meses del a&ntilde;o pr&oacute;ximo, se traten en plenarios los aportes y evaluaciones que se hayan realizado sobre las dos iniciativas. Adem&aacute;s, desde la presidencia del CEAS, el ministro Iba&ntilde;ez propuso que las reuniones de coordinadores se realicen una vez al mes, para evaluar los avances en los proyectos.<\/p>\n\n\n\n<p>El encuentro fue encabezado por el presidente del CEAS, V&iacute;ctor Iba&ntilde;ez Rosaz, ministro de Gobierno, Trabajo y Justicia, y participaron el ministro V&iacute;ctor Fayad y los coordinadores de las comisiones y representantes de las &aacute;reas del Poder Ejecutivo y Legislativo de cada proyecto donde se giraron los distintas iniciativas aprobadas del CEAS, quienes analizaron el grado de avance de todas las propuestas.<\/p>\n\n\n\n<p>Los proyectos elaborados por las diferentes comisiones y aprobados por el plenario del CEAS que se est&aacute;n desarrollando en la actualidad son los siguientes: Transparencia que alimenta, Gestiones en el plan h&iacute;drico de la provincia, Promoci&oacute;n de productos de Mujeres Rurales, Senderismo Mendoza, Simplificaci&oacute;n de tr&aacute;mites, Foros para pensar la educaci&oacute;n de Mendoza, Inventarios de gases de efecto invernadero para todos los municipios de Mendoza y elaboraci&oacute;n de un plan local de acci&oacute;n clim&aacute;tico, e Inversi&oacute;n p&uacute;blica con la visi&oacute;n econ&oacute;mica, ambiental y social.<\/p>\n\n\n\n<p>En el encuentro, encabezado por V&iacute;ctor Iba&ntilde;ez Rosaz, quien preside el CEAS, participaron tambi&eacute;n las siguientes personas:<\/p>\n\n\n\n<ul><li>Graciela Baccarelli, coordinadora de la Comisi&oacute;n Pobreza y Hambre Cero.<\/li><li>Juan Antonio Zapata, coordinador de la Comisi&oacute;n de Crecimiento Econ&oacute;mico.<\/li><li>Mario Comella, de la Comisi&oacute;n de Infraestructura.<\/li><li>Tadeo Garc&iacute;a Zalazar, de la Comisi&oacute;n de Agua y Saneamiento.<\/li><li>Mar&iacute;a Jos&eacute; Sanz, coordinadora de la Comisi&oacute;n Igualdad de G&eacute;nero.<\/li><li>Sebasti&aacute;n Fermani, de la Comisi&oacute;n de Ciudades Sostenibles, por Ulpiano Suarez.<\/li><li>Emilce Vega, coordinadora de la Comisi&oacute;n de Calidad Educativa.<\/li><li>V&iacute;ctor Fayad, por el Ministerio de Hacienda y Finanzas.<\/li><li>Silvina del P&oacute;polo, por la Direcci&oacute;n General de Escuelas.<\/li><li>H&eacute;ctor Smud, por el Ministerio de Gobierno, Trabajo y Justicia.<\/li><li>C&eacute;sar Biffi, por el Ministerio de Gobierno, Trabajo y Justicia.<\/li><\/ul>\n\n\n\n<p>Al cierre del encuentro, los representantes de las comisiones brindaron sus apreciaciones y valoraciones respecto de las propuestas presentadas por cada uno y proyecciones de cara a 2023.<\/p>\n\n\n\n<p><strong>Tadeo Garc&iacute;a Zalazar. Comisi&oacute;n Agua y Saneamiento<\/strong><\/p>\n\n\n\n<p>El jefe comunal de Godoy Cruz se&ntilde;al&oacute;: &ldquo;En principio, la Comisi&oacute;n de Agua y Saneamiento hab&iacute;a propuesto la elaboraci&oacute;n de un<em> master plan<\/em> para la gesti&oacute;n del recurso h&iacute;drico en toda la provincia. El Gobierno provincial, a trav&eacute;s del Gobernador y del superintendente general de Irrigaci&oacute;n, avanzan en un convenio con Mekorot, que es la agencia de agua israel&iacute;. Este convenio marco ya tiene vigencia y, b&aacute;sicamente, va a elaborar un master plan para el uso del recurso h&iacute;drico en Mendoza. Ese plan ya tiene algunas cuestiones, que ya se van a empezar a implementar y que est&aacute;n en el presupuesto 2023&rdquo;.<\/p>\n\n\n\n<p>Y agreg&oacute; que &ldquo;todos estos avances ser&aacute;n expuestos el 12 de diciembre en la comisi&oacute;n, donde se realizar&aacute; el cronograma para 2023 de aquellas acciones que va a tener seguramente la comisi&oacute;n en cuanto a charlas, conferencias y aportes a la elaboraci&oacute;n del proceso del master plan, que llevar&aacute; varios meses pero que ya est&aacute; en marcha&rdquo;.<\/p>\n\n\n\n<p><strong>Mar&iacute;a Jos&eacute; Sanz. Comisi&oacute;n de Equidad de G&eacute;nero<\/strong><\/p>\n\n\n\n<p>La legisladora provincial se&ntilde;al&oacute;: &ldquo;Hemos trabajado, desde la creaci&oacute;n del CEAS en una serie de iniciativas. Puntualmente, logramos consensuar con todo el plenario un proyecto de Mujeres Rurales y la promoci&oacute;n de productos de esas mujeres en el &aacute;mbito de la provincia. Ese proyecto fue introducido en la legislatura a trav&eacute;s del CEAS. Est&aacute; el compromiso de tratarla la pr&oacute;xima semana siguiendo los tiempos legislativos en la Comisi&oacute;n de Legislaci&oacute;n. Con mucha expectativa de que pueda lograr esta media sanci&oacute;n a los aportes que puedan hacer el resto de las fuerzas pol&iacute;ticas. Pero sabiendo que, al salir del consenso del CEAS, tiene muchas posibilidades de convertirse en ley. Este proyecto consiste en la promoci&oacute;n de los productos producidos por mujeres rurales, entendiendo no solo a las que viven en la ruralidad sino a todas aquellas que tienen que ver con la confecci&oacute;n de productos y para ello trabajar en beneficios fiscales, en las licitaciones. Es decir, promover a estas mujeres que muchas veces son sostenes de familias&rdquo;.<\/p>\n\n\n\n<p>Por su parte, Juan Zapata, de la Comisi&oacute;n Crecimiento Econ&oacute;mico, expres&oacute;: &ldquo;Entre los proyectos enviados desde la comisi&oacute;n al ministerio, el de Senderismo Mendoza se propone una serie de acciones de orden p&uacute;blico sobre una serie de senderos que existen en la provincia para aquellos que hacen monta&ntilde;ismo, tanto transversales como longitudinales. Este proyecto fue propuesto por gente de San Carlos. Otro de los proyectos es sobre simplificaci&oacute;n de tr&aacute;mites&rdquo;.<\/p>\n\n\n\n<p>En tanto, Emilce Vega, por la Comisi&oacute;n Calidad Educaci&oacute;n, manifest&oacute; que &ldquo;el proyecto que se presento y fue aprobado por plenario es el de la realizaci&oacute;n de doros en cada oasis provincial. Foros para pensar la educaci&oacute;n de Mendoza en los pr&oacute;ximos 20 a&ntilde;os. Mantuvimos reuniones con las autoridades de la Direcci&oacute;n General de Escuelas (DGE) y ya estamos planificando acciones para ejecutarlo de manera conjunta&rdquo;.<\/p>\n\n\n\n<p>Adem&aacute;s, la titular de la Direcci&oacute;n Territorial de Empleo y Capacitaci&oacute;n dijo: &ldquo;Entendiendo que el CEAS es un &oacute;rgano consultivo, la DGE tambi&eacute;n nos ha pedido que acompa&ntilde;emos en este proceso de ejecuci&oacute;n del proyecto, lo cual celebramos, porque habla no solo de la importancia de ser un &oacute;rgano consultivo sino tambi&eacute;n poder llevar a la pr&aacute;ctica estas ideas que fueron planteadas en la Comisi&oacute;n de Calidad de la Educaci&oacute;n. El objetivo es pensar la Mendoza de los pr&oacute;ximos 20 a&ntilde;os enfoc&aacute;ndonos en innovaci&oacute;n en calidad de la educaci&oacute;n y consultar no solamente a los docentes, a los sujetos de aprendizaje que son los alumnos y alumnas, sino tambi&eacute;n a los padres&rdquo;.<\/p>\n\n\n\n<p>Finalmente, Vega destac&oacute;: &ldquo;La finalidad de este proyecto es comenzar a trabajar en estos foros, si bien ya venimos trabajando a trav&eacute;s de otras &aacute;reas del gobierno de la Provincia con la DGE, por ejemplo, en comisiones de Educaci&oacute;n y Trabajo, en lo que tiene que ver con tecnolog&iacute;a en los programas de Mendoza Futura. El objetivo es fortalecer estas &aacute;reas y que pasen a ser una moneda permanente y que, m&aacute;s all&aacute; de la acci&oacute;n del CEAS, sean foros permanentes de consulta&rdquo;.<\/p>\n\n\n\n<p>Graciela Baccarelli, representante de la Comisi&oacute;n Pobreza y Hambre Cero, sostuvo: &ldquo;Estamos trabajando en un programa que se llama Transparencia que Alimenta, que ha sido uno de los proyectos que se han podido ejecutar, donde la idea es la trazabilidad del proceso de compra hasta c&oacute;mo se distribuyen los alimentos en Mendoza&rdquo;.<\/p>\n\n\n\n<p>&ldquo;Se trabaj&oacute; mucho con la Direcci&oacute;n de Compras de Mendoza, con el director Roberto Reta, para incorporar a peque&ntilde;os productores locales, potenciar el desarrollo local y disminuir la econom&iacute;a no formal. Sabemos que el Estado puede mejorar los procesos de compra e incluir dentro de estos las compras de triple impacto: social, econ&oacute;mico y ambiental. Estamos trabajando en esto bastante firme. Surgi&oacute; de la participaci&oacute;n ciudadana, de organizaciones sociales que se acercaron al CEAS y presentaron este proyecto, tanto Fundaci&oacute;n Nuestra Mendoza como Banco de Alimentos y la FEDEM. La idea del CEAS es abrirse a la comunidad y que la comunidad presente los proyectos, nosotros somos un canal para que estos proyectos se puedan ejecutar&rdquo;, indic&oacute; Baccarelli.<\/p>\n\n\n\n<p>Como muestra de las acciones desarrolladas, la presidenta de la FEDEM (Federaci&oacute;n de entidades no gubernamentales de ni&ntilde;ez y adolescencia de Mendoza) puntualiz&oacute;: &ldquo;Se convoc&oacute; a una licitaci&oacute;n de acuerdo marco para la compra de alimentos (organismos compradores m&aacute;s importantes son los hospitales y el FIDES), utilizando criterios de sostenibilidad, es decir, compras inclusivas con perspectiva de desarrollo de microempresas de la econom&iacute;a social. Incorporamos como proveedores a varios peque&ntilde;os productores de hortalizas y frutas aglutinados en una cooperativa que nos venden la totalidad de su producci&oacute;n con muy buena calidad y precio&rdquo;.<\/p>\n\n\n\n<p><strong>Sebasti&aacute;n Fermani. Proyecto de Ciudades Sostenibles<\/strong><\/p>\n\n\n\n<p>&ldquo;Desde la comisi&oacute;n se elevaron una serie de proyectos y pudimos priorizar dos propuestas concretas que tienen que ver con la realizaci&oacute;n de inventarios de gases de efecto invernadero para todos los municipios de Mendoza. Tambi&eacute;n, la elaboraci&oacute;n de un plan local de acci&oacute;n clim&aacute;tica, entendiendo la importancia de una problem&aacute;tica central a nivel mundial como es el cambio clim&aacute;tico y la necesidad de tener diagn&oacute;sticos s&oacute;lidos, ajustados al territorio e instrumentos program&aacute;ticos que est&eacute;n a la altura de dise&ntilde;ar estrategias de mitigaci&oacute;n y adaptaci&oacute;n frente al cambio clim&aacute;tico&rdquo;.<\/p>\n\n\n\n<p>&ldquo;Dentro de toda la cartera de proyectos que se elaboraron, se priorizaron estos componentes y se elev&oacute; a Provincia para promover que los municipios avancen sobre estos ejes&rdquo;, continu&oacute;.<\/p>\n\n\n\n<p>&ldquo;Este es un proyecto que est&aacute; validado por el CEAS, est&aacute; elevado a la Secretar&iacute;a de Ambiente y Ordenamiento Territorial de la provincia. Desde la comisi&oacute;n, facilitamos los espacios para brindar las herramientas necesarias para que los municipios puedan avanzar tanto en la realizaci&oacute;n de los inventarios como en la elaboraci&oacute;n de los planes locales de acci&oacute;n clim&aacute;tica&rdquo;, sintentiz&oacute;.<\/p>\n\n\n\n<p>Mario Comellas, de la Comisi&oacute;n de Infraestructura, detall&oacute;: &ldquo;Hemos presentado el proyecto de la inversi&oacute;n p&uacute;blica con la visi&oacute;n econ&oacute;mica, ambiental y social, y lo hemos trabajado de forma directa con la Direcci&oacute;n de Inversi&oacute;n P&uacute;blica. El proyecto, durante su gestaci&oacute;n, tuvo la aparici&oacute;n de un decreto del Poder Ejecutivo que le dio forma y nos llev&oacute; a potenciar y a mejorar este proyecto que hoy se est&aacute; trabajando. Es lo que va a llevar a que cada inversi&oacute;n p&uacute;blica que se realice pueda pasar por un tamiz de todo un procedimiento y una metodolog&iacute;a que le d&eacute; a quien tiene que tomar la decisi&oacute;n las herramientas necesarias para ver si esa inversi&oacute;n debe hacerse o no&rdquo;.<\/p>\n\n\n\n<p>&ldquo;Desde el CEAS, en la comisi&oacute;n a la que represento, mi participaci&oacute;n es en representaci&oacute;n de la Mesa de la Producci&oacute;n y el Empleo, y la comisi&oacute;n que integramos est&aacute; compuesta por consejos profesionales de ingenieros y ge&oacute;logos, de agrimensores, de inmobiliarios, como tambi&eacute;n representantes de los municipios y del Poder Judicial de la Provincia. Hay un proyecto en an&aacute;lisis sobre la posibilidad de obtener o de alquilar, de forma p&uacute;blica o privada, propiedades. Es un proyecto que ha propuesto la c&aacute;mara que preside el doctor Puelles. El segundo proyecto que se est&aacute; trabajando es el presentado por el Colegio de Ingenieros y el Colegio de Agrimensores respecto de temas referidos al suelo que, probablemente, se complemente muy bien con lo que est&aacute; haciendo la Comisi&oacute;n de Agua y Saneamiento&rdquo;, asever&oacute; el coordinador de los equipos t&eacute;cnicos de la Uni&oacute;n Industrial Mendoza (UIM).<\/p>\n\n\n\n<p>Tambi&eacute;n expres&oacute;: &ldquo;El CEAS est&aacute; en un proceso de trabajo y aprendizaje en el que la ciudadan&iacute;a puede presentar distintos proyectos, los que son canalizados a trav&eacute;s de las siete comisiones que existen, con la idea de poder mejorar, poder potenciar y poder hacerle llegar al Poder Ejecutivo de Mendoza, en primer t&eacute;rmino, estas propuestas para que sean tenidas en cuenta en funci&oacute;n de la realidad de la provincia&rdquo;.<\/p>\n\n\n\n<p><strong>Acerca del CEAS<\/strong><\/p>\n\n\n\n<p>El Consejo Econ&oacute;mico, Ambiental y Social de Mendoza es un &oacute;rgano colegiado de car&aacute;cter consultivo de los poderes Ejecutivo y Legislativo y de participaci&oacute;n para el debate, dise&ntilde;o, planificaci&oacute;n e implementaci&oacute;n de pol&iacute;ticas p&uacute;blicas en materia econ&oacute;mica, ambiental y social.<\/p>\n\n\n\n<p>Para conocer m&aacute;s sobre este organismo, ingresar <a href=\"https:\/\/ceasmendoza.org\/\" data-type=\"URL\" data-id=\"https:\/\/ceasmendoza.org\/\">ac&aacute;<\/a><\/p>\n\n\n\n<p><\/p>\n\n\n\n<figure class=\"wp-block-gallery columns-2\"><ul class=\"blocks-gallery-grid\"><li class=\"blocks-gallery-item\"><figure><a href=\"https:\/\/www.mendoza.gov.ar\/wp-content\/uploads\/sites\/5\/2022\/12\/WhatsApp-Image-2022-12-04-at-21.42.29-700x466.jpeg\"><img loading=\"lazy\" width=\"700\" height=\"466\" src=\"https:\/\/www.mendoza.gov.ar\/wp-content\/uploads\/sites\/5\/2022\/12\/WhatsApp-Image-2022-12-04-at-21.42.29-700x466.jpeg\" alt=\"\" data-id=\"339947\" data-link=\"https:\/\/www.mendoza.gov.ar\/prensa\/?attachment_id=339947\" class=\"wp-image-339947 img-responsive center-block\" srcset=\"https:\/\/www.mendoza.gov.ar\/wp-content\/uploads\/sites\/5\/2022\/12\/WhatsApp-Image-2022-12-04-at-21.42.29-700x466.jpeg 700w, https:\/\/www.mendoza.gov.ar\/wp-content\/uploads\/sites\/5\/2022\/12\/WhatsApp-Image-2022-12-04-at-21.42.29-250x167.jpeg 250w, https:\/\/www.mendoza.gov.ar\/wp-content\/uploads\/sites\/5\/2022\/12\/WhatsApp-Image-2022-12-04-at-21.42.29-768x512.jpeg 768w, https:\/\/www.mendoza.gov.ar\/wp-content\/uploads\/sites\/5\/2022\/12\/WhatsApp-Image-2022-12-04-at-21.42.29-120x80.jpeg 120w, https:\/\/www.mendoza.gov.ar\/wp-content\/uploads\/sites\/5\/2022\/12\/WhatsApp-Image-2022-12-04-at-21.42.29.jpeg 1280w\" sizes=\"(max-width: 700px) 100vw, 700px\"><\/a><\/figure><\/li><li class=\"blocks-gallery-item\"><figure><a href=\"https:\/\/www.mendoza.gov.ar\/wp-content\/uploads\/sites\/5\/2022\/12\/WhatsApp-Image-2022-12-04-at-21.42.28.jpeg\"><img loading=\"lazy\" width=\"700\" height=\"466\" src=\"https:\/\/www.mendoza.gov.ar\/wp-content\/uploads\/sites\/5\/2022\/12\/WhatsApp-Image-2022-12-04-at-21.42.28-700x466.jpeg\" alt=\"\" data-id=\"339948\" data-full-url=\"https:\/\/www.mendoza.gov.ar\/wp-content\/uploads\/sites\/5\/2022\/12\/WhatsApp-Image-2022-12-04-at-21.42.28.jpeg\" data-link=\"https:\/\/www.mendoza.gov.ar\/prensa\/?attachment_id=339948\" class=\"wp-image-339948 img-responsive center-block\" srcset=\"https:\/\/www.mendoza.gov.ar\/wp-content\/uploads\/sites\/5\/2022\/12\/WhatsApp-Image-2022-12-04-at-21.42.28-700x466.jpeg 700w, https:\/\/www.mendoza.gov.ar\/wp-content\/uploads\/sites\/5\/2022\/12\/WhatsApp-Image-2022-12-04-at-21.42.28-250x167.jpeg 250w, https:\/\/www.mendoza.gov.ar\/wp-content\/uploads\/sites\/5\/2022\/12\/WhatsApp-Image-2022-12-04-at-21.42.28-768x512.jpeg 768w, https:\/\/www.mendoza.gov.ar\/wp-content\/uploads\/sites\/5\/2022\/12\/WhatsApp-Image-2022-12-04-at-21.42.28-120x80.jpeg 120w, https:\/\/www.mendoza.gov.ar\/wp-content\/uploads\/sites\/5\/2022\/12\/WhatsApp-Image-2022-12-04-at-21.42.28.jpeg 1280w\" sizes=\"(max-width: 700px) 100vw, 700px\"><\/a><\/figure><\/li><\/ul><\/figure>\n<\/body><\/html>\n","protected":false},"excerpt":{"rendered":"Se apunta a la simplificaci&oacute;n y actualizaci&oacute;n de la responsabilidad fiscal y de la administraci&oacute;n financiera. En el nuevo encuentro de coordinadores del Consejo Econ&oacute;mico Ambiental y Social de Mendoza, la presidencia del CEAS, a cargo del ministro de Gobierno, Trabajo y Justicia, V&iacute;ctor Iba&ntilde;ez Rosaz, junto al ministro de Hacienda y Finanzas, V&iacute;ctor Fayad,&#8230; <a class=\"view-article\" href=\"https:\/\/www.mendoza.gov.ar\/prensa\/ceas-el-ejecutivo-consultara-a-todos-los-miembros-la-actualizacion-de-la-ley-de-responsabilidad-fiscal-y-administracion-financiera\/\"><\/a>","protected":false},"author":61,"featured_media":339948,"comment_status":"open","ping_status":"open","sticky":false,"template":"","format":"standard","meta":[],"categories":[20,2711],"tags":[],"_links":{"self":[{"href":"https:\/\/www.mendoza.gov.ar\/prensa\/wp-json\/wp\/v2\/posts\/339946"}],"collection":[{"href":"https:\/\/www.mendoza.gov.ar\/prensa\/wp-json\/wp\/v2\/posts"}],"about":[{"href":"https:\/\/www.mendoza.gov.ar\/prensa\/wp-json\/wp\/v2\/types\/post"}],"author":[{"embeddable":true,"href":"https:\/\/www.mendoza.gov.ar\/prensa\/wp-json\/wp\/v2\/users\/61"}],"replies":[{"embeddable":true,"href":"https:\/\/www.mendoza.gov.ar\/prensa\/wp-json\/wp\/v2\/comments?post=339946"}],"version-history":[{"count":9,"href":"https:\/\/www.mendoza.gov.ar\/prensa\/wp-json\/wp\/v2\/posts\/339946\/revisions"}],"predecessor-version":[{"id":340016,"href":"https:\/\/www.mendoza.gov.ar\/prensa\/wp-json\/wp\/v2\/posts\/339946\/revisions\/340016"}],"wp:featuredmedia":[{"embeddable":true,"href":"https:\/\/www.mendoza.gov.ar\/prensa\/wp-json\/wp\/v2\/media\/339948"}],"wp:attachment":[{"href":"https:\/\/www.mendoza.gov.ar\/prensa\/wp-json\/wp\/v2\/media?parent=339946"}],"wp:term":[{"taxonomy":"category","embeddable":true,"href":"https:\/\/www.mendoza.gov.ar\/prensa\/wp-json\/wp\/v2\/categories?post=339946"},{"taxonomy":"post_tag","embeddable":true,"href":"https:\/\/www.mendoza.gov.ar\/prensa\/wp-json\/wp\/v2\/tags?post=339946"}],"curies":[{"name":"wp","href":"https:\/\/api.w.org\/{rel}","templated":true}]}}