{"id":342973,"date":"2023-01-04T12:29:07","date_gmt":"2023-01-04T15:29:07","guid":{"rendered":"https:\/\/www.mendoza.gov.ar\/prensa\/?p=342973"},"modified":"2023-01-04T17:35:46","modified_gmt":"2023-01-04T20:35:46","slug":"fondo-de-agua-del-rio-mendoza-iniciara-una-restauracion-ecologica-de-flora-de-alta-montana-en-el-ecoparque","status":"publish","type":"post","link":"https:\/\/www.mendoza.gov.ar\/prensa\/fondo-de-agua-del-rio-mendoza-iniciara-una-restauracion-ecologica-de-flora-de-alta-montana-en-el-ecoparque\/","title":{"rendered":"El Fondo de Agua del R\u00edo Mendoza iniciar\u00e1 una restauraci\u00f3n ecol\u00f3gica de flora de alta monta\u00f1a en el Ecoparque"},"content":{"rendered":"<!DOCTYPE html PUBLIC \"-\/\/W3C\/\/DTD HTML 4.0 Transitional\/\/EN\" \"http:\/\/www.w3.org\/TR\/REC-html40\/loose.dtd\">\n<html><body><h5>El Fondo de Agua del R&iacute;o Mendoza recibi&oacute; un subsidio para implementar un proyecto de restauraci&oacute;n ecol&oacute;gica de finalidad cient&iacute;fica y educativa otorgado por la Secretar&iacute;a de Ambiente de la Provincia.<\/h5>\n\n\n\n<p>Este subsidio de $ 800.000, otorgado al Consorcio de Cooperaci&oacute;n Fondo de Agua del R&iacute;o Mendoza &ndash;proyecto que se implementar&aacute; en el predio del Ecoparque&ndash; est&aacute; destinado a la protecci&oacute;n y educaci&oacute;n sobre la flora aut&oacute;ctona, ya que esta entidad cuenta con antecedentes en realizaci&oacute;n<br>de labores de restauraci&oacute;n ecol&oacute;gica.<\/p>\n\n\n\n<p>Como antecedentes recientes se puede mencionar dos proyectos demostrativos: &ldquo;Identificaci&oacute;n, preparaci&oacute;n y ejecuci&oacute;n de acciones de restauraci&oacute;n&rdquo; y &ldquo;Conservaci&oacute;n de &aacute;reas estrat&eacute;gicas para la provisi&oacute;n de agua en la cuenca alta del R&iacute;o Mendoza&rdquo;, que han incluido la provisi&oacute;n de plantines de flora nativa de monta&ntilde;a, estudios y capacitaciones en la materia.<\/p>\n\n\n\n<p>&ldquo;La finalidad y destino de este subsidio lo efectuaremos a trav&eacute;s del Vivero Comunitario de Monta&ntilde;a de Potrerillos &ndash;de Luj&aacute;n de Cuyo, Mendoza&ndash; y del equipo de especialistas e investigadoras\/es de Sum&aacute; Nativas, los cuales nos vienen acompa&ntilde;ando en otras iniciativas para garantizar restauraciones ecol&oacute;gicas que aportan a la seguridad h&iacute;drica de la cuenca alta del r&iacute;o<br>Mendoza. Incluir&aacute; el dise&ntilde;o de canteros, la adquisici&oacute;n &ndash;con traslado y colocaci&oacute;n&ndash; de plantines para jardines xer&oacute;filos. Es importante destacar que esto implicar&aacute; un incentivo importante para la investigaci&oacute;n del comportamiento de la flora de monta&ntilde;a en jardines urbanos&rdquo;, detall&oacute; L&iacute;a<br>Mart&iacute;nez, presidenta del Consejo de Administraci&oacute;n de Fondo de Agua del R&iacute;o Mendoza.<\/p>\n\n\n\n<p>Esta importante iniciativa est&aacute; destinada a labores de restauraci&oacute;n ecol&oacute;gica en el predio de la Direcci&oacute;n Ecoparque Mendoza, en el marco de su <em>masterplan, <\/em>que busca reconvertirlo en paseo ambiental a trav&eacute;s de &iacute;conos de los elementos naturales como el agua, el aire, la flora y la fauna,<br>integr&aacute;ndolo a su ecosistema de monta&ntilde;a, que es donde se encuentra emplazado.<\/p>\n\n\n\n<p>El actual aporte al Consorcio de Cooperaci&oacute;n Fondo de Agua del R&iacute;o Mendoza forma parte de un programa de subsidios que la Secretar&iacute;a de Ambiente de la Provincia acaba de efectivizar a organizaciones no gubernamentales &ndash;Fundaci&oacute;n Bioandina Argentina y Fundaci&oacute;n SOS Acci&oacute;n Salvaje &ndash; con el fin de promover pol&iacute;ticas de protecci&oacute;n y conservaci&oacute;n de especies amenazadas de nuestra regi&oacute;n.<\/p>\n\n\n\n<p>Esta iniciativa, impulsada por el secretario de Ambiente y Ordenamiento Territorial, Humberto Mingorance, se alinea estrat&eacute;gicamente a la Ley provincial  8945 y al decreto provincial 451\/17, que dan origen a la Direcci&oacute;n Ecoparque Mendoza. &ldquo;Recordemos que el esp&iacute;ritu de esta legislaci&oacute;n va mucho m&aacute;s all&aacute; que lograr una &oacute;ptima gesti&oacute;n, administraci&oacute;n y planificaci&oacute;n ambiental del Ecoparque. Porque su finalidad &uacute;ltima es promover la protecci&oacute;n de la flora y fauna aut&oacute;ctonas de la provincia y de Cuyo a trav&eacute;s de diversos programas y acciones en territorio&rdquo;, concluy&oacute; el m&aacute;ximo funcionario provincial de Ambiente.<\/p>\n\n\n\n<figure class=\"wp-block-gallery columns-2\"><ul class=\"blocks-gallery-grid\"><li class=\"blocks-gallery-item\"><figure><a href=\"https:\/\/www.mendoza.gov.ar\/wp-content\/uploads\/sites\/5\/2023\/01\/WhatsApp-Image-2023-01-04-at-11.56.06-700x525.jpeg\"><img loading=\"lazy\" width=\"700\" height=\"525\" src=\"https:\/\/www.mendoza.gov.ar\/wp-content\/uploads\/sites\/5\/2023\/01\/WhatsApp-Image-2023-01-04-at-11.56.06-700x525.jpeg\" alt=\"\" data-id=\"342974\" data-link=\"https:\/\/www.mendoza.gov.ar\/prensa\/?attachment_id=342974\" class=\"wp-image-342974 img-responsive center-block\" srcset=\"https:\/\/www.mendoza.gov.ar\/wp-content\/uploads\/sites\/5\/2023\/01\/WhatsApp-Image-2023-01-04-at-11.56.06-700x525.jpeg 700w, https:\/\/www.mendoza.gov.ar\/wp-content\/uploads\/sites\/5\/2023\/01\/WhatsApp-Image-2023-01-04-at-11.56.06-250x188.jpeg 250w, https:\/\/www.mendoza.gov.ar\/wp-content\/uploads\/sites\/5\/2023\/01\/WhatsApp-Image-2023-01-04-at-11.56.06-768x576.jpeg 768w, https:\/\/www.mendoza.gov.ar\/wp-content\/uploads\/sites\/5\/2023\/01\/WhatsApp-Image-2023-01-04-at-11.56.06-1536x1152.jpeg 1536w, https:\/\/www.mendoza.gov.ar\/wp-content\/uploads\/sites\/5\/2023\/01\/WhatsApp-Image-2023-01-04-at-11.56.06-120x90.jpeg 120w, https:\/\/www.mendoza.gov.ar\/wp-content\/uploads\/sites\/5\/2023\/01\/WhatsApp-Image-2023-01-04-at-11.56.06.jpeg 1600w\" sizes=\"(max-width: 700px) 100vw, 700px\"><\/a><\/figure><\/li><li class=\"blocks-gallery-item\"><figure><a href=\"https:\/\/www.mendoza.gov.ar\/wp-content\/uploads\/sites\/5\/2023\/01\/WhatsApp-Image-2023-01-04-at-11.56.07-1.jpeg\"><img loading=\"lazy\" width=\"700\" height=\"525\" src=\"https:\/\/www.mendoza.gov.ar\/wp-content\/uploads\/sites\/5\/2023\/01\/WhatsApp-Image-2023-01-04-at-11.56.07-1-700x525.jpeg\" alt=\"\" data-id=\"342975\" data-full-url=\"https:\/\/www.mendoza.gov.ar\/wp-content\/uploads\/sites\/5\/2023\/01\/WhatsApp-Image-2023-01-04-at-11.56.07-1.jpeg\" data-link=\"https:\/\/www.mendoza.gov.ar\/prensa\/?attachment_id=342975\" class=\"wp-image-342975 img-responsive center-block\" srcset=\"https:\/\/www.mendoza.gov.ar\/wp-content\/uploads\/sites\/5\/2023\/01\/WhatsApp-Image-2023-01-04-at-11.56.07-1-700x525.jpeg 700w, https:\/\/www.mendoza.gov.ar\/wp-content\/uploads\/sites\/5\/2023\/01\/WhatsApp-Image-2023-01-04-at-11.56.07-1-250x188.jpeg 250w, https:\/\/www.mendoza.gov.ar\/wp-content\/uploads\/sites\/5\/2023\/01\/WhatsApp-Image-2023-01-04-at-11.56.07-1-768x576.jpeg 768w, https:\/\/www.mendoza.gov.ar\/wp-content\/uploads\/sites\/5\/2023\/01\/WhatsApp-Image-2023-01-04-at-11.56.07-1-1536x1152.jpeg 1536w, https:\/\/www.mendoza.gov.ar\/wp-content\/uploads\/sites\/5\/2023\/01\/WhatsApp-Image-2023-01-04-at-11.56.07-1-120x90.jpeg 120w, https:\/\/www.mendoza.gov.ar\/wp-content\/uploads\/sites\/5\/2023\/01\/WhatsApp-Image-2023-01-04-at-11.56.07-1.jpeg 1600w\" sizes=\"(max-width: 700px) 100vw, 700px\"><\/a><\/figure><\/li><\/ul><\/figure>\n<\/body><\/html>\n","protected":false},"excerpt":{"rendered":"El Fondo de Agua del R&iacute;o Mendoza recibi&oacute; un subsidio para implementar un proyecto de restauraci&oacute;n ecol&oacute;gica de finalidad cient&iacute;fica y educativa otorgado por la Secretar&iacute;a de Ambiente de la Provincia. Este subsidio de $ 800.000, otorgado al Consorcio de Cooperaci&oacute;n Fondo de Agua del R&iacute;o Mendoza &ndash;proyecto que se implementar&aacute; en el predio del&#8230; <a class=\"view-article\" href=\"https:\/\/www.mendoza.gov.ar\/prensa\/fondo-de-agua-del-rio-mendoza-iniciara-una-restauracion-ecologica-de-flora-de-alta-montana-en-el-ecoparque\/\"><\/a>","protected":false},"author":61,"featured_media":342975,"comment_status":"open","ping_status":"open","sticky":false,"template":"","format":"standard","meta":[],"categories":[1],"tags":[],"_links":{"self":[{"href":"https:\/\/www.mendoza.gov.ar\/prensa\/wp-json\/wp\/v2\/posts\/342973"}],"collection":[{"href":"https:\/\/www.mendoza.gov.ar\/prensa\/wp-json\/wp\/v2\/posts"}],"about":[{"href":"https:\/\/www.mendoza.gov.ar\/prensa\/wp-json\/wp\/v2\/types\/post"}],"author":[{"embeddable":true,"href":"https:\/\/www.mendoza.gov.ar\/prensa\/wp-json\/wp\/v2\/users\/61"}],"replies":[{"embeddable":true,"href":"https:\/\/www.mendoza.gov.ar\/prensa\/wp-json\/wp\/v2\/comments?post=342973"}],"version-history":[{"count":3,"href":"https:\/\/www.mendoza.gov.ar\/prensa\/wp-json\/wp\/v2\/posts\/342973\/revisions"}],"predecessor-version":[{"id":343011,"href":"https:\/\/www.mendoza.gov.ar\/prensa\/wp-json\/wp\/v2\/posts\/342973\/revisions\/343011"}],"wp:featuredmedia":[{"embeddable":true,"href":"https:\/\/www.mendoza.gov.ar\/prensa\/wp-json\/wp\/v2\/media\/342975"}],"wp:attachment":[{"href":"https:\/\/www.mendoza.gov.ar\/prensa\/wp-json\/wp\/v2\/media?parent=342973"}],"wp:term":[{"taxonomy":"category","embeddable":true,"href":"https:\/\/www.mendoza.gov.ar\/prensa\/wp-json\/wp\/v2\/categories?post=342973"},{"taxonomy":"post_tag","embeddable":true,"href":"https:\/\/www.mendoza.gov.ar\/prensa\/wp-json\/wp\/v2\/tags?post=342973"}],"curies":[{"name":"wp","href":"https:\/\/api.w.org\/{rel}","templated":true}]}}