{"id":349086,"date":"2023-03-04T13:55:59","date_gmt":"2023-03-04T16:55:59","guid":{"rendered":"https:\/\/www.mendoza.gov.ar\/prensa\/?p=349086"},"modified":"2023-03-04T15:38:08","modified_gmt":"2023-03-04T18:38:08","slug":"la-alegria-del-carrusel-invadio-la-previa-de-la-fiesta-maxima-de-los-mendocinos","status":"publish","type":"post","link":"https:\/\/www.mendoza.gov.ar\/prensa\/la-alegria-del-carrusel-invadio-la-previa-de-la-fiesta-maxima-de-los-mendocinos\/","title":{"rendered":"La alegr\u00eda del Carrusel invadi\u00f3 la previa de la fiesta m\u00e1xima de los mendocinos"},"content":{"rendered":"<!DOCTYPE html PUBLIC \"-\/\/W3C\/\/DTD HTML 4.0 Transitional\/\/EN\" \"http:\/\/www.w3.org\/TR\/REC-html40\/loose.dtd\">\n<html><body><h5>El tradicional Carrusel llen&oacute; de alegr&iacute;a y color las calles del microcentro de Mendoza. Una multitud de turistas y mendocinos pudieron disfrutar de este desfile de carros, reinas, centros tradicionalistas, las comparsas de las colectividades, las reinas invitadas de distintos lugares del pa&iacute;s y personajes representativos de esta provincia.<\/h5>\n\n\n\n<p>Una vez que el Gobernador, Rodolfo Suarez, autoriz&oacute; el comienzo del Carrusel, la banda de la Polic&iacute;a de Mendoza toc&oacute; el <em>Himno Nacional <\/em>y dio paso a la Virgen de la Carrodilla, escoltada por la Federaci&oacute;n Gaucha General San Mart&iacute;n, con sus gauchos, chinas, sulquis y caballos; mientras que Griselda L&oacute;pez Zalba y Mariano Leotta cantaban <em>Virgen de la Carrodilla.<\/em><\/p>\n\n\n\n<p>El primer carro trasladaba a las actuales reina y virreina de la Vendimia 2022, Natasha S&aacute;nchez y Giuliana Pilot respectivamente. En &eacute;l estaban representados todos los elementos ic&oacute;nicos de esta provincia: el escudo, el sol, los vi&ntilde;edos y el c&oacute;ndor, adem&aacute;s de la belleza mendocina.<\/p>\n\n\n\n<p>Posteriormente desfilaron los carros de Adultos Mayores, Vendimia para Todxs, las reinas invitadas de los Estudiantes, del Girasol, del Man&iacute;, del Inmigrante, de la Tonada, del Chivo, de la Fiesta Nacional de la Ganader&iacute;a de Zonas &Aacute;ridas, de la Hispanidad, de la Colectividad Italiana, de las Naciones y el Vino, de los Sordomudos, Miss Orb International y m&aacute;s.<\/p>\n\n\n\n<p>Siguieron los carros de los departamentos a los que, al llegar al palco oficial, muchos de los intendentes se acercaban para saludar a las representantes.&nbsp;<\/p>\n\n\n\n<p>El primer carro fue el de Santa Rosa. Le siguieron Las Heras, Lavalle, Guaymall&eacute;n, San Mart&iacute;n, Maip&uacute;, General Alvear, Luj&aacute;n de Cuyo, San Carlos, La Paz, Tupungato, Tunuy&aacute;n, Maip&uacute;, San Rafael, Jun&iacute;n, Ciudad de Mendoza, Malarg&uuml;e y Godoy Cruz.<\/p>\n\n\n\n<p>Cada reina fue marcando su distinci&oacute;n a medida que avanzaba el carrusel. Algunas portaban micr&oacute;fono y le hablaban al p&uacute;blico. La de Tupungato caminaba al lado del carro saludando a la gente y algunas cortes arrojaban frutas.<\/p>\n\n\n\n<p>Adem&aacute;s de las distintas agrupaciones gauchas y centros tradicionalistas, tambi&eacute;n participaron los caporales, grupos representativos de la comunicad boliviana. Todos pusieron color y m&uacute;sica con los vestuarios caracter&iacute;sticos y sus bailes.<\/p>\n\n\n\n<p>Tambi&eacute;n agregaron alegr&iacute;a los Payam&eacute;dicos, con su guardapolvos y pelucas de colores.<\/p>\n\n\n\n<p><strong>Carro de Vialidad<\/strong><\/p>\n\n\n\n<p>Por primera vez particip&oacute; un carro de Vialidad, celebrando que se cumple el 90 aniversario de su creaci&oacute;n. Una gran retroexcavadora, uno de los cl&aacute;sicos equipos que la Direcci&oacute;n Provincial de Vialidad (DPV) utiliza en la actualidad para despejar y reparar sus caminos. <\/p>\n\n\n\n<p>Fundada por el entonces gobernador Emilio Civit en 1907, la Oficina de Puentes y Caminos se convirti&oacute; en 1933 en la Direcci&oacute;n Provincial de Vialidad, para integrarse por ley a un plan vial maestro impulsado por el Gobierno nacional para todo el pa&iacute;s, que permiti&oacute; a las provincias contar con acceso a fondos federales para mejorar y ampliar su red caminera.<\/p>\n\n\n\n<p><strong>Apertura de los Portones<\/strong><\/p>\n\n\n\n<p>Esta edici&oacute;n del Carrusel comenz&oacute; de una forma &uacute;nica, con la apertura de los portones del Parque General San Mart&iacute;n, siendo un hito en la historia vendimial, ya que nunca se hab&iacute;a realizado. Adem&aacute;s, el Ministerio de Cultura y Turismo se mont&oacute; un espect&aacute;culo con m&aacute;s de 200 artistas que forman parte de los eventos oficiales de la Fiesta Nacional de la Vendimia.&nbsp;<\/p>\n\n\n\n<p>Al respecto, la ministra de Cultura y Turismo, Nora Vicario, explic&oacute;: &ldquo;Estamos muy felices de comenzar este Carrusel en un punto &iacute;cono de la cultura y del turismo. Esta apertura de los Portones del Parque es una forma simb&oacute;lica de abrir las puertas de Mendoza, de nuestra cultura, de nuestra historia, de nuestra fiesta m&aacute;xima, ya que adem&aacute;s de ser el comienzo del Carrusel, es un paso obligado para turistas y mendocinos que hoy vayan a vivir el acto central de la Fiesta Nacional de la Vendimia y sus repeticiones&rdquo;.&nbsp;<\/p>\n\n\n\n<p>Previo al inicio del carrusel, la ministra Vicario visit&oacute; a los trabajadores que acompa&ntilde;an a los carros durante todo el recorrido que realizan por las calles de Mendoza.<\/p>\n\n\n\n<p><strong>GALER&Iacute;A<\/strong><\/p>\n\n\n\n<figure class=\"wp-block-gallery columns-3 is-cropped\"><ul class=\"blocks-gallery-grid\"><li class=\"blocks-gallery-item\"><figure><img loading=\"lazy\" width=\"700\" height=\"467\" src=\"https:\/\/www.mendoza.gov.ar\/wp-content\/uploads\/sites\/5\/2023\/03\/IMG_2618-700x467.jpg\" alt=\"\" data-id=\"349092\" data-link=\"https:\/\/www.mendoza.gov.ar\/prensa\/?attachment_id=349092\" class=\"wp-image-349092 img-responsive center-block\" srcset=\"https:\/\/www.mendoza.gov.ar\/wp-content\/uploads\/sites\/5\/2023\/03\/IMG_2618-700x467.jpg 700w, https:\/\/www.mendoza.gov.ar\/wp-content\/uploads\/sites\/5\/2023\/03\/IMG_2618-250x167.jpg 250w, https:\/\/www.mendoza.gov.ar\/wp-content\/uploads\/sites\/5\/2023\/03\/IMG_2618-768x512.jpg 768w, https:\/\/www.mendoza.gov.ar\/wp-content\/uploads\/sites\/5\/2023\/03\/IMG_2618-1536x1024.jpg 1536w, https:\/\/www.mendoza.gov.ar\/wp-content\/uploads\/sites\/5\/2023\/03\/IMG_2618-2048x1365.jpg 2048w, https:\/\/www.mendoza.gov.ar\/wp-content\/uploads\/sites\/5\/2023\/03\/IMG_2618-120x80.jpg 120w\" sizes=\"(max-width: 700px) 100vw, 700px\"><\/figure><\/li><li class=\"blocks-gallery-item\"><figure><img loading=\"lazy\" width=\"700\" height=\"467\" src=\"https:\/\/www.mendoza.gov.ar\/wp-content\/uploads\/sites\/5\/2023\/03\/IMG_2871-700x467.jpg\" alt=\"\" data-id=\"349093\" data-link=\"https:\/\/www.mendoza.gov.ar\/prensa\/?attachment_id=349093\" class=\"wp-image-349093 img-responsive center-block\" srcset=\"https:\/\/www.mendoza.gov.ar\/wp-content\/uploads\/sites\/5\/2023\/03\/IMG_2871-700x467.jpg 700w, https:\/\/www.mendoza.gov.ar\/wp-content\/uploads\/sites\/5\/2023\/03\/IMG_2871-250x167.jpg 250w, https:\/\/www.mendoza.gov.ar\/wp-content\/uploads\/sites\/5\/2023\/03\/IMG_2871-768x512.jpg 768w, https:\/\/www.mendoza.gov.ar\/wp-content\/uploads\/sites\/5\/2023\/03\/IMG_2871-1536x1024.jpg 1536w, https:\/\/www.mendoza.gov.ar\/wp-content\/uploads\/sites\/5\/2023\/03\/IMG_2871-2048x1365.jpg 2048w, https:\/\/www.mendoza.gov.ar\/wp-content\/uploads\/sites\/5\/2023\/03\/IMG_2871-120x80.jpg 120w\" sizes=\"(max-width: 700px) 100vw, 700px\"><\/figure><\/li><li class=\"blocks-gallery-item\"><figure><img loading=\"lazy\" width=\"700\" height=\"467\" src=\"https:\/\/www.mendoza.gov.ar\/wp-content\/uploads\/sites\/5\/2023\/03\/IMG_2572-700x467.jpg\" alt=\"\" data-id=\"349094\" data-link=\"https:\/\/www.mendoza.gov.ar\/prensa\/?attachment_id=349094\" class=\"wp-image-349094 img-responsive center-block\" srcset=\"https:\/\/www.mendoza.gov.ar\/wp-content\/uploads\/sites\/5\/2023\/03\/IMG_2572-700x467.jpg 700w, https:\/\/www.mendoza.gov.ar\/wp-content\/uploads\/sites\/5\/2023\/03\/IMG_2572-250x167.jpg 250w, https:\/\/www.mendoza.gov.ar\/wp-content\/uploads\/sites\/5\/2023\/03\/IMG_2572-768x512.jpg 768w, https:\/\/www.mendoza.gov.ar\/wp-content\/uploads\/sites\/5\/2023\/03\/IMG_2572-1536x1024.jpg 1536w, https:\/\/www.mendoza.gov.ar\/wp-content\/uploads\/sites\/5\/2023\/03\/IMG_2572-2048x1365.jpg 2048w, https:\/\/www.mendoza.gov.ar\/wp-content\/uploads\/sites\/5\/2023\/03\/IMG_2572-120x80.jpg 120w\" sizes=\"(max-width: 700px) 100vw, 700px\"><\/figure><\/li><li class=\"blocks-gallery-item\"><figure><img loading=\"lazy\" width=\"700\" height=\"467\" src=\"https:\/\/www.mendoza.gov.ar\/wp-content\/uploads\/sites\/5\/2023\/03\/0003108-700x467.jpg\" alt=\"\" data-id=\"349095\" data-link=\"https:\/\/www.mendoza.gov.ar\/prensa\/?attachment_id=349095\" class=\"wp-image-349095 img-responsive center-block\" srcset=\"https:\/\/www.mendoza.gov.ar\/wp-content\/uploads\/sites\/5\/2023\/03\/0003108-700x467.jpg 700w, https:\/\/www.mendoza.gov.ar\/wp-content\/uploads\/sites\/5\/2023\/03\/0003108-250x167.jpg 250w, https:\/\/www.mendoza.gov.ar\/wp-content\/uploads\/sites\/5\/2023\/03\/0003108-768x513.jpg 768w, https:\/\/www.mendoza.gov.ar\/wp-content\/uploads\/sites\/5\/2023\/03\/0003108-1536x1025.jpg 1536w, https:\/\/www.mendoza.gov.ar\/wp-content\/uploads\/sites\/5\/2023\/03\/0003108-2048x1367.jpg 2048w, https:\/\/www.mendoza.gov.ar\/wp-content\/uploads\/sites\/5\/2023\/03\/0003108-120x80.jpg 120w\" sizes=\"(max-width: 700px) 100vw, 700px\"><\/figure><\/li><li class=\"blocks-gallery-item\"><figure><img loading=\"lazy\" width=\"700\" height=\"467\" src=\"https:\/\/www.mendoza.gov.ar\/wp-content\/uploads\/sites\/5\/2023\/03\/0003101-700x467.jpg\" alt=\"\" data-id=\"349097\" data-full-url=\"https:\/\/www.mendoza.gov.ar\/wp-content\/uploads\/sites\/5\/2023\/03\/0003101.jpg\" data-link=\"https:\/\/www.mendoza.gov.ar\/prensa\/?attachment_id=349097\" class=\"wp-image-349097 img-responsive center-block\" srcset=\"https:\/\/www.mendoza.gov.ar\/wp-content\/uploads\/sites\/5\/2023\/03\/0003101-700x467.jpg 700w, https:\/\/www.mendoza.gov.ar\/wp-content\/uploads\/sites\/5\/2023\/03\/0003101-250x167.jpg 250w, https:\/\/www.mendoza.gov.ar\/wp-content\/uploads\/sites\/5\/2023\/03\/0003101-768x513.jpg 768w, https:\/\/www.mendoza.gov.ar\/wp-content\/uploads\/sites\/5\/2023\/03\/0003101-1536x1025.jpg 1536w, https:\/\/www.mendoza.gov.ar\/wp-content\/uploads\/sites\/5\/2023\/03\/0003101-2048x1367.jpg 2048w, https:\/\/www.mendoza.gov.ar\/wp-content\/uploads\/sites\/5\/2023\/03\/0003101-120x80.jpg 120w\" sizes=\"(max-width: 700px) 100vw, 700px\"><\/figure><\/li><li class=\"blocks-gallery-item\"><figure><img loading=\"lazy\" width=\"700\" height=\"467\" src=\"https:\/\/www.mendoza.gov.ar\/wp-content\/uploads\/sites\/5\/2023\/03\/IMG_2776-700x467.jpg\" alt=\"\" data-id=\"349098\" data-full-url=\"https:\/\/www.mendoza.gov.ar\/wp-content\/uploads\/sites\/5\/2023\/03\/IMG_2776.jpg\" data-link=\"https:\/\/www.mendoza.gov.ar\/prensa\/?attachment_id=349098\" class=\"wp-image-349098 img-responsive center-block\" srcset=\"https:\/\/www.mendoza.gov.ar\/wp-content\/uploads\/sites\/5\/2023\/03\/IMG_2776-700x467.jpg 700w, https:\/\/www.mendoza.gov.ar\/wp-content\/uploads\/sites\/5\/2023\/03\/IMG_2776-250x167.jpg 250w, https:\/\/www.mendoza.gov.ar\/wp-content\/uploads\/sites\/5\/2023\/03\/IMG_2776-768x512.jpg 768w, https:\/\/www.mendoza.gov.ar\/wp-content\/uploads\/sites\/5\/2023\/03\/IMG_2776-1536x1024.jpg 1536w, https:\/\/www.mendoza.gov.ar\/wp-content\/uploads\/sites\/5\/2023\/03\/IMG_2776-2048x1365.jpg 2048w, https:\/\/www.mendoza.gov.ar\/wp-content\/uploads\/sites\/5\/2023\/03\/IMG_2776-120x80.jpg 120w\" sizes=\"(max-width: 700px) 100vw, 700px\"><\/figure><\/li><li class=\"blocks-gallery-item\"><figure><img loading=\"lazy\" width=\"700\" height=\"467\" src=\"https:\/\/www.mendoza.gov.ar\/wp-content\/uploads\/sites\/5\/2023\/03\/IMG_2683-700x467.jpg\" alt=\"\" data-id=\"349099\" data-full-url=\"https:\/\/www.mendoza.gov.ar\/wp-content\/uploads\/sites\/5\/2023\/03\/IMG_2683.jpg\" data-link=\"https:\/\/www.mendoza.gov.ar\/prensa\/?attachment_id=349099\" class=\"wp-image-349099 img-responsive center-block\" srcset=\"https:\/\/www.mendoza.gov.ar\/wp-content\/uploads\/sites\/5\/2023\/03\/IMG_2683-700x467.jpg 700w, https:\/\/www.mendoza.gov.ar\/wp-content\/uploads\/sites\/5\/2023\/03\/IMG_2683-250x167.jpg 250w, https:\/\/www.mendoza.gov.ar\/wp-content\/uploads\/sites\/5\/2023\/03\/IMG_2683-768x512.jpg 768w, https:\/\/www.mendoza.gov.ar\/wp-content\/uploads\/sites\/5\/2023\/03\/IMG_2683-1536x1024.jpg 1536w, https:\/\/www.mendoza.gov.ar\/wp-content\/uploads\/sites\/5\/2023\/03\/IMG_2683-2048x1365.jpg 2048w, https:\/\/www.mendoza.gov.ar\/wp-content\/uploads\/sites\/5\/2023\/03\/IMG_2683-120x80.jpg 120w\" sizes=\"(max-width: 700px) 100vw, 700px\"><\/figure><\/li><li class=\"blocks-gallery-item\"><figure><img loading=\"lazy\" width=\"700\" height=\"467\" src=\"https:\/\/www.mendoza.gov.ar\/wp-content\/uploads\/sites\/5\/2023\/03\/IMG_2918-700x467.jpg\" alt=\"\" data-id=\"349100\" data-full-url=\"https:\/\/www.mendoza.gov.ar\/wp-content\/uploads\/sites\/5\/2023\/03\/IMG_2918.jpg\" data-link=\"https:\/\/www.mendoza.gov.ar\/prensa\/?attachment_id=349100\" class=\"wp-image-349100 img-responsive center-block\" srcset=\"https:\/\/www.mendoza.gov.ar\/wp-content\/uploads\/sites\/5\/2023\/03\/IMG_2918-700x467.jpg 700w, https:\/\/www.mendoza.gov.ar\/wp-content\/uploads\/sites\/5\/2023\/03\/IMG_2918-250x167.jpg 250w, https:\/\/www.mendoza.gov.ar\/wp-content\/uploads\/sites\/5\/2023\/03\/IMG_2918-768x512.jpg 768w, https:\/\/www.mendoza.gov.ar\/wp-content\/uploads\/sites\/5\/2023\/03\/IMG_2918-1536x1024.jpg 1536w, https:\/\/www.mendoza.gov.ar\/wp-content\/uploads\/sites\/5\/2023\/03\/IMG_2918-2048x1365.jpg 2048w, https:\/\/www.mendoza.gov.ar\/wp-content\/uploads\/sites\/5\/2023\/03\/IMG_2918-120x80.jpg 120w\" sizes=\"(max-width: 700px) 100vw, 700px\"><\/figure><\/li><li class=\"blocks-gallery-item\"><figure><img loading=\"lazy\" width=\"700\" height=\"467\" src=\"https:\/\/www.mendoza.gov.ar\/wp-content\/uploads\/sites\/5\/2023\/03\/IMG_2627-700x467.jpg\" alt=\"\" data-id=\"349101\" data-full-url=\"https:\/\/www.mendoza.gov.ar\/wp-content\/uploads\/sites\/5\/2023\/03\/IMG_2627.jpg\" data-link=\"https:\/\/www.mendoza.gov.ar\/prensa\/?attachment_id=349101\" class=\"wp-image-349101 img-responsive center-block\" srcset=\"https:\/\/www.mendoza.gov.ar\/wp-content\/uploads\/sites\/5\/2023\/03\/IMG_2627-700x467.jpg 700w, https:\/\/www.mendoza.gov.ar\/wp-content\/uploads\/sites\/5\/2023\/03\/IMG_2627-250x167.jpg 250w, https:\/\/www.mendoza.gov.ar\/wp-content\/uploads\/sites\/5\/2023\/03\/IMG_2627-768x512.jpg 768w, https:\/\/www.mendoza.gov.ar\/wp-content\/uploads\/sites\/5\/2023\/03\/IMG_2627-1536x1024.jpg 1536w, https:\/\/www.mendoza.gov.ar\/wp-content\/uploads\/sites\/5\/2023\/03\/IMG_2627-2048x1365.jpg 2048w, https:\/\/www.mendoza.gov.ar\/wp-content\/uploads\/sites\/5\/2023\/03\/IMG_2627-120x80.jpg 120w\" sizes=\"(max-width: 700px) 100vw, 700px\"><\/figure><\/li><li class=\"blocks-gallery-item\"><figure><img loading=\"lazy\" width=\"700\" height=\"467\" src=\"https:\/\/www.mendoza.gov.ar\/wp-content\/uploads\/sites\/5\/2023\/03\/IMG_2613-700x467.jpg\" alt=\"\" data-id=\"349102\" data-full-url=\"https:\/\/www.mendoza.gov.ar\/wp-content\/uploads\/sites\/5\/2023\/03\/IMG_2613.jpg\" data-link=\"https:\/\/www.mendoza.gov.ar\/prensa\/?attachment_id=349102\" class=\"wp-image-349102 img-responsive center-block\" srcset=\"https:\/\/www.mendoza.gov.ar\/wp-content\/uploads\/sites\/5\/2023\/03\/IMG_2613-700x467.jpg 700w, https:\/\/www.mendoza.gov.ar\/wp-content\/uploads\/sites\/5\/2023\/03\/IMG_2613-250x167.jpg 250w, https:\/\/www.mendoza.gov.ar\/wp-content\/uploads\/sites\/5\/2023\/03\/IMG_2613-768x512.jpg 768w, https:\/\/www.mendoza.gov.ar\/wp-content\/uploads\/sites\/5\/2023\/03\/IMG_2613-1536x1024.jpg 1536w, https:\/\/www.mendoza.gov.ar\/wp-content\/uploads\/sites\/5\/2023\/03\/IMG_2613-2048x1365.jpg 2048w, https:\/\/www.mendoza.gov.ar\/wp-content\/uploads\/sites\/5\/2023\/03\/IMG_2613-120x80.jpg 120w\" sizes=\"(max-width: 700px) 100vw, 700px\"><\/figure><\/li><li class=\"blocks-gallery-item\"><figure><img loading=\"lazy\" width=\"700\" height=\"467\" src=\"https:\/\/www.mendoza.gov.ar\/wp-content\/uploads\/sites\/5\/2023\/03\/IMG_2580-700x467.jpg\" alt=\"\" data-id=\"349103\" data-full-url=\"https:\/\/www.mendoza.gov.ar\/wp-content\/uploads\/sites\/5\/2023\/03\/IMG_2580.jpg\" data-link=\"https:\/\/www.mendoza.gov.ar\/prensa\/?attachment_id=349103\" class=\"wp-image-349103 img-responsive center-block\" srcset=\"https:\/\/www.mendoza.gov.ar\/wp-content\/uploads\/sites\/5\/2023\/03\/IMG_2580-700x467.jpg 700w, https:\/\/www.mendoza.gov.ar\/wp-content\/uploads\/sites\/5\/2023\/03\/IMG_2580-250x167.jpg 250w, https:\/\/www.mendoza.gov.ar\/wp-content\/uploads\/sites\/5\/2023\/03\/IMG_2580-768x512.jpg 768w, https:\/\/www.mendoza.gov.ar\/wp-content\/uploads\/sites\/5\/2023\/03\/IMG_2580-1536x1024.jpg 1536w, https:\/\/www.mendoza.gov.ar\/wp-content\/uploads\/sites\/5\/2023\/03\/IMG_2580-2048x1365.jpg 2048w, https:\/\/www.mendoza.gov.ar\/wp-content\/uploads\/sites\/5\/2023\/03\/IMG_2580-120x80.jpg 120w\" sizes=\"(max-width: 700px) 100vw, 700px\"><\/figure><\/li><\/ul><\/figure>\n<\/body><\/html>\n","protected":false},"excerpt":{"rendered":"El tradicional Carrusel llen&oacute; de alegr&iacute;a y color las calles del microcentro de Mendoza. Una multitud de turistas y mendocinos pudieron disfrutar de este desfile de carros, reinas, centros tradicionalistas, las comparsas de las colectividades, las reinas invitadas de distintos lugares del pa&iacute;s y personajes representativos de esta provincia. Una vez que el Gobernador, Rodolfo&#8230; <a class=\"view-article\" href=\"https:\/\/www.mendoza.gov.ar\/prensa\/la-alegria-del-carrusel-invadio-la-previa-de-la-fiesta-maxima-de-los-mendocinos\/\"><\/a>","protected":false},"author":62,"featured_media":349100,"comment_status":"open","ping_status":"open","sticky":false,"template":"","format":"standard","meta":[],"categories":[8,37,3000],"tags":[],"_links":{"self":[{"href":"https:\/\/www.mendoza.gov.ar\/prensa\/wp-json\/wp\/v2\/posts\/349086"}],"collection":[{"href":"https:\/\/www.mendoza.gov.ar\/prensa\/wp-json\/wp\/v2\/posts"}],"about":[{"href":"https:\/\/www.mendoza.gov.ar\/prensa\/wp-json\/wp\/v2\/types\/post"}],"author":[{"embeddable":true,"href":"https:\/\/www.mendoza.gov.ar\/prensa\/wp-json\/wp\/v2\/users\/62"}],"replies":[{"embeddable":true,"href":"https:\/\/www.mendoza.gov.ar\/prensa\/wp-json\/wp\/v2\/comments?post=349086"}],"version-history":[{"count":12,"href":"https:\/\/www.mendoza.gov.ar\/prensa\/wp-json\/wp\/v2\/posts\/349086\/revisions"}],"predecessor-version":[{"id":349121,"href":"https:\/\/www.mendoza.gov.ar\/prensa\/wp-json\/wp\/v2\/posts\/349086\/revisions\/349121"}],"wp:featuredmedia":[{"embeddable":true,"href":"https:\/\/www.mendoza.gov.ar\/prensa\/wp-json\/wp\/v2\/media\/349100"}],"wp:attachment":[{"href":"https:\/\/www.mendoza.gov.ar\/prensa\/wp-json\/wp\/v2\/media?parent=349086"}],"wp:term":[{"taxonomy":"category","embeddable":true,"href":"https:\/\/www.mendoza.gov.ar\/prensa\/wp-json\/wp\/v2\/categories?post=349086"},{"taxonomy":"post_tag","embeddable":true,"href":"https:\/\/www.mendoza.gov.ar\/prensa\/wp-json\/wp\/v2\/tags?post=349086"}],"curies":[{"name":"wp","href":"https:\/\/api.w.org\/{rel}","templated":true}]}}