{"id":349252,"date":"2023-03-04T23:35:08","date_gmt":"2023-03-05T02:35:08","guid":{"rendered":"https:\/\/www.mendoza.gov.ar\/prensa\/?p=349252"},"modified":"2023-03-05T08:04:46","modified_gmt":"2023-03-05T11:04:46","slug":"juglares-de-vendimia-un-canto-a-la-naturaleza-el-espectaculo-que-celebro-los-60-anos-de-las-fiestas-en-el-teatro-griego","status":"publish","type":"post","link":"https:\/\/www.mendoza.gov.ar\/prensa\/juglares-de-vendimia-un-canto-a-la-naturaleza-el-espectaculo-que-celebro-los-60-anos-de-las-fiestas-en-el-teatro-griego\/","title":{"rendered":"\u201cJuglares de Vendimia, un canto a la naturaleza\u201d, el espect\u00e1culo que celebr\u00f3 los 60 a\u00f1os de las fiestas en el teatro griego"},"content":{"rendered":"<!DOCTYPE html PUBLIC \"-\/\/W3C\/\/DTD HTML 4.0 Transitional\/\/EN\" \"http:\/\/www.w3.org\/TR\/REC-html40\/loose.dtd\">\n<html><body><h5>Con un potente despliegue coreogr&aacute;fico con el sello de su joven director, un sentido mensaje ecol&oacute;gico y el poderoso protagonismo de la m&uacute;sica, la Fiesta Nacional de la Vendimia 2023 desarroll&oacute; una puesta integral donde el arte confluy&oacute; en armon&iacute;a con sus distintas formas.<\/h5>\n\n\n\n<p>La voz de los juglares en el desarrollo de la historia es la voz de los artistas que l&uacute;dicamente buscan transmitir un mensaje. Por eso, en <em>Juglares de Vendimia, un canto a la naturaleza,<\/em> son estos personajes los responsables de llevarle a la Madre Naturaleza un recado esperanzador, para que su hija la Vendimia no se quede sin cosecha y vino nuevo.<\/p>\n\n\n\n<p>Esa es la g&eacute;nesis po&eacute;tica de la que parti&oacute; Jorgelina Flores, su guionista, para desarrollar una historia vendimial que tan virtuosamente plasm&oacute; Franco Ag&uuml;ero. El director no solo ser&aacute; recordado por ser quien tom&oacute; la batuta mayor de la Fiesta Nacional de la Vendimia al cumplirse los 60 a&ntilde;os de las fiestas en el Teatro Frank Romero Day. Adem&aacute;s, registrar&aacute; su nombre en la historia por ser el director m&aacute;s joven al frente de la Fiesta hasta el momento. <\/p>\n\n\n\n<p>Con ese desaf&iacute;o, redobl&oacute; el compromiso y despleg&oacute; una puesta vanguardista, en la cual no solo los bailarines y bailarinas completaron cuadros coreogr&aacute;ficos impregnados de gran sentido, sino que tuvo un importante despliegue de utiler&iacute;a, con figuras de protagonismo creciente.<\/p>\n\n\n\n<p>Indudablemente, el sello innovador fue aportado por la fusi&oacute;n de la Murga La Buena Moza, con la potente orquesta sinf&oacute;nica y criolla y su repertorio de musical original. Son el &ldquo;canto&rdquo; a la Naturaleza y la v&iacute;a elegida para hacer llegar el mensaje. <\/p>\n\n\n\n<p>Las interpretaciones de la murga y su tono caracter&iacute;stico se adaptaron al desarrollo con una naturalidad asombrosa, haciendo un aporte esencial en la gestaci&oacute;n de una nueva manera de relatar un historia vendimial.<\/p>\n\n\n\n<p>Los Juglares son la base de toda la historia. El Juglar de la Historia, comediante rom&aacute;ntico de la cronolog&iacute;a de los hechos; la Juglar de la Monta&ntilde;a, valiente y altiva, con sus c&oacute;ndores en guardia; el Juglar de los Vi&ntilde;edos, intr&eacute;pido y vigoroso; la Juglar de la Bodega, bella, encantadora y risue&ntilde;a; la Juglar de la Fe, alquimista sagrada de las creencias, y el Juglar de los Terru&ntilde;os, seguro, fuerte y decidido. Todos responsables de la gran celebraci&oacute;n que los convoca, el nacimiento de un nuevo vino. <\/p>\n\n\n\n<p>All&iacute; se revela el foco argumental profundo, una Madre Naturaleza muy molesta por el descuido con que los seres humanos tratan al planeta y su hija, la Vendimia, que emprende la misi&oacute;n de demostrarle a su madre el valor de su sagrada presencia. Y as&iacute; se van desgranando los distintos cuadros vendimiales, ofreciendo las peculiares intervenciones con las que cada juglar intenta convencer a los presentes y a la Madre Naturaleza de que no todo est&aacute; perdido, que hay que adaptarse a nuevas realidades y operar el cambio. <\/p>\n\n\n\n<p>El canto y la m&uacute;sica son recursos preciosos de los que se sirven los juglares, que atraviesan los cuadros interpelado art&iacute;stica y vitalmente a todos y todas.<\/p>\n\n\n\n<p>En <em>Juglares de vendimia, un canto a la naturaleza, <\/em>el g&eacute;nero vendimial ha encontrado nuevos recursos expresivos y nuevos temas.<\/p>\n\n\n\n<p>El ensamble orquestal, con la direcci&oacute;n conjunta de Jos&eacute; Dar&iacute;o Maugeri y Nicol&aacute;s Palma, merece un p&aacute;rrafo aparte. A partir de su integraci&oacute;n, que mixtur&oacute; a j&oacute;venes en su primera Vendimia con artistas reconocidos y de mucho recorrido, supo ofrecer un conjunto de ejecuciones exquisitas y precisas, con un repertorio que exhibi&oacute; un delicado equilibrio entre aires folcl&oacute;ricos con melod&iacute;as sinf&oacute;nicas. Construy&oacute; una gran actuaci&oacute;n, que no hizo m&aacute;s que ratificar el nivel art&iacute;stico y el talento musical que florece en Mendoza.<\/p>\n\n\n\n<p>Los cuadros con bailarines y bailarinas hicieron vibrar a los y las presentes, con danzas t&iacute;picas y modernas y con un vestuario bocetado con exactitud y concretado con precisi&oacute;n, de la mano de Adri&aacute;n Di Carlo.<\/p>\n\n\n\n<p>Otro de los lujos de la fiesta fue la utiler&iacute;a mayor y menor, a cargo de Rodolfo Carmona. As&iacute;, el p&uacute;blico brind&oacute; una ovaci&oacute;n emotiva en uno de los momentos m&aacute;s impactantes de la fiesta: la aparici&oacute;n de los c&oacute;ndores, animales emblem&aacute;ticos de nuestra tierra y cargados de simbolismo en esta obra. Los c&oacute;ndores, al borde de la extinci&oacute;n, calientan con el batir de alas las nieves, para provocar el deshielo que dar&aacute; agua a esta tierra sedienta y as&iacute; permitirle parir frutos.<\/p>\n\n\n\n<p><strong>Una s&iacute;ntesis de la Fiesta<\/strong><\/p>\n\n\n\n<p>Con sonoros latidos, bajo las estrellas y sus constelaciones, en un teatro griego que abraz&oacute; su magn&iacute;fica arquitectura, comenzaron los cantos de La Buena Moza, al inicio de la noche. Una presencia que gratamente permaneci&oacute; y que gust&oacute; por su sello inigualable, ahora hecho vendimia.<\/p>\n\n\n\n<p>Los juglares, luego comenzaron a desprender sus mensajes, ataviados en sus coloridos trajes, seduciendo a los espectadores con su histrionismo, para lograr ser identificados en sus prop&oacute;sitos y misiones. De repente, como suceden los infortunios, los juglares descubrieron que el sabor del vino era distinto. La dulzura y composici&oacute;n delataron una transformaci&oacute;n inesperada, que no respondi&oacute; al agrado de sus paladares. Asombrados y afligidos, comenzaron a cuestionarse lo sucedido. En ese instante, la otra protagonista, La Vendimia, se alz&oacute; con su voz dolida e interrog&oacute; qu&eacute; hab&iacute;a acontecido.<\/p>\n\n\n\n<p>Atenta a las respuestas temerosas de los juglares, les advirti&oacute; que pronto vendr&iacute;a su madre, la Naturaleza, a la celebraci&oacute;n, y que tendr&iacute;a que dar las explicaciones necesarias para justificar este inconveniente. De esta manera, la Madre Naturaleza se present&oacute; y mostr&oacute; su descontento: &ldquo;Han arremetido contra las leyes naturales del Universo&rdquo;. Su preocupaci&oacute;n por cada hecho irresponsable de sus hijos, que lastimaron sus campos y sus r&iacute;os, fauna y flora y climas, tom&oacute; la forma de ira, en fuegos e inclemencias. Una descripci&oacute;n que fue traducida en cuadros con fuerte protagonismo coreogr&aacute;fico.<\/p>\n\n\n\n<p>La Vendimiaintercede junto a los juglares para iniciar un viaje a los principios de la existencia, solicitando otra oportunidad para la toma de conciencia. As&iacute;, el Juglar de la Vi&ntilde;edos muestra su participaci&oacute;n en la maduraci&oacute;n que necesita alcanzar cada racimo, para aprobarse la cosecha, fase determinante la Vendimia, aun dadas las inclemencias de una ecolog&iacute;a adormecida. La Naturaleza decide entonces dirigirse hacia donde nace el tesoro del agua y es recibida por La Trovadora de las Monta&ntilde;as. Custodia de las cumbres junto a sus c&oacute;ndores, quienes abrazaron las nieves para el nacimiento de cada cuenca cristalina.<\/p>\n\n\n\n<p>A continuaci&oacute;n de ese encuentro fundamental, el Juglar de la Historia se hizo presente. Invita a La Naturaleza a retroceder en los tiempos y all&iacute; se observa al General San Mart&iacute;n, una tarde mendocina en su casa, demostrando las cualidades y admiraci&oacute;n que ten&iacute;a al vino de nuestra provincia. Un momento que, con el recurso de un peque&ntilde;o largometraje, muestra al General haci&eacute;ndoles una jugarreta a los espa&ntilde;oles. Demuestra, cambiando unas etiquetas, que los nuestros son los mejores vinos del mundo. Un momento reconstruido con investigaci&oacute;n hist&oacute;rica, con logradas actuaciones y que aport&oacute; aplausos continuos.<\/p>\n\n\n\n<p>Posteriormente, fuimos testigos del encuentro sublime entre el General y la Patrona de los Vi&ntilde;edos, la Virgen de la Carrodilla. Culmina en una liturgia de fe y esperanza, sostenida desde la contemplaci&oacute;n, los sue&ntilde;os y sacrificios, aunados en resiliencia y coraje, para proteger y acompa&ntilde;ar la evoluci&oacute;n de La Vendimia.<\/p>\n\n\n\n<p>De esta forma, sucesiones de acontecimientos interpelaron a la Madre Naturaleza, como lo hizo la Juglar de la Bodega. En este cuadro se presentaron las variedades de nuestros vinos y su promoci&oacute;n al mundo, una ventana que nos conecta internacionalmente entre las mejores industrias del planeta.<\/p>\n\n\n\n<p>Y, al sortear las dificultades, para gestar una nueva conciencia y congruencia, se posibilita un nuevo comienzo. Una ofrenda vital para una Mendoza renaciente en proyecci&oacute;n y evoluci&oacute;n, haciendo consciente nuestro compromiso, lealtad y protecci&oacute;n a nuestra tierra natal. Una Vendimia que nos invit&oacute; a reflejarnos en nuestro maravilloso oasis, siendo jardines, mensajeros y custodios, eslabones de una humanidad arm&oacute;nica, saludable y vital.<\/p>\n\n\n\n<p><strong>El staff<\/strong><\/p>\n\n\n\n<p>Director general: Franco Ag&uuml;ero<br>Guion: Jorgelina Flores<br>Director audiovisual: Sergio S&aacute;nchez<br>Directora coreogr&aacute;fica: Paula Barbuzza<br>Directora de actores: Olga Graciela Lopresti<br>Directores musicales: Jos&eacute; Dar&iacute;o Maugeri y Nicol&aacute;s Palma<br>Responsables de idea escenogr&aacute;fica: Mar&iacute;a Claudina Gomensoro y Florencia Garc&iacute;a Alcaraz<br>Responsable de cajas lum&iacute;nicas: Felipe Santiago Gerardi<br>Jefe t&eacute;cnico: Enrique Poblete<br>Asistente de iluminaci&oacute;n: Nicol&aacute;s Alberto Carrasco<br>Asistente de sonido: Fernando Cremaschi<br>Responsable de efectos especiales: Rafael Sebasti&aacute;n Navarta<br>Jefe de vestuario y maquillaje: Ra&uacute;l Adri&aacute;n Di Carlo<br>Asistente de maquillaje: Sergio Ricardo Sotelo Montoya<br>Responsable de utiler&iacute;a menor y\/o mayor: Rodolfo Isaac Carmona<br>Asistente de direcci&oacute;n audiovisual: Marcelo Juli&aacute;n Rivero Pallucchini<br>Productora ejecutiva: Sara Ver&oacute;n<br>Asistente de producci&oacute;n ejecutiva: Guillermo Walter G&oacute;mez<br>Jefe de traspuntes: Eduardo Alejandro Ortiz<br>Asistentes coreogr&aacute;ficos de folclore: Germ&aacute;n Ariel Aciar y Adri&aacute;n Jes&uacute;s Emiliano Aciar<br>Asistente coreogr&aacute;fico de contempor&aacute;neo: Rodrigo Gast&oacute;n Garro<\/p>\n\n\n\n<p><strong>La Fiesta en n&uacute;meros<\/strong><\/p>\n\n\n\n<p>1.050 artistas en escena<br>400 bailarines\/as folcl&oacute;ricos; 30 bailarines\/as folcl&oacute;ricos adultos (51 a 65 a&ntilde;os); 22 bailarines\/as con discapacidad; 200 bailarines\/as contempor&aacute;neos; 250 bctores y actrices; 16 bctores y actrices con discapacidad; 8 bolistas; 50 m&uacute;sicos; 12 jefes de boca; 20 traspuntes; 30 traspuntes utileros y 12 monitores.<\/p>\n\n\n\n<p><strong>La orquesta<\/strong><\/p>\n\n\n\n<p>El ensamble ejecut&oacute; en vivo la partitura de Juglares de Vendimia, un canto a la naturaleza. Con 52 int&eacute;rpretes de orquestaci&oacute;n sinf&oacute;nica y popular, 48 instrumentistas; 6 cantantes y la murga La Buena Moza, con 3 percusionistas y 17 cantantes.<\/p>\n\n\n\n<p><strong>3.400m2 de escenario<\/strong><\/p>\n\n\n\n<p>5 escenarios, pasarelas y rampas de acceso por donde transitan los artistas y el escenario de los m&uacute;sicos. Integrado por cajas lum&iacute;nicas, torres de iluminaci&oacute;n y sonido, pantallas institucionales para transmisi&oacute;n audiovisual y el escenario de m&uacute;sicos que estuvo en un lateral destacado de la puesta.<\/p>\n\n\n\n<p>650 m de cajas lum&iacute;nicas, Patrimonio Cultural de Mendoza<br>260 luminarias robotizadas<br>520 luminarias fijas<br>240 estructuras de aluminio<br>8 seguidores<br>2 consolas alemanas<br>16 m&aacute;quinas de humo<br>36 motores para izamiento de estructuras<br>40 personas para montaje<br>8 camiones semirremolque de equipamiento<br>820.000 watts en corriente para el total del equipo<\/p>\n\n\n\n<p><strong>Sonido inmersivo<\/strong><\/p>\n\n\n\n<p>Sonido 3D, una experiencia tridimensional que gener&oacute; una atm&oacute;sfera envolvente. Fue creado con base en la integraci&oacute;n de nuevas tecnolog&iacute;as y con equipos cada vez m&aacute;s avanzados.<\/p>\n\n\n\n<p><strong>Realidad aumentada<\/strong><\/p>\n\n\n\n<p>Con el objetivo de mejorar la puesta visual, <em>realidad aumentada<\/em> se denomina a una serie de tecnolog&iacute;as que permiten superponer elementos virtuales sobre las im&aacute;genes del entorno. Un salto de calidad en la puesta visual de la Vendimia. La experiencia fue trasmitida por la se&ntilde;al &uacute;nica, la pantalla de<em> Acequia TV <\/em>y en las pantallas ubicadas en el Teatro Griego Frank Romero Day.<\/p>\n\n\n\n<figure class=\"wp-block-gallery columns-3\"><ul class=\"blocks-gallery-grid\"><li class=\"blocks-gallery-item\"><figure><a href=\"https:\/\/www.mendoza.gov.ar\/wp-content\/uploads\/sites\/5\/2023\/03\/IMG_3492-700x467.jpg\"><img loading=\"lazy\" width=\"700\" height=\"467\" src=\"https:\/\/www.mendoza.gov.ar\/wp-content\/uploads\/sites\/5\/2023\/03\/IMG_3492-700x467.jpg\" alt=\"\" data-id=\"349254\" data-link=\"https:\/\/www.mendoza.gov.ar\/prensa\/?attachment_id=349254\" class=\"wp-image-349254 img-responsive center-block\" srcset=\"https:\/\/www.mendoza.gov.ar\/wp-content\/uploads\/sites\/5\/2023\/03\/IMG_3492-700x467.jpg 700w, https:\/\/www.mendoza.gov.ar\/wp-content\/uploads\/sites\/5\/2023\/03\/IMG_3492-250x167.jpg 250w, https:\/\/www.mendoza.gov.ar\/wp-content\/uploads\/sites\/5\/2023\/03\/IMG_3492-768x512.jpg 768w, https:\/\/www.mendoza.gov.ar\/wp-content\/uploads\/sites\/5\/2023\/03\/IMG_3492-1536x1024.jpg 1536w, https:\/\/www.mendoza.gov.ar\/wp-content\/uploads\/sites\/5\/2023\/03\/IMG_3492-2048x1365.jpg 2048w, https:\/\/www.mendoza.gov.ar\/wp-content\/uploads\/sites\/5\/2023\/03\/IMG_3492-120x80.jpg 120w\" sizes=\"(max-width: 700px) 100vw, 700px\"><\/a><\/figure><\/li><li class=\"blocks-gallery-item\"><figure><a href=\"https:\/\/www.mendoza.gov.ar\/wp-content\/uploads\/sites\/5\/2023\/03\/IMG_3493-1-700x467.jpg\"><img loading=\"lazy\" width=\"700\" height=\"467\" src=\"https:\/\/www.mendoza.gov.ar\/wp-content\/uploads\/sites\/5\/2023\/03\/IMG_3493-1-700x467.jpg\" alt=\"\" data-id=\"349256\" data-link=\"https:\/\/www.mendoza.gov.ar\/prensa\/?attachment_id=349256\" class=\"wp-image-349256 img-responsive center-block\" srcset=\"https:\/\/www.mendoza.gov.ar\/wp-content\/uploads\/sites\/5\/2023\/03\/IMG_3493-1-700x467.jpg 700w, https:\/\/www.mendoza.gov.ar\/wp-content\/uploads\/sites\/5\/2023\/03\/IMG_3493-1-250x167.jpg 250w, https:\/\/www.mendoza.gov.ar\/wp-content\/uploads\/sites\/5\/2023\/03\/IMG_3493-1-768x512.jpg 768w, https:\/\/www.mendoza.gov.ar\/wp-content\/uploads\/sites\/5\/2023\/03\/IMG_3493-1-1536x1024.jpg 1536w, https:\/\/www.mendoza.gov.ar\/wp-content\/uploads\/sites\/5\/2023\/03\/IMG_3493-1-2048x1365.jpg 2048w, https:\/\/www.mendoza.gov.ar\/wp-content\/uploads\/sites\/5\/2023\/03\/IMG_3493-1-120x80.jpg 120w\" sizes=\"(max-width: 700px) 100vw, 700px\"><\/a><\/figure><\/li><li class=\"blocks-gallery-item\"><figure><a href=\"https:\/\/www.mendoza.gov.ar\/wp-content\/uploads\/sites\/5\/2023\/03\/IMG_3500-700x467.jpg\"><img loading=\"lazy\" width=\"700\" height=\"467\" src=\"https:\/\/www.mendoza.gov.ar\/wp-content\/uploads\/sites\/5\/2023\/03\/IMG_3500-700x467.jpg\" alt=\"\" data-id=\"349257\" data-link=\"https:\/\/www.mendoza.gov.ar\/prensa\/?attachment_id=349257\" class=\"wp-image-349257 img-responsive center-block\" srcset=\"https:\/\/www.mendoza.gov.ar\/wp-content\/uploads\/sites\/5\/2023\/03\/IMG_3500-700x467.jpg 700w, https:\/\/www.mendoza.gov.ar\/wp-content\/uploads\/sites\/5\/2023\/03\/IMG_3500-250x167.jpg 250w, https:\/\/www.mendoza.gov.ar\/wp-content\/uploads\/sites\/5\/2023\/03\/IMG_3500-768x512.jpg 768w, https:\/\/www.mendoza.gov.ar\/wp-content\/uploads\/sites\/5\/2023\/03\/IMG_3500-1536x1024.jpg 1536w, https:\/\/www.mendoza.gov.ar\/wp-content\/uploads\/sites\/5\/2023\/03\/IMG_3500-2048x1365.jpg 2048w, https:\/\/www.mendoza.gov.ar\/wp-content\/uploads\/sites\/5\/2023\/03\/IMG_3500-120x80.jpg 120w\" sizes=\"(max-width: 700px) 100vw, 700px\"><\/a><\/figure><\/li><li class=\"blocks-gallery-item\"><figure><a href=\"https:\/\/www.mendoza.gov.ar\/wp-content\/uploads\/sites\/5\/2023\/03\/IMG_3505-700x467.jpg\"><img loading=\"lazy\" width=\"700\" height=\"467\" src=\"https:\/\/www.mendoza.gov.ar\/wp-content\/uploads\/sites\/5\/2023\/03\/IMG_3505-700x467.jpg\" alt=\"\" data-id=\"349258\" data-link=\"https:\/\/www.mendoza.gov.ar\/prensa\/?attachment_id=349258\" class=\"wp-image-349258 img-responsive center-block\" srcset=\"https:\/\/www.mendoza.gov.ar\/wp-content\/uploads\/sites\/5\/2023\/03\/IMG_3505-700x467.jpg 700w, https:\/\/www.mendoza.gov.ar\/wp-content\/uploads\/sites\/5\/2023\/03\/IMG_3505-250x167.jpg 250w, https:\/\/www.mendoza.gov.ar\/wp-content\/uploads\/sites\/5\/2023\/03\/IMG_3505-768x512.jpg 768w, https:\/\/www.mendoza.gov.ar\/wp-content\/uploads\/sites\/5\/2023\/03\/IMG_3505-1536x1024.jpg 1536w, https:\/\/www.mendoza.gov.ar\/wp-content\/uploads\/sites\/5\/2023\/03\/IMG_3505-2048x1365.jpg 2048w, https:\/\/www.mendoza.gov.ar\/wp-content\/uploads\/sites\/5\/2023\/03\/IMG_3505-120x80.jpg 120w\" sizes=\"(max-width: 700px) 100vw, 700px\"><\/a><\/figure><\/li><li class=\"blocks-gallery-item\"><figure><a href=\"https:\/\/www.mendoza.gov.ar\/wp-content\/uploads\/sites\/5\/2023\/03\/IMG_3518-700x467.jpg\"><img loading=\"lazy\" width=\"700\" height=\"467\" src=\"https:\/\/www.mendoza.gov.ar\/wp-content\/uploads\/sites\/5\/2023\/03\/IMG_3518-700x467.jpg\" alt=\"\" data-id=\"349259\" data-link=\"https:\/\/www.mendoza.gov.ar\/prensa\/?attachment_id=349259\" class=\"wp-image-349259 img-responsive center-block\" srcset=\"https:\/\/www.mendoza.gov.ar\/wp-content\/uploads\/sites\/5\/2023\/03\/IMG_3518-700x467.jpg 700w, https:\/\/www.mendoza.gov.ar\/wp-content\/uploads\/sites\/5\/2023\/03\/IMG_3518-250x167.jpg 250w, https:\/\/www.mendoza.gov.ar\/wp-content\/uploads\/sites\/5\/2023\/03\/IMG_3518-768x512.jpg 768w, https:\/\/www.mendoza.gov.ar\/wp-content\/uploads\/sites\/5\/2023\/03\/IMG_3518-1536x1024.jpg 1536w, https:\/\/www.mendoza.gov.ar\/wp-content\/uploads\/sites\/5\/2023\/03\/IMG_3518-2048x1365.jpg 2048w, https:\/\/www.mendoza.gov.ar\/wp-content\/uploads\/sites\/5\/2023\/03\/IMG_3518-120x80.jpg 120w\" sizes=\"(max-width: 700px) 100vw, 700px\"><\/a><\/figure><\/li><li class=\"blocks-gallery-item\"><figure><a href=\"https:\/\/www.mendoza.gov.ar\/wp-content\/uploads\/sites\/5\/2023\/03\/IMG_3542-700x467.jpg\"><img loading=\"lazy\" width=\"700\" height=\"467\" src=\"https:\/\/www.mendoza.gov.ar\/wp-content\/uploads\/sites\/5\/2023\/03\/IMG_3542-700x467.jpg\" alt=\"\" data-id=\"349260\" data-link=\"https:\/\/www.mendoza.gov.ar\/prensa\/?attachment_id=349260\" class=\"wp-image-349260 img-responsive center-block\" srcset=\"https:\/\/www.mendoza.gov.ar\/wp-content\/uploads\/sites\/5\/2023\/03\/IMG_3542-700x467.jpg 700w, https:\/\/www.mendoza.gov.ar\/wp-content\/uploads\/sites\/5\/2023\/03\/IMG_3542-250x167.jpg 250w, https:\/\/www.mendoza.gov.ar\/wp-content\/uploads\/sites\/5\/2023\/03\/IMG_3542-768x512.jpg 768w, https:\/\/www.mendoza.gov.ar\/wp-content\/uploads\/sites\/5\/2023\/03\/IMG_3542-1536x1024.jpg 1536w, https:\/\/www.mendoza.gov.ar\/wp-content\/uploads\/sites\/5\/2023\/03\/IMG_3542-2048x1365.jpg 2048w, https:\/\/www.mendoza.gov.ar\/wp-content\/uploads\/sites\/5\/2023\/03\/IMG_3542-120x80.jpg 120w\" sizes=\"(max-width: 700px) 100vw, 700px\"><\/a><\/figure><\/li><li class=\"blocks-gallery-item\"><figure><a href=\"https:\/\/www.mendoza.gov.ar\/wp-content\/uploads\/sites\/5\/2023\/03\/IMG_3564-700x467.jpg\"><img loading=\"lazy\" width=\"700\" height=\"467\" src=\"https:\/\/www.mendoza.gov.ar\/wp-content\/uploads\/sites\/5\/2023\/03\/IMG_3564-700x467.jpg\" alt=\"\" data-id=\"349261\" data-link=\"https:\/\/www.mendoza.gov.ar\/prensa\/?attachment_id=349261\" class=\"wp-image-349261 img-responsive center-block\" srcset=\"https:\/\/www.mendoza.gov.ar\/wp-content\/uploads\/sites\/5\/2023\/03\/IMG_3564-700x467.jpg 700w, https:\/\/www.mendoza.gov.ar\/wp-content\/uploads\/sites\/5\/2023\/03\/IMG_3564-250x167.jpg 250w, https:\/\/www.mendoza.gov.ar\/wp-content\/uploads\/sites\/5\/2023\/03\/IMG_3564-768x512.jpg 768w, https:\/\/www.mendoza.gov.ar\/wp-content\/uploads\/sites\/5\/2023\/03\/IMG_3564-1536x1024.jpg 1536w, https:\/\/www.mendoza.gov.ar\/wp-content\/uploads\/sites\/5\/2023\/03\/IMG_3564-2048x1365.jpg 2048w, https:\/\/www.mendoza.gov.ar\/wp-content\/uploads\/sites\/5\/2023\/03\/IMG_3564-120x80.jpg 120w\" sizes=\"(max-width: 700px) 100vw, 700px\"><\/a><\/figure><\/li><li class=\"blocks-gallery-item\"><figure><a href=\"https:\/\/www.mendoza.gov.ar\/wp-content\/uploads\/sites\/5\/2023\/03\/IMG_3586-700x467.jpg\"><img loading=\"lazy\" width=\"700\" height=\"467\" src=\"https:\/\/www.mendoza.gov.ar\/wp-content\/uploads\/sites\/5\/2023\/03\/IMG_3586-700x467.jpg\" alt=\"\" data-id=\"349264\" data-link=\"https:\/\/www.mendoza.gov.ar\/prensa\/?attachment_id=349264\" class=\"wp-image-349264 img-responsive center-block\" srcset=\"https:\/\/www.mendoza.gov.ar\/wp-content\/uploads\/sites\/5\/2023\/03\/IMG_3586-700x467.jpg 700w, https:\/\/www.mendoza.gov.ar\/wp-content\/uploads\/sites\/5\/2023\/03\/IMG_3586-250x167.jpg 250w, https:\/\/www.mendoza.gov.ar\/wp-content\/uploads\/sites\/5\/2023\/03\/IMG_3586-768x512.jpg 768w, https:\/\/www.mendoza.gov.ar\/wp-content\/uploads\/sites\/5\/2023\/03\/IMG_3586-1536x1024.jpg 1536w, https:\/\/www.mendoza.gov.ar\/wp-content\/uploads\/sites\/5\/2023\/03\/IMG_3586-2048x1365.jpg 2048w, https:\/\/www.mendoza.gov.ar\/wp-content\/uploads\/sites\/5\/2023\/03\/IMG_3586-120x80.jpg 120w\" sizes=\"(max-width: 700px) 100vw, 700px\"><\/a><\/figure><\/li><li class=\"blocks-gallery-item\"><figure><a href=\"https:\/\/www.mendoza.gov.ar\/wp-content\/uploads\/sites\/5\/2023\/03\/LA7_8232-700x466.jpg\"><img loading=\"lazy\" width=\"700\" height=\"466\" src=\"https:\/\/www.mendoza.gov.ar\/wp-content\/uploads\/sites\/5\/2023\/03\/LA7_8232-700x466.jpg\" alt=\"\" data-id=\"349265\" data-link=\"https:\/\/www.mendoza.gov.ar\/prensa\/?attachment_id=349265\" class=\"wp-image-349265 img-responsive center-block\" srcset=\"https:\/\/www.mendoza.gov.ar\/wp-content\/uploads\/sites\/5\/2023\/03\/LA7_8232-700x466.jpg 700w, https:\/\/www.mendoza.gov.ar\/wp-content\/uploads\/sites\/5\/2023\/03\/LA7_8232-250x166.jpg 250w, https:\/\/www.mendoza.gov.ar\/wp-content\/uploads\/sites\/5\/2023\/03\/LA7_8232-768x511.jpg 768w, https:\/\/www.mendoza.gov.ar\/wp-content\/uploads\/sites\/5\/2023\/03\/LA7_8232-1536x1022.jpg 1536w, https:\/\/www.mendoza.gov.ar\/wp-content\/uploads\/sites\/5\/2023\/03\/LA7_8232-2048x1363.jpg 2048w, https:\/\/www.mendoza.gov.ar\/wp-content\/uploads\/sites\/5\/2023\/03\/LA7_8232-120x80.jpg 120w\" sizes=\"(max-width: 700px) 100vw, 700px\"><\/a><\/figure><\/li><li class=\"blocks-gallery-item\"><figure><a href=\"https:\/\/www.mendoza.gov.ar\/wp-content\/uploads\/sites\/5\/2023\/03\/LA7_8299-700x466.jpg\"><img loading=\"lazy\" width=\"700\" height=\"466\" src=\"https:\/\/www.mendoza.gov.ar\/wp-content\/uploads\/sites\/5\/2023\/03\/LA7_8299-700x466.jpg\" alt=\"\" data-id=\"349266\" data-link=\"https:\/\/www.mendoza.gov.ar\/prensa\/?attachment_id=349266\" class=\"wp-image-349266 img-responsive center-block\" srcset=\"https:\/\/www.mendoza.gov.ar\/wp-content\/uploads\/sites\/5\/2023\/03\/LA7_8299-700x466.jpg 700w, https:\/\/www.mendoza.gov.ar\/wp-content\/uploads\/sites\/5\/2023\/03\/LA7_8299-250x166.jpg 250w, https:\/\/www.mendoza.gov.ar\/wp-content\/uploads\/sites\/5\/2023\/03\/LA7_8299-768x511.jpg 768w, https:\/\/www.mendoza.gov.ar\/wp-content\/uploads\/sites\/5\/2023\/03\/LA7_8299-1536x1022.jpg 1536w, https:\/\/www.mendoza.gov.ar\/wp-content\/uploads\/sites\/5\/2023\/03\/LA7_8299-2048x1363.jpg 2048w, https:\/\/www.mendoza.gov.ar\/wp-content\/uploads\/sites\/5\/2023\/03\/LA7_8299-120x80.jpg 120w\" sizes=\"(max-width: 700px) 100vw, 700px\"><\/a><\/figure><\/li><li class=\"blocks-gallery-item\"><figure><a href=\"https:\/\/www.mendoza.gov.ar\/wp-content\/uploads\/sites\/5\/2023\/03\/LA7_8313-700x466.jpg\"><img loading=\"lazy\" width=\"700\" height=\"466\" src=\"https:\/\/www.mendoza.gov.ar\/wp-content\/uploads\/sites\/5\/2023\/03\/LA7_8313-700x466.jpg\" alt=\"\" data-id=\"349267\" data-link=\"https:\/\/www.mendoza.gov.ar\/prensa\/?attachment_id=349267\" class=\"wp-image-349267 img-responsive center-block\" srcset=\"https:\/\/www.mendoza.gov.ar\/wp-content\/uploads\/sites\/5\/2023\/03\/LA7_8313-700x466.jpg 700w, https:\/\/www.mendoza.gov.ar\/wp-content\/uploads\/sites\/5\/2023\/03\/LA7_8313-250x166.jpg 250w, https:\/\/www.mendoza.gov.ar\/wp-content\/uploads\/sites\/5\/2023\/03\/LA7_8313-768x511.jpg 768w, https:\/\/www.mendoza.gov.ar\/wp-content\/uploads\/sites\/5\/2023\/03\/LA7_8313-1536x1022.jpg 1536w, https:\/\/www.mendoza.gov.ar\/wp-content\/uploads\/sites\/5\/2023\/03\/LA7_8313-2048x1363.jpg 2048w, https:\/\/www.mendoza.gov.ar\/wp-content\/uploads\/sites\/5\/2023\/03\/LA7_8313-120x80.jpg 120w\" sizes=\"(max-width: 700px) 100vw, 700px\"><\/a><\/figure><\/li><li class=\"blocks-gallery-item\"><figure><a href=\"https:\/\/www.mendoza.gov.ar\/wp-content\/uploads\/sites\/5\/2023\/03\/LA7_8547-700x466.jpg\"><img loading=\"lazy\" width=\"700\" height=\"466\" src=\"https:\/\/www.mendoza.gov.ar\/wp-content\/uploads\/sites\/5\/2023\/03\/LA7_8547-700x466.jpg\" alt=\"\" data-id=\"349268\" data-link=\"https:\/\/www.mendoza.gov.ar\/prensa\/?attachment_id=349268\" class=\"wp-image-349268 img-responsive center-block\" srcset=\"https:\/\/www.mendoza.gov.ar\/wp-content\/uploads\/sites\/5\/2023\/03\/LA7_8547-700x466.jpg 700w, https:\/\/www.mendoza.gov.ar\/wp-content\/uploads\/sites\/5\/2023\/03\/LA7_8547-250x166.jpg 250w, https:\/\/www.mendoza.gov.ar\/wp-content\/uploads\/sites\/5\/2023\/03\/LA7_8547-768x511.jpg 768w, https:\/\/www.mendoza.gov.ar\/wp-content\/uploads\/sites\/5\/2023\/03\/LA7_8547-1536x1022.jpg 1536w, https:\/\/www.mendoza.gov.ar\/wp-content\/uploads\/sites\/5\/2023\/03\/LA7_8547-2048x1363.jpg 2048w, https:\/\/www.mendoza.gov.ar\/wp-content\/uploads\/sites\/5\/2023\/03\/LA7_8547-120x80.jpg 120w\" sizes=\"(max-width: 700px) 100vw, 700px\"><\/a><\/figure><\/li><li class=\"blocks-gallery-item\"><figure><a href=\"https:\/\/www.mendoza.gov.ar\/wp-content\/uploads\/sites\/5\/2023\/03\/MA2_0127-700x467.jpg\"><img loading=\"lazy\" width=\"700\" height=\"467\" src=\"https:\/\/www.mendoza.gov.ar\/wp-content\/uploads\/sites\/5\/2023\/03\/MA2_0127-700x467.jpg\" alt=\"\" data-id=\"349271\" data-link=\"https:\/\/www.mendoza.gov.ar\/prensa\/?attachment_id=349271\" class=\"wp-image-349271 img-responsive center-block\" srcset=\"https:\/\/www.mendoza.gov.ar\/wp-content\/uploads\/sites\/5\/2023\/03\/MA2_0127-700x467.jpg 700w, https:\/\/www.mendoza.gov.ar\/wp-content\/uploads\/sites\/5\/2023\/03\/MA2_0127-250x167.jpg 250w, https:\/\/www.mendoza.gov.ar\/wp-content\/uploads\/sites\/5\/2023\/03\/MA2_0127-768x512.jpg 768w, https:\/\/www.mendoza.gov.ar\/wp-content\/uploads\/sites\/5\/2023\/03\/MA2_0127-1536x1024.jpg 1536w, https:\/\/www.mendoza.gov.ar\/wp-content\/uploads\/sites\/5\/2023\/03\/MA2_0127-2048x1365.jpg 2048w, https:\/\/www.mendoza.gov.ar\/wp-content\/uploads\/sites\/5\/2023\/03\/MA2_0127-120x80.jpg 120w\" sizes=\"(max-width: 700px) 100vw, 700px\"><\/a><\/figure><\/li><li class=\"blocks-gallery-item\"><figure><a href=\"https:\/\/www.mendoza.gov.ar\/wp-content\/uploads\/sites\/5\/2023\/03\/MA2_0057-700x467.jpg\"><img loading=\"lazy\" width=\"700\" height=\"467\" src=\"https:\/\/www.mendoza.gov.ar\/wp-content\/uploads\/sites\/5\/2023\/03\/MA2_0057-700x467.jpg\" alt=\"\" data-id=\"349278\" data-link=\"https:\/\/www.mendoza.gov.ar\/prensa\/juglares-de-vendimia-un-canto-a-la-naturaleza-el-espectaculo-que-celebro-los-60-anos-de-las-fiestas-en-el-teatro-griego\/ma2_0057\/\" class=\"wp-image-349278 img-responsive center-block\" srcset=\"https:\/\/www.mendoza.gov.ar\/wp-content\/uploads\/sites\/5\/2023\/03\/MA2_0057-700x467.jpg 700w, https:\/\/www.mendoza.gov.ar\/wp-content\/uploads\/sites\/5\/2023\/03\/MA2_0057-250x167.jpg 250w, https:\/\/www.mendoza.gov.ar\/wp-content\/uploads\/sites\/5\/2023\/03\/MA2_0057-768x512.jpg 768w, https:\/\/www.mendoza.gov.ar\/wp-content\/uploads\/sites\/5\/2023\/03\/MA2_0057-1536x1024.jpg 1536w, https:\/\/www.mendoza.gov.ar\/wp-content\/uploads\/sites\/5\/2023\/03\/MA2_0057-2048x1365.jpg 2048w, https:\/\/www.mendoza.gov.ar\/wp-content\/uploads\/sites\/5\/2023\/03\/MA2_0057-120x80.jpg 120w\" sizes=\"(max-width: 700px) 100vw, 700px\"><\/a><\/figure><\/li><li class=\"blocks-gallery-item\"><figure><a href=\"https:\/\/www.mendoza.gov.ar\/wp-content\/uploads\/sites\/5\/2023\/03\/MA2_0137.jpg\"><img loading=\"lazy\" width=\"700\" height=\"467\" src=\"https:\/\/www.mendoza.gov.ar\/wp-content\/uploads\/sites\/5\/2023\/03\/MA2_0137-700x467.jpg\" alt=\"\" data-id=\"349279\" data-full-url=\"https:\/\/www.mendoza.gov.ar\/wp-content\/uploads\/sites\/5\/2023\/03\/MA2_0137.jpg\" data-link=\"https:\/\/www.mendoza.gov.ar\/prensa\/juglares-de-vendimia-un-canto-a-la-naturaleza-el-espectaculo-que-celebro-los-60-anos-de-las-fiestas-en-el-teatro-griego\/ma2_0137\/\" class=\"wp-image-349279 img-responsive center-block\" srcset=\"https:\/\/www.mendoza.gov.ar\/wp-content\/uploads\/sites\/5\/2023\/03\/MA2_0137-700x467.jpg 700w, https:\/\/www.mendoza.gov.ar\/wp-content\/uploads\/sites\/5\/2023\/03\/MA2_0137-250x167.jpg 250w, https:\/\/www.mendoza.gov.ar\/wp-content\/uploads\/sites\/5\/2023\/03\/MA2_0137-768x512.jpg 768w, https:\/\/www.mendoza.gov.ar\/wp-content\/uploads\/sites\/5\/2023\/03\/MA2_0137-1536x1024.jpg 1536w, https:\/\/www.mendoza.gov.ar\/wp-content\/uploads\/sites\/5\/2023\/03\/MA2_0137-2048x1365.jpg 2048w, https:\/\/www.mendoza.gov.ar\/wp-content\/uploads\/sites\/5\/2023\/03\/MA2_0137-120x80.jpg 120w\" sizes=\"(max-width: 700px) 100vw, 700px\"><\/a><\/figure><\/li><\/ul><\/figure>\n<\/body><\/html>\n","protected":false},"excerpt":{"rendered":"Con un potente despliegue coreogr&aacute;fico con el sello de su joven director, un sentido mensaje ecol&oacute;gico y el poderoso protagonismo de la m&uacute;sica, la Fiesta Nacional de la Vendimia 2023 desarroll&oacute; una puesta integral donde el arte confluy&oacute; en armon&iacute;a con sus distintas formas. La voz de los juglares en el desarrollo de la historia&#8230; <a class=\"view-article\" href=\"https:\/\/www.mendoza.gov.ar\/prensa\/juglares-de-vendimia-un-canto-a-la-naturaleza-el-espectaculo-que-celebro-los-60-anos-de-las-fiestas-en-el-teatro-griego\/\"><\/a>","protected":false},"author":61,"featured_media":349262,"comment_status":"open","ping_status":"open","sticky":false,"template":"","format":"standard","meta":[],"categories":[8,37,2711,3000],"tags":[],"_links":{"self":[{"href":"https:\/\/www.mendoza.gov.ar\/prensa\/wp-json\/wp\/v2\/posts\/349252"}],"collection":[{"href":"https:\/\/www.mendoza.gov.ar\/prensa\/wp-json\/wp\/v2\/posts"}],"about":[{"href":"https:\/\/www.mendoza.gov.ar\/prensa\/wp-json\/wp\/v2\/types\/post"}],"author":[{"embeddable":true,"href":"https:\/\/www.mendoza.gov.ar\/prensa\/wp-json\/wp\/v2\/users\/61"}],"replies":[{"embeddable":true,"href":"https:\/\/www.mendoza.gov.ar\/prensa\/wp-json\/wp\/v2\/comments?post=349252"}],"version-history":[{"count":9,"href":"https:\/\/www.mendoza.gov.ar\/prensa\/wp-json\/wp\/v2\/posts\/349252\/revisions"}],"predecessor-version":[{"id":349295,"href":"https:\/\/www.mendoza.gov.ar\/prensa\/wp-json\/wp\/v2\/posts\/349252\/revisions\/349295"}],"wp:featuredmedia":[{"embeddable":true,"href":"https:\/\/www.mendoza.gov.ar\/prensa\/wp-json\/wp\/v2\/media\/349262"}],"wp:attachment":[{"href":"https:\/\/www.mendoza.gov.ar\/prensa\/wp-json\/wp\/v2\/media?parent=349252"}],"wp:term":[{"taxonomy":"category","embeddable":true,"href":"https:\/\/www.mendoza.gov.ar\/prensa\/wp-json\/wp\/v2\/categories?post=349252"},{"taxonomy":"post_tag","embeddable":true,"href":"https:\/\/www.mendoza.gov.ar\/prensa\/wp-json\/wp\/v2\/tags?post=349252"}],"curies":[{"name":"wp","href":"https:\/\/api.w.org\/{rel}","templated":true}]}}