{"id":349335,"date":"2023-03-05T23:23:49","date_gmt":"2023-03-06T02:23:49","guid":{"rendered":"https:\/\/www.mendoza.gov.ar\/prensa\/?p=349335"},"modified":"2023-03-06T14:02:30","modified_gmt":"2023-03-06T17:02:30","slug":"una-fusion-de-exquisitas-texturas-musicales-abrio-la-primera-repeticion-de-la-fiesta-nacional-de-la-vendimia","status":"publish","type":"post","link":"https:\/\/www.mendoza.gov.ar\/prensa\/una-fusion-de-exquisitas-texturas-musicales-abrio-la-primera-repeticion-de-la-fiesta-nacional-de-la-vendimia\/","title":{"rendered":"Una fusi\u00f3n de exquisitas texturas musicales abri\u00f3 la primera repetici\u00f3n de la Fiesta Nacional de la Vendimia"},"content":{"rendered":"<!DOCTYPE html PUBLIC \"-\/\/W3C\/\/DTD HTML 4.0 Transitional\/\/EN\" \"http:\/\/www.w3.org\/TR\/REC-html40\/loose.dtd\">\n<html><body><h5>En la Primera Repetici&oacute;n de<em> Juglares de la Vendimia, un canto a la naturaleza, <\/em>se rindi&oacute; homenaje a la m&uacute;sica de ra&iacute;z, con un ensamble potente y ecl&eacute;ctico integrado por artistas mendocinos de distintos g&eacute;neros musicales. Emocionante homenaje a Mercedes Sosa y destacada participaci&oacute;n del D&uacute;o Orozco-Barrientos.<\/h5>\n\n\n\n<p>La tarde del domingo, en el Frank Romero Day, comenz&oacute; con una animada previa a cargo de los locutores Patricia Amico, Heliana Mocayar y Emanuel La Terra Spadaro, que recorrieron las gradas del teatro interactuando con el p&uacute;blico.<\/p>\n\n\n\n<p>Los comunicadores conversaron tanto con mendocinos que presenciaban la fiesta m&aacute;xima por primera vez, como con turistas provenientes de provincias como La Pampa, Tucum&aacute;n, Buenos Aires, San Luis, entre otras. Adem&aacute;s, se sumaron turistas internacionales desde Paraguay, Canad&aacute;, Espa&ntilde;a y Brasil, deslumbrados por la majestuosidad de este escenario a cielo abierto y por el despliegue art&iacute;stico de uno de los espect&aacute;culos m&aacute;s destacados del mundo, que es un g&eacute;nero en s&iacute; mismo.<\/p>\n\n\n\n<p>La tarde de lo que fue la Primera Repetici&oacute;n de la Fiesta Nacional de la Vendimia sigui&oacute; con la propuesta musical de la DJ Lorena Iturralde, con un <em>set progressive<\/em> de sonidos profundos, adaptados para dar la bienvenida al p&uacute;blico que poco a poco iba colmando las gradas.<\/p>\n\n\n\n<p><strong>Ensamble innovador y original<\/strong><\/p>\n\n\n\n<p>Uno de los momentos m&aacute;s ovacionados de la previa fue sin dudas la presentaci&oacute;n del ensamble M&uacute;sica de Ra&iacute;z, bajo la direcci&oacute;n de Nicol&aacute;s Diez, Paula Neder y Leandro Lacerna y conformado por m&uacute;sicos y m&uacute;sicas tanto consagrados como j&oacute;venes y talentosos artistas mendocinos.<\/p>\n\n\n\n<p>La propuesta musical recorri&oacute; el cancionero cuyano, argentino y latinoamericano, con temas muy conocidos del repertorio popular, presentados con arreglos electr&oacute;nicos y con la aplicaci&oacute;n de tecnolog&iacute;a audiovisual, mixturando los sonidos con instrumentos tradicionales y presentando al p&uacute;blico una experiencia innovadora y original.<\/p>\n\n\n\n<p>Integraron el ensamble m&uacute;sicos referentes del folclore y tambi&eacute;n provenientes de otros g&eacute;neros. Adem&aacute;s de los directores mencionados, estuvo integrado por Caterina Am&eacute;zaga, Maluko, Francisca Figueroa, Aluh&eacute; Dum&eacute;, PADAWVN, Laureano Busse, &Eacute;rica Golvas, Mail&eacute;n Obrador Purpora, Pedro Vanin y Luis Jara. A ellos se sum&oacute; el consagrad&iacute;simo D&uacute;o Orozco- Barrientos para interpretar algunos cl&aacute;sicos juntos en una fusi&oacute;n musical de elevada calidad musical.<\/p>\n\n\n\n<p><strong>Nicol&aacute;s Diez afirm&oacute;<\/strong>:&nbsp;&ldquo;Fue un proceso precioso que comenz&oacute; con la propuesta del Ministerio de Cultura y Turismo de Mendoza. La idea fue generar un espacio musical relacionado con las m&uacute;sicas folcl&oacute;ricas. Eso mut&oacute; en hacer m&uacute;sica de ra&iacute;z. Armamos un equipo hermoso, si bien est&aacute; a cargo m&iacute;o, esto fue una direcci&oacute;n de a tres junto a Paula Neder. Ella ayud&oacute; a crear y definir el concepto, a elegir el repertorio y Leandro Lacerna puso su impronta en la producci&oacute;n. &Eacute;l es un gran productor, fue el encargado del audio para que suene muy actual. El plan fue fusionar lo org&aacute;nico con lo digital, con un audio muy elaborado.&nbsp;Fue una emoci&oacute;n muy grande que me atraves&oacute; todo el tiempo y nos atraviesa a todos, m&aacute;s en la parte del final donde ya est&aacute;n todas las m&uacute;sicas armadas. Se siente c&oacute;mo resuena el mensaje, uno muy poderoso que nos involucra a todos por esto de conectar con la ra&iacute;z con lo que est&aacute; abajo de nosotros&rdquo;.<\/p>\n\n\n\n<p><strong>Leandro Lacerna<\/strong> ampli&oacute;:&nbsp;&ldquo;El ensamble de M&uacute;sica de Ra&iacute;z se explica por s&iacute; mismo con ese nombre. Son las canciones que nos formaron, que nos conmovieron cuando &eacute;ramos chicos. Como<em> Zamba del riego<\/em> o la <em>Tonada de oto&ntilde;o<\/em>, tambi&eacute;n hubo cueca y gato. Adem&aacute;s, nos pone felices poder hacer un homenaje a Mercedes Sosa, no solamente por nuestra admiraci&oacute;n a ella como cantante sino como difusora de la canci&oacute;n latinoamericana y del mundo. Su forma de ver la m&uacute;sica sin prejuicio de g&eacute;nero, porque ella cantaba folclore pero tambi&eacute;n se met&iacute;a con el rock o con la m&uacute;sica brasilera. Volvemos a esa ense&ntilde;anza que ella nos dej&oacute;, tanto desde el repertorio como desde la t&iacute;mbrica de la banda, con diferentes sonidos donde mezclamos instrumentos org&aacute;nicos, vientos andinos, bombos pero tambi&eacute;n con sintetizadores. Tambi&eacute;n en el ensamble en las voces hay gente de diferentes estilos musicales, de distintas edades y g&eacute;neros. Esa diversidad es un poco lo que nos representa y quisimos eso, traer un nuevo cancionero con este esp&iacute;ritu de las canciones de antes. Renovar y traer nuevas canciones, adem&aacute;s de estas canciones cl&aacute;sicas que tienen que ver con nuestra infancia y con nuestro presente, porque son internas. Tambi&eacute;n hay canciones de artistas mendocinas como Paula Neder, Francisca Figueroa y Sandra Amaya&rdquo;. <\/p>\n\n\n\n<p>Rescat&oacute; adem&aacute;s que se plantearon nexos con varias intervenciones de <em>free style<\/em>, rap, de lo que mostr&oacute; PADAWVN y de Aluhu&eacute; Dum&eacute;, los m&aacute;s j&oacute;venes del equipo, con 21 a&ntilde;os cada uno, siempre demostrando c&oacute;mo se pueden unir los lenguajes musicales sin prejuicio.<\/p>\n\n\n\n<p><strong>Paula Neder <\/strong>en tanto, expres&oacute;:&nbsp;&ldquo;Siento que en este ensamble se destacan varias aristas. La elecci&oacute;n de quienes est&aacute;n arriba del escenario fue la primera elecci&oacute;n. La segunda tuvo que ver con el repertorio. Profundizamos sobre qui&eacute;nes eran las autoras y autores que est&aacute;bamos convocando y trayendo. Las palabras de qui&eacute;nes est&aacute;bamos diciendo, las melod&iacute;as de qui&eacute;nes interpretando. Por ejemplo, Sandra Amaya, una referente nuestra. Tambi&eacute;n una canci&oacute;n de Fran Figueroa, un referente actual, o de &iacute;conos como Violeta Parra y Mar&iacute;a Elena Walsh y alguna canci&oacute;n m&iacute;a. Entonces buscamos no solo desde quienes nos par&aacute;bamos en el escenario, sino desde las palabras de las que dijeron o est&aacute;n diciendo, que est&eacute; ese mensaje&rdquo;.<\/p>\n\n\n\n<p>El repertorio estuvo compuesto por canciones como <em>Ra&iacute;z, Canto, Zamba del riego, Gracias, Pecnectao, Mujeres del mundo, Gracias a la vida, Inconsciente colectivo, La cigarra, Tonada de oto&ntilde;o <\/em>y<em> Yo vengo a ofrecer mi coraz&oacute;n. <\/em>Luego siguieron cl&aacute;sicos como <em>Ojos de cielo, Juana Azurduy, Himno de mi coraz&oacute;n, El amor puede salvar, Los ojos del amor, Viditagua, Celador de sue&ntilde;os <\/em>y <em>El Marucho.<\/em><\/p>\n\n\n\n<p>Ante un p&uacute;blico entusiasmado que ovacion&oacute; la propuesta, las y los j&oacute;venes m&uacute;sicos mendocinos del ensamble de M&uacute;sica de Ra&iacute;z demostraron el inmenso talento de los &nbsp;artistas mendocinos. Evidenciaron tambi&eacute;n que, en esa b&uacute;squeda de identidad sonora como colectivo, el resultado fue una exquisita textura musical.<\/p>\n\n\n\n<figure class=\"wp-block-gallery columns-3\"><ul class=\"blocks-gallery-grid\"><li class=\"blocks-gallery-item\"><figure><a href=\"https:\/\/www.mendoza.gov.ar\/wp-content\/uploads\/sites\/5\/2023\/03\/LA7_8115-700x466.jpg\"><img loading=\"lazy\" width=\"700\" height=\"466\" src=\"https:\/\/www.mendoza.gov.ar\/wp-content\/uploads\/sites\/5\/2023\/03\/LA7_8115-700x466.jpg\" alt=\"\" data-id=\"349340\" data-link=\"https:\/\/www.mendoza.gov.ar\/prensa\/?attachment_id=349340\" class=\"wp-image-349340 img-responsive center-block\" srcset=\"https:\/\/www.mendoza.gov.ar\/wp-content\/uploads\/sites\/5\/2023\/03\/LA7_8115-700x466.jpg 700w, https:\/\/www.mendoza.gov.ar\/wp-content\/uploads\/sites\/5\/2023\/03\/LA7_8115-250x166.jpg 250w, https:\/\/www.mendoza.gov.ar\/wp-content\/uploads\/sites\/5\/2023\/03\/LA7_8115-768x511.jpg 768w, https:\/\/www.mendoza.gov.ar\/wp-content\/uploads\/sites\/5\/2023\/03\/LA7_8115-1536x1022.jpg 1536w, https:\/\/www.mendoza.gov.ar\/wp-content\/uploads\/sites\/5\/2023\/03\/LA7_8115-2048x1363.jpg 2048w, https:\/\/www.mendoza.gov.ar\/wp-content\/uploads\/sites\/5\/2023\/03\/LA7_8115-120x80.jpg 120w\" sizes=\"(max-width: 700px) 100vw, 700px\"><\/a><\/figure><\/li><li class=\"blocks-gallery-item\"><figure><a href=\"https:\/\/www.mendoza.gov.ar\/wp-content\/uploads\/sites\/5\/2023\/03\/IMG_0908-700x467.jpg\"><img loading=\"lazy\" width=\"700\" height=\"467\" src=\"https:\/\/www.mendoza.gov.ar\/wp-content\/uploads\/sites\/5\/2023\/03\/IMG_0908-700x467.jpg\" alt=\"\" data-id=\"349342\" data-link=\"https:\/\/www.mendoza.gov.ar\/prensa\/una-fusion-de-exquisitas-texturas-musicales-abrio-la-primera-repeticion-de-la-fiesta-nacional-de-la-vendimia\/img_0908\/\" class=\"wp-image-349342 img-responsive center-block\" srcset=\"https:\/\/www.mendoza.gov.ar\/wp-content\/uploads\/sites\/5\/2023\/03\/IMG_0908-700x467.jpg 700w, https:\/\/www.mendoza.gov.ar\/wp-content\/uploads\/sites\/5\/2023\/03\/IMG_0908-250x167.jpg 250w, https:\/\/www.mendoza.gov.ar\/wp-content\/uploads\/sites\/5\/2023\/03\/IMG_0908-768x512.jpg 768w, https:\/\/www.mendoza.gov.ar\/wp-content\/uploads\/sites\/5\/2023\/03\/IMG_0908-1536x1024.jpg 1536w, https:\/\/www.mendoza.gov.ar\/wp-content\/uploads\/sites\/5\/2023\/03\/IMG_0908-2048x1366.jpg 2048w, https:\/\/www.mendoza.gov.ar\/wp-content\/uploads\/sites\/5\/2023\/03\/IMG_0908-120x80.jpg 120w\" sizes=\"(max-width: 700px) 100vw, 700px\"><\/a><\/figure><\/li><li class=\"blocks-gallery-item\"><figure><a href=\"https:\/\/www.mendoza.gov.ar\/wp-content\/uploads\/sites\/5\/2023\/03\/IMG_0877-700x467.jpg\"><img loading=\"lazy\" width=\"700\" height=\"467\" src=\"https:\/\/www.mendoza.gov.ar\/wp-content\/uploads\/sites\/5\/2023\/03\/IMG_0877-700x467.jpg\" alt=\"\" data-id=\"349343\" data-link=\"https:\/\/www.mendoza.gov.ar\/prensa\/una-fusion-de-exquisitas-texturas-musicales-abrio-la-primera-repeticion-de-la-fiesta-nacional-de-la-vendimia\/img_0877\/\" class=\"wp-image-349343 img-responsive center-block\" srcset=\"https:\/\/www.mendoza.gov.ar\/wp-content\/uploads\/sites\/5\/2023\/03\/IMG_0877-700x467.jpg 700w, https:\/\/www.mendoza.gov.ar\/wp-content\/uploads\/sites\/5\/2023\/03\/IMG_0877-250x167.jpg 250w, https:\/\/www.mendoza.gov.ar\/wp-content\/uploads\/sites\/5\/2023\/03\/IMG_0877-768x512.jpg 768w, https:\/\/www.mendoza.gov.ar\/wp-content\/uploads\/sites\/5\/2023\/03\/IMG_0877-1536x1024.jpg 1536w, https:\/\/www.mendoza.gov.ar\/wp-content\/uploads\/sites\/5\/2023\/03\/IMG_0877-2048x1366.jpg 2048w, https:\/\/www.mendoza.gov.ar\/wp-content\/uploads\/sites\/5\/2023\/03\/IMG_0877-120x80.jpg 120w\" sizes=\"(max-width: 700px) 100vw, 700px\"><\/a><\/figure><\/li><li class=\"blocks-gallery-item\"><figure><a href=\"https:\/\/www.mendoza.gov.ar\/wp-content\/uploads\/sites\/5\/2023\/03\/IMG_0846-700x467.jpg\"><img loading=\"lazy\" width=\"700\" height=\"467\" src=\"https:\/\/www.mendoza.gov.ar\/wp-content\/uploads\/sites\/5\/2023\/03\/IMG_0846-700x467.jpg\" alt=\"\" data-id=\"349344\" data-link=\"https:\/\/www.mendoza.gov.ar\/prensa\/una-fusion-de-exquisitas-texturas-musicales-abrio-la-primera-repeticion-de-la-fiesta-nacional-de-la-vendimia\/img_0846\/\" class=\"wp-image-349344 img-responsive center-block\" srcset=\"https:\/\/www.mendoza.gov.ar\/wp-content\/uploads\/sites\/5\/2023\/03\/IMG_0846-700x467.jpg 700w, https:\/\/www.mendoza.gov.ar\/wp-content\/uploads\/sites\/5\/2023\/03\/IMG_0846-250x167.jpg 250w, https:\/\/www.mendoza.gov.ar\/wp-content\/uploads\/sites\/5\/2023\/03\/IMG_0846-768x512.jpg 768w, https:\/\/www.mendoza.gov.ar\/wp-content\/uploads\/sites\/5\/2023\/03\/IMG_0846-1536x1024.jpg 1536w, https:\/\/www.mendoza.gov.ar\/wp-content\/uploads\/sites\/5\/2023\/03\/IMG_0846-2048x1366.jpg 2048w, https:\/\/www.mendoza.gov.ar\/wp-content\/uploads\/sites\/5\/2023\/03\/IMG_0846-120x80.jpg 120w\" sizes=\"(max-width: 700px) 100vw, 700px\"><\/a><\/figure><\/li><li class=\"blocks-gallery-item\"><figure><a href=\"https:\/\/www.mendoza.gov.ar\/wp-content\/uploads\/sites\/5\/2023\/03\/IMG_0862-700x467.jpg\"><img loading=\"lazy\" width=\"700\" height=\"467\" src=\"https:\/\/www.mendoza.gov.ar\/wp-content\/uploads\/sites\/5\/2023\/03\/IMG_0862-700x467.jpg\" alt=\"\" data-id=\"349345\" data-link=\"https:\/\/www.mendoza.gov.ar\/prensa\/una-fusion-de-exquisitas-texturas-musicales-abrio-la-primera-repeticion-de-la-fiesta-nacional-de-la-vendimia\/img_0862-2\/\" class=\"wp-image-349345 img-responsive center-block\" srcset=\"https:\/\/www.mendoza.gov.ar\/wp-content\/uploads\/sites\/5\/2023\/03\/IMG_0862-700x467.jpg 700w, https:\/\/www.mendoza.gov.ar\/wp-content\/uploads\/sites\/5\/2023\/03\/IMG_0862-250x167.jpg 250w, https:\/\/www.mendoza.gov.ar\/wp-content\/uploads\/sites\/5\/2023\/03\/IMG_0862-768x512.jpg 768w, https:\/\/www.mendoza.gov.ar\/wp-content\/uploads\/sites\/5\/2023\/03\/IMG_0862-1536x1024.jpg 1536w, https:\/\/www.mendoza.gov.ar\/wp-content\/uploads\/sites\/5\/2023\/03\/IMG_0862-2048x1366.jpg 2048w, https:\/\/www.mendoza.gov.ar\/wp-content\/uploads\/sites\/5\/2023\/03\/IMG_0862-120x80.jpg 120w\" sizes=\"(max-width: 700px) 100vw, 700px\"><\/a><\/figure><\/li><li class=\"blocks-gallery-item\"><figure><a href=\"https:\/\/www.mendoza.gov.ar\/wp-content\/uploads\/sites\/5\/2023\/03\/IMG_0895-700x467.jpg\"><img src=\"https:\/\/www.mendoza.gov.ar\/wp-content\/uploads\/sites\/5\/2023\/03\/IMG_0895-700x467.jpg\" alt=\"\" data-id=\"349347\" data-link=\"https:\/\/www.mendoza.gov.ar\/prensa\/una-fusion-de-exquisitas-texturas-musicales-abrio-la-primera-repeticion-de-la-fiesta-nacional-de-la-vendimia\/img_0895\/\" class=\"wp-image-349347 img-responsive center-block\"><\/a><\/figure><\/li><li class=\"blocks-gallery-item\"><figure><a href=\"https:\/\/www.mendoza.gov.ar\/wp-content\/uploads\/sites\/5\/2023\/03\/20230305173859_IMG_9663-700x467.jpg\"><img loading=\"lazy\" width=\"700\" height=\"467\" src=\"https:\/\/www.mendoza.gov.ar\/wp-content\/uploads\/sites\/5\/2023\/03\/20230305173859_IMG_9663-700x467.jpg\" alt=\"\" data-id=\"349348\" data-link=\"https:\/\/www.mendoza.gov.ar\/prensa\/una-fusion-de-exquisitas-texturas-musicales-abrio-la-primera-repeticion-de-la-fiesta-nacional-de-la-vendimia\/20230305173859_img_9663\/\" class=\"wp-image-349348 img-responsive center-block\" srcset=\"https:\/\/www.mendoza.gov.ar\/wp-content\/uploads\/sites\/5\/2023\/03\/20230305173859_IMG_9663-700x467.jpg 700w, https:\/\/www.mendoza.gov.ar\/wp-content\/uploads\/sites\/5\/2023\/03\/20230305173859_IMG_9663-250x167.jpg 250w, https:\/\/www.mendoza.gov.ar\/wp-content\/uploads\/sites\/5\/2023\/03\/20230305173859_IMG_9663-768x512.jpg 768w, https:\/\/www.mendoza.gov.ar\/wp-content\/uploads\/sites\/5\/2023\/03\/20230305173859_IMG_9663-1536x1024.jpg 1536w, https:\/\/www.mendoza.gov.ar\/wp-content\/uploads\/sites\/5\/2023\/03\/20230305173859_IMG_9663-120x80.jpg 120w, https:\/\/www.mendoza.gov.ar\/wp-content\/uploads\/sites\/5\/2023\/03\/20230305173859_IMG_9663.jpg 1920w\" sizes=\"(max-width: 700px) 100vw, 700px\"><\/a><\/figure><\/li><li class=\"blocks-gallery-item\"><figure><a href=\"https:\/\/www.mendoza.gov.ar\/wp-content\/uploads\/sites\/5\/2023\/03\/20230305173614_IMG_9661-700x467.jpg\"><img loading=\"lazy\" width=\"700\" height=\"467\" src=\"https:\/\/www.mendoza.gov.ar\/wp-content\/uploads\/sites\/5\/2023\/03\/20230305173614_IMG_9661-700x467.jpg\" alt=\"\" data-id=\"349349\" data-link=\"https:\/\/www.mendoza.gov.ar\/prensa\/una-fusion-de-exquisitas-texturas-musicales-abrio-la-primera-repeticion-de-la-fiesta-nacional-de-la-vendimia\/20230305173614_img_9661\/\" class=\"wp-image-349349 img-responsive center-block\" srcset=\"https:\/\/www.mendoza.gov.ar\/wp-content\/uploads\/sites\/5\/2023\/03\/20230305173614_IMG_9661-700x467.jpg 700w, https:\/\/www.mendoza.gov.ar\/wp-content\/uploads\/sites\/5\/2023\/03\/20230305173614_IMG_9661-250x167.jpg 250w, https:\/\/www.mendoza.gov.ar\/wp-content\/uploads\/sites\/5\/2023\/03\/20230305173614_IMG_9661-768x512.jpg 768w, https:\/\/www.mendoza.gov.ar\/wp-content\/uploads\/sites\/5\/2023\/03\/20230305173614_IMG_9661-1536x1024.jpg 1536w, https:\/\/www.mendoza.gov.ar\/wp-content\/uploads\/sites\/5\/2023\/03\/20230305173614_IMG_9661-120x80.jpg 120w, https:\/\/www.mendoza.gov.ar\/wp-content\/uploads\/sites\/5\/2023\/03\/20230305173614_IMG_9661.jpg 1920w\" sizes=\"(max-width: 700px) 100vw, 700px\"><\/a><\/figure><\/li><li class=\"blocks-gallery-item\"><figure><a href=\"https:\/\/www.mendoza.gov.ar\/wp-content\/uploads\/sites\/5\/2023\/03\/IMG_0820-700x467.jpg\"><img loading=\"lazy\" width=\"700\" height=\"467\" src=\"https:\/\/www.mendoza.gov.ar\/wp-content\/uploads\/sites\/5\/2023\/03\/IMG_0820-700x467.jpg\" alt=\"\" data-id=\"349350\" data-link=\"https:\/\/www.mendoza.gov.ar\/prensa\/una-fusion-de-exquisitas-texturas-musicales-abrio-la-primera-repeticion-de-la-fiesta-nacional-de-la-vendimia\/img_0820-2\/\" class=\"wp-image-349350 img-responsive center-block\" srcset=\"https:\/\/www.mendoza.gov.ar\/wp-content\/uploads\/sites\/5\/2023\/03\/IMG_0820-700x467.jpg 700w, https:\/\/www.mendoza.gov.ar\/wp-content\/uploads\/sites\/5\/2023\/03\/IMG_0820-250x167.jpg 250w, https:\/\/www.mendoza.gov.ar\/wp-content\/uploads\/sites\/5\/2023\/03\/IMG_0820-768x512.jpg 768w, https:\/\/www.mendoza.gov.ar\/wp-content\/uploads\/sites\/5\/2023\/03\/IMG_0820-1536x1024.jpg 1536w, https:\/\/www.mendoza.gov.ar\/wp-content\/uploads\/sites\/5\/2023\/03\/IMG_0820-2048x1366.jpg 2048w, https:\/\/www.mendoza.gov.ar\/wp-content\/uploads\/sites\/5\/2023\/03\/IMG_0820-120x80.jpg 120w\" sizes=\"(max-width: 700px) 100vw, 700px\"><\/a><\/figure><\/li><\/ul><\/figure>\n\n\n\n<p><\/p>\n<\/body><\/html>\n","protected":false},"excerpt":{"rendered":"En la Primera Repetici&oacute;n de Juglares de la Vendimia, un canto a la naturaleza, se rindi&oacute; homenaje a la m&uacute;sica de ra&iacute;z, con un ensamble potente y ecl&eacute;ctico integrado por artistas mendocinos de distintos g&eacute;neros musicales. Emocionante homenaje a Mercedes Sosa y destacada participaci&oacute;n del D&uacute;o Orozco-Barrientos. La tarde del domingo, en el Frank Romero&#8230; <a class=\"view-article\" href=\"https:\/\/www.mendoza.gov.ar\/prensa\/una-fusion-de-exquisitas-texturas-musicales-abrio-la-primera-repeticion-de-la-fiesta-nacional-de-la-vendimia\/\"><\/a>","protected":false},"author":61,"featured_media":349347,"comment_status":"open","ping_status":"open","sticky":false,"template":"","format":"standard","meta":[],"categories":[8,37,3000],"tags":[],"_links":{"self":[{"href":"https:\/\/www.mendoza.gov.ar\/prensa\/wp-json\/wp\/v2\/posts\/349335"}],"collection":[{"href":"https:\/\/www.mendoza.gov.ar\/prensa\/wp-json\/wp\/v2\/posts"}],"about":[{"href":"https:\/\/www.mendoza.gov.ar\/prensa\/wp-json\/wp\/v2\/types\/post"}],"author":[{"embeddable":true,"href":"https:\/\/www.mendoza.gov.ar\/prensa\/wp-json\/wp\/v2\/users\/61"}],"replies":[{"embeddable":true,"href":"https:\/\/www.mendoza.gov.ar\/prensa\/wp-json\/wp\/v2\/comments?post=349335"}],"version-history":[{"count":8,"href":"https:\/\/www.mendoza.gov.ar\/prensa\/wp-json\/wp\/v2\/posts\/349335\/revisions"}],"predecessor-version":[{"id":349356,"href":"https:\/\/www.mendoza.gov.ar\/prensa\/wp-json\/wp\/v2\/posts\/349335\/revisions\/349356"}],"wp:featuredmedia":[{"embeddable":true,"href":"https:\/\/www.mendoza.gov.ar\/prensa\/wp-json\/wp\/v2\/media\/349347"}],"wp:attachment":[{"href":"https:\/\/www.mendoza.gov.ar\/prensa\/wp-json\/wp\/v2\/media?parent=349335"}],"wp:term":[{"taxonomy":"category","embeddable":true,"href":"https:\/\/www.mendoza.gov.ar\/prensa\/wp-json\/wp\/v2\/categories?post=349335"},{"taxonomy":"post_tag","embeddable":true,"href":"https:\/\/www.mendoza.gov.ar\/prensa\/wp-json\/wp\/v2\/tags?post=349335"}],"curies":[{"name":"wp","href":"https:\/\/api.w.org\/{rel}","templated":true}]}}