{"id":349428,"date":"2023-03-06T09:32:14","date_gmt":"2023-03-06T12:32:14","guid":{"rendered":"https:\/\/www.mendoza.gov.ar\/prensa\/?p=349428"},"modified":"2023-03-06T12:47:09","modified_gmt":"2023-03-06T15:47:09","slug":"el-huracan-soledad-maravillo-en-la-primera-repeticion-de-la-vendimia","status":"publish","type":"post","link":"https:\/\/www.mendoza.gov.ar\/prensa\/el-huracan-soledad-maravillo-en-la-primera-repeticion-de-la-vendimia\/","title":{"rendered":"El &#8220;hurac\u00e1n&#8221; Soledad maravill\u00f3 en la Primera Repetici\u00f3n de la Vendimia"},"content":{"rendered":"<!DOCTYPE html PUBLIC \"-\/\/W3C\/\/DTD HTML 4.0 Transitional\/\/EN\" \"http:\/\/www.w3.org\/TR\/REC-html40\/loose.dtd\">\n<html><body><h5>La cantante ofreci&oacute; un espect&aacute;culo con su impronta encantadora y enamor&oacute; al p&uacute;blico del teatro griego<\/h5>\n\n\n\n<p>Soledad fue la artista que coron&oacute; la Primera Repetici&oacute;n de la Vendimia y lo hizo con un espect&aacute;culo que demostr&oacute; por qu&eacute; es una de las artistas m&aacute;s queridas y consagradas del pa&iacute;s. El p&uacute;blico vendimial ovacion&oacute; a la cantante, que ofreci&oacute; un recital con sus hits y tambi&eacute;n con canciones folcl&oacute;ricas, rom&aacute;nticas y bailables que fascinaron.<\/p>\n\n\n\n<p>Con un <em>outfit <\/em>negro y un gran sombrero, pasadas las 0 comenzaba su recital, y lo hac&iacute;a en su primer tema acompa&ntilde;ada de bailarines mendocinos que luego siguieron presentes en otras canciones.<\/p>\n\n\n\n<p>En su segunda interpretaci&oacute;n llegaba la pegadiza<em> Tu marca, <\/em>el tema que grab&oacute; con Los Palmeras y que hizo bailar al p&uacute;blico.<\/p>\n\n\n\n<p>&ldquo;Qu&acute;&eacute; lindo estar aqu&iacute; en este lugar tan m&aacute;gico. Este teatro es uno de los escenarios que nos ponen muy nerviosos como banda. Porque sabemos el respeto que le tienen a la Fiesta. Alguna vez de ni&ntilde;a estuve sentada con 8 a&ntilde;os en las gradas y so&ntilde;aba con estar donde estoy hoy. Son los mendocinos uno de los p&uacute;blicos m&aacute;s fieles conmigo. Sepan que sigo siendo yo&rdquo;, dec&iacute;a arrancando el espect&aacute;culo Soledad.&nbsp;Daba as&iacute; paso a uno de sus temas m&aacute;s profundos que la describe en su esencia, precisamente<em> Sigo siendo yo.<\/em><\/p>\n\n\n\n<p>El momento de ponchos en alto lleg&oacute; con el cl&aacute;sico<em> A Don Ata, <\/em>que desat&oacute; interminables aplausos para la inmensa artista. Luego, un homenaje a Atahualpa Yupanqui que siempre es un sello en sus repertorios.<\/p>\n\n\n\n<p>Soledad no quiso dejar de darle su impronta mendocina a su presentaci&oacute;n y as&iacute; fue que lleg&oacute;<em> P&oacute;ngale por las hileras. <\/em>Coreada con emoci&oacute;n por el p&uacute;blico. Todo en el marco de cl&aacute;sicos del folclore, potenciados con su inigualable voz. Inmediatamente interpret&oacute;<em> Calle angosta<\/em> y nuevamente los bailarines mendocinos acompa&ntilde;aron, por todo el escenario, su presentaci&oacute;n con continua ovaci&oacute;n.<\/p>\n\n\n\n<p>Soledad tuvo un segundo cambio de vestuario, con un precioso <em>outfit <\/em>blanco que se ensambl&oacute; con las luces de todo el teatro, que ilumin&oacute; su interpretaci&oacute;n de <em>Tu c&aacute;rcel. <\/em>Fue el inicio de canciones rom&aacute;nticas que endulzaron la noche vendimial. En<em> Yo no te pido la Luna <\/em>baj&oacute; a saludar a todo el p&uacute;blico y all&iacute; acept&oacute; la invitaci&oacute;n a tomar un vinito mendocino que disfrut&oacute; con agrado.<\/p>\n\n\n\n<p>El ritmo m&aacute;s &ldquo;cumbiero&rdquo; lleg&oacute; con <em>Qu&eacute; nadie sepa mi sufrir<\/em> y una sucesi&oacute;n de canciones donde no faltaron temas de Gilda, que hicieron bailar al p&uacute;blico en las gradas y crearon una verdadera fiesta.<\/p>\n\n\n\n<p>Luego, en<em> C&oacute;mo te voy a olvidar<\/em>, comparti&oacute; escenario con dos j&oacute;venes cantantes de su banda. A esa canci&oacute;n sigui&oacute; su cl&aacute;sico<em> L&aacute;grimas y flores, <\/em>siempre con un ritmo festivo. Hacia el final, antes del bis, fue tiempo del gran hit <em>Tren del cielo<\/em>, acompa&ntilde;ado por la gente, que lo cant&oacute; de principio a fin. Luego, al final el bis, y un cierre a la altura de la gigante artista internacional que es Soledad, que ya ha manifestado y sigue demostrando cu&aacute;nto ama pisar suelo mendocino. <\/p>\n\n\n\n<p><strong>GALER&Iacute;A<\/strong><\/p>\n\n\n\n<figure class=\"wp-block-gallery columns-3 is-cropped\"><ul class=\"blocks-gallery-grid\"><li class=\"blocks-gallery-item\"><figure><img loading=\"lazy\" width=\"700\" height=\"467\" src=\"https:\/\/www.mendoza.gov.ar\/wp-content\/uploads\/sites\/5\/2023\/03\/Soledad-Pastoruti-700x467.jpg\" alt=\"\" data-id=\"349433\" data-link=\"https:\/\/www.mendoza.gov.ar\/prensa\/?attachment_id=349433\" class=\"wp-image-349433 img-responsive center-block\" srcset=\"https:\/\/www.mendoza.gov.ar\/wp-content\/uploads\/sites\/5\/2023\/03\/Soledad-Pastoruti-700x467.jpg 700w, https:\/\/www.mendoza.gov.ar\/wp-content\/uploads\/sites\/5\/2023\/03\/Soledad-Pastoruti-250x167.jpg 250w, https:\/\/www.mendoza.gov.ar\/wp-content\/uploads\/sites\/5\/2023\/03\/Soledad-Pastoruti-768x512.jpg 768w, https:\/\/www.mendoza.gov.ar\/wp-content\/uploads\/sites\/5\/2023\/03\/Soledad-Pastoruti-1536x1024.jpg 1536w, https:\/\/www.mendoza.gov.ar\/wp-content\/uploads\/sites\/5\/2023\/03\/Soledad-Pastoruti-2048x1366.jpg 2048w, https:\/\/www.mendoza.gov.ar\/wp-content\/uploads\/sites\/5\/2023\/03\/Soledad-Pastoruti-120x80.jpg 120w\" sizes=\"(max-width: 700px) 100vw, 700px\"><\/figure><\/li><li class=\"blocks-gallery-item\"><figure><img loading=\"lazy\" width=\"700\" height=\"465\" src=\"https:\/\/www.mendoza.gov.ar\/wp-content\/uploads\/sites\/5\/2023\/03\/Soledad-Pastoruti1-700x465.jpg\" alt=\"\" data-id=\"349434\" data-link=\"https:\/\/www.mendoza.gov.ar\/prensa\/?attachment_id=349434\" class=\"wp-image-349434 img-responsive center-block\" srcset=\"https:\/\/www.mendoza.gov.ar\/wp-content\/uploads\/sites\/5\/2023\/03\/Soledad-Pastoruti1-700x465.jpg 700w, https:\/\/www.mendoza.gov.ar\/wp-content\/uploads\/sites\/5\/2023\/03\/Soledad-Pastoruti1-250x166.jpg 250w, https:\/\/www.mendoza.gov.ar\/wp-content\/uploads\/sites\/5\/2023\/03\/Soledad-Pastoruti1-768x510.jpg 768w, https:\/\/www.mendoza.gov.ar\/wp-content\/uploads\/sites\/5\/2023\/03\/Soledad-Pastoruti1-1536x1020.jpg 1536w, https:\/\/www.mendoza.gov.ar\/wp-content\/uploads\/sites\/5\/2023\/03\/Soledad-Pastoruti1-2048x1360.jpg 2048w, https:\/\/www.mendoza.gov.ar\/wp-content\/uploads\/sites\/5\/2023\/03\/Soledad-Pastoruti1-120x80.jpg 120w\" sizes=\"(max-width: 700px) 100vw, 700px\"><\/figure><\/li><li class=\"blocks-gallery-item\"><figure><img loading=\"lazy\" width=\"700\" height=\"467\" src=\"https:\/\/www.mendoza.gov.ar\/wp-content\/uploads\/sites\/5\/2023\/03\/Soledad-Pastoruti2-700x467.jpg\" alt=\"\" data-id=\"349435\" data-full-url=\"https:\/\/www.mendoza.gov.ar\/wp-content\/uploads\/sites\/5\/2023\/03\/Soledad-Pastoruti2.jpg\" data-link=\"https:\/\/www.mendoza.gov.ar\/prensa\/?attachment_id=349435\" class=\"wp-image-349435 img-responsive center-block\" srcset=\"https:\/\/www.mendoza.gov.ar\/wp-content\/uploads\/sites\/5\/2023\/03\/Soledad-Pastoruti2-700x467.jpg 700w, https:\/\/www.mendoza.gov.ar\/wp-content\/uploads\/sites\/5\/2023\/03\/Soledad-Pastoruti2-250x167.jpg 250w, https:\/\/www.mendoza.gov.ar\/wp-content\/uploads\/sites\/5\/2023\/03\/Soledad-Pastoruti2-768x512.jpg 768w, https:\/\/www.mendoza.gov.ar\/wp-content\/uploads\/sites\/5\/2023\/03\/Soledad-Pastoruti2-1536x1025.jpg 1536w, https:\/\/www.mendoza.gov.ar\/wp-content\/uploads\/sites\/5\/2023\/03\/Soledad-Pastoruti2-2048x1366.jpg 2048w, https:\/\/www.mendoza.gov.ar\/wp-content\/uploads\/sites\/5\/2023\/03\/Soledad-Pastoruti2-120x80.jpg 120w\" sizes=\"(max-width: 700px) 100vw, 700px\"><\/figure><\/li><li class=\"blocks-gallery-item\"><figure><img loading=\"lazy\" width=\"700\" height=\"467\" src=\"https:\/\/www.mendoza.gov.ar\/wp-content\/uploads\/sites\/5\/2023\/03\/Soledad-Pastoruti3-700x467.jpg\" alt=\"\" data-id=\"349436\" data-full-url=\"https:\/\/www.mendoza.gov.ar\/wp-content\/uploads\/sites\/5\/2023\/03\/Soledad-Pastoruti3.jpg\" data-link=\"https:\/\/www.mendoza.gov.ar\/prensa\/?attachment_id=349436\" class=\"wp-image-349436 img-responsive center-block\" srcset=\"https:\/\/www.mendoza.gov.ar\/wp-content\/uploads\/sites\/5\/2023\/03\/Soledad-Pastoruti3-700x467.jpg 700w, https:\/\/www.mendoza.gov.ar\/wp-content\/uploads\/sites\/5\/2023\/03\/Soledad-Pastoruti3-250x167.jpg 250w, https:\/\/www.mendoza.gov.ar\/wp-content\/uploads\/sites\/5\/2023\/03\/Soledad-Pastoruti3-768x512.jpg 768w, https:\/\/www.mendoza.gov.ar\/wp-content\/uploads\/sites\/5\/2023\/03\/Soledad-Pastoruti3-1536x1024.jpg 1536w, https:\/\/www.mendoza.gov.ar\/wp-content\/uploads\/sites\/5\/2023\/03\/Soledad-Pastoruti3-2048x1366.jpg 2048w, https:\/\/www.mendoza.gov.ar\/wp-content\/uploads\/sites\/5\/2023\/03\/Soledad-Pastoruti3-120x80.jpg 120w\" sizes=\"(max-width: 700px) 100vw, 700px\"><\/figure><\/li><li class=\"blocks-gallery-item\"><figure><img loading=\"lazy\" width=\"700\" height=\"467\" src=\"https:\/\/www.mendoza.gov.ar\/wp-content\/uploads\/sites\/5\/2023\/03\/Soledad-Pastoruti4-700x467.jpg\" alt=\"\" data-id=\"349437\" data-full-url=\"https:\/\/www.mendoza.gov.ar\/wp-content\/uploads\/sites\/5\/2023\/03\/Soledad-Pastoruti4.jpg\" data-link=\"https:\/\/www.mendoza.gov.ar\/prensa\/?attachment_id=349437\" class=\"wp-image-349437 img-responsive center-block\" srcset=\"https:\/\/www.mendoza.gov.ar\/wp-content\/uploads\/sites\/5\/2023\/03\/Soledad-Pastoruti4-700x467.jpg 700w, https:\/\/www.mendoza.gov.ar\/wp-content\/uploads\/sites\/5\/2023\/03\/Soledad-Pastoruti4-250x167.jpg 250w, https:\/\/www.mendoza.gov.ar\/wp-content\/uploads\/sites\/5\/2023\/03\/Soledad-Pastoruti4-768x512.jpg 768w, https:\/\/www.mendoza.gov.ar\/wp-content\/uploads\/sites\/5\/2023\/03\/Soledad-Pastoruti4-1536x1025.jpg 1536w, https:\/\/www.mendoza.gov.ar\/wp-content\/uploads\/sites\/5\/2023\/03\/Soledad-Pastoruti4-2048x1366.jpg 2048w, https:\/\/www.mendoza.gov.ar\/wp-content\/uploads\/sites\/5\/2023\/03\/Soledad-Pastoruti4-120x80.jpg 120w\" sizes=\"(max-width: 700px) 100vw, 700px\"><\/figure><\/li><\/ul><\/figure>\n<\/body><\/html>\n","protected":false},"excerpt":{"rendered":"La cantante ofreci&oacute; un espect&aacute;culo con su impronta encantadora y enamor&oacute; al p&uacute;blico del teatro griego Soledad fue la artista que coron&oacute; la Primera Repetici&oacute;n de la Vendimia y lo hizo con un espect&aacute;culo que demostr&oacute; por qu&eacute; es una de las artistas m&aacute;s queridas y consagradas del pa&iacute;s. El p&uacute;blico vendimial ovacion&oacute; a la&#8230; <a class=\"view-article\" href=\"https:\/\/www.mendoza.gov.ar\/prensa\/el-huracan-soledad-maravillo-en-la-primera-repeticion-de-la-vendimia\/\"><\/a>","protected":false},"author":62,"featured_media":349435,"comment_status":"open","ping_status":"open","sticky":false,"template":"","format":"standard","meta":[],"categories":[8,37,3000],"tags":[],"_links":{"self":[{"href":"https:\/\/www.mendoza.gov.ar\/prensa\/wp-json\/wp\/v2\/posts\/349428"}],"collection":[{"href":"https:\/\/www.mendoza.gov.ar\/prensa\/wp-json\/wp\/v2\/posts"}],"about":[{"href":"https:\/\/www.mendoza.gov.ar\/prensa\/wp-json\/wp\/v2\/types\/post"}],"author":[{"embeddable":true,"href":"https:\/\/www.mendoza.gov.ar\/prensa\/wp-json\/wp\/v2\/users\/62"}],"replies":[{"embeddable":true,"href":"https:\/\/www.mendoza.gov.ar\/prensa\/wp-json\/wp\/v2\/comments?post=349428"}],"version-history":[{"count":7,"href":"https:\/\/www.mendoza.gov.ar\/prensa\/wp-json\/wp\/v2\/posts\/349428\/revisions"}],"predecessor-version":[{"id":349514,"href":"https:\/\/www.mendoza.gov.ar\/prensa\/wp-json\/wp\/v2\/posts\/349428\/revisions\/349514"}],"wp:featuredmedia":[{"embeddable":true,"href":"https:\/\/www.mendoza.gov.ar\/prensa\/wp-json\/wp\/v2\/media\/349435"}],"wp:attachment":[{"href":"https:\/\/www.mendoza.gov.ar\/prensa\/wp-json\/wp\/v2\/media?parent=349428"}],"wp:term":[{"taxonomy":"category","embeddable":true,"href":"https:\/\/www.mendoza.gov.ar\/prensa\/wp-json\/wp\/v2\/categories?post=349428"},{"taxonomy":"post_tag","embeddable":true,"href":"https:\/\/www.mendoza.gov.ar\/prensa\/wp-json\/wp\/v2\/tags?post=349428"}],"curies":[{"name":"wp","href":"https:\/\/api.w.org\/{rel}","templated":true}]}}