{"id":359141,"date":"2023-05-19T14:48:06","date_gmt":"2023-05-19T17:48:06","guid":{"rendered":"https:\/\/www.mendoza.gov.ar\/prensa\/?p=359141"},"modified":"2023-05-19T15:08:36","modified_gmt":"2023-05-19T18:08:36","slug":"culmino-en-mendoza-la-edicion-37-del-seminario-nacional-de-presupuesto-publico","status":"publish","type":"post","link":"https:\/\/www.mendoza.gov.ar\/prensa\/culmino-en-mendoza-la-edicion-37-del-seminario-nacional-de-presupuesto-publico\/","title":{"rendered":"Culmin\u00f3, en Mendoza, la edici\u00f3n 37 del Seminario Nacional de Presupuesto P\u00fablico"},"content":{"rendered":"<!DOCTYPE html PUBLIC \"-\/\/W3C\/\/DTD HTML 4.0 Transitional\/\/EN\" \"http:\/\/www.w3.org\/TR\/REC-html40\/loose.dtd\">\n<html><body><h5>Fue organizada por la Asociaci&oacute;n Argentina de Presupuesto y Administraci&oacute;n Financiera P&uacute;blica (ASAP) y el Gobierno de Mendoza. Se abordaron temas relacionados con responsabilidad fiscal, finanzas p&uacute;blicas sostenibles, energ&iacute;as limpias y gesti&oacute;n financiera.<\/h5>\n\n\n\n<p>El Gobierno de Mendoza, junto a la Asociaci&oacute;n Argentina de Presupuesto y Administraci&oacute;n Financiera, organizaron la 37&ordf; edici&oacute;n del Seminario Nacional de Presupuesto P&uacute;blico de ASAP. Se realiz&oacute; desde el 16 al 19 de mayo. Este espacio de intercambio y an&aacute;lisis congreg&oacute; a expertos y expertas nacionales e internacionales y funcionarios y funcionarias de diferentes niveles de gobierno.<\/p>\n\n\n\n<p>Entre los temas abordados se destacaron responsabilidad fiscal, finanzas p&uacute;blicas sostenibles, energ&iacute;as limpias y gesti&oacute;n financiera.<\/p>\n\n\n\n<p>El ministro de Hacienda y Finanzas, V&iacute;ctor Fayad, destac&oacute;: &ldquo;Han sido jornadas en las que se han abordado much&iacute;simos temas y en que Mendoza trata, una vez m&aacute;s, de ser un norte en el marco de la institucionalidad y la responsabilidad fiscal y de la energ&iacute;a. Son tres temas que se han abordado transversalmente en el seminario, tambi&eacute;n agregando un homenaje a los 40 a&ntilde;os de democracia&rdquo;.<\/p>\n\n\n\n<p>&ldquo;Estamos muy contentos. Hemos recibido m&aacute;s de 150 visitantes de otras provincias, y siempre digo que estos espacios de discusi&oacute;n, plural, federal, de inteligencia colectiva, de intercambio de buenas pr&aacute;cticas sirven y aportan el granito de arena que necesitamos como sociedad para dar las discusiones de fondo y para tratar de llevar soluciones a los problemas diarios que afectan y, sobre todo, est&aacute;n afectando ahora la vida de los argentinos&rdquo;, finaliz&oacute; Fayad.<\/p>\n\n\n\n<p>Por su parte, el presidente de ASAP, Gonzalo Lecuona, dijo: &ldquo;Los temas fueron tratados con un nivel alt&iacute;simo, la participaci&oacute;n, las preguntas, el debate en cada uno fue enorme. El tema central es el de responsabilidad fiscal y transparencia, un tema central para la Argentina de hoy, en el per&iacute;odo de elecciones, que se est&aacute; discutiendo el equilibrio de la econom&iacute;a, la responsabilidad fiscal del Estado y lo hemos tratado afortunadamente en los tres niveles, nacional, provincial y municipal&rdquo;.<\/p>\n\n\n\n<p>&ldquo;Tambi&eacute;n hemos trabajado un tema central para Mendoza, que es el tema de la energ&iacute;a, y le hemos dado un enfoque orientado esencialmente a las energ&iacute;as limpias, sobre todo haciendo &eacute;nfasis en el enorme potencial que tiene Argentina&rdquo;.<\/p>\n\n\n\n<p><strong>&iquest;Qu&eacute; es la ASAP?<\/strong><\/p>\n\n\n\n<p>Es una asociaci&oacute;n civil con m&aacute;s de 45 a&ntilde;os de trayectoria, dedicada al an&aacute;lisis t&eacute;cnico del presupuesto y de la administraci&oacute;n financiera p&uacute;blica. Est&aacute; integrada por diversas generaciones de economistas, contadores y otros profesionales abocados a la investigaci&oacute;n y la elaboraci&oacute;n de informes peri&oacute;dicos sobre las cuentas p&uacute;blicas, la capacitaci&oacute;n de actores del sector p&uacute;blico y a la divulgaci&oacute;n de temas que hacen a la gesti&oacute;n p&uacute;blica.<\/p>\n\n\n\n<figure class=\"wp-block-gallery columns-3\"><ul class=\"blocks-gallery-grid\"><li class=\"blocks-gallery-item\"><figure><a href=\"https:\/\/www.mendoza.gov.ar\/wp-content\/uploads\/sites\/5\/2023\/05\/IMG_9819-700x467.jpg\"><img loading=\"lazy\" width=\"700\" height=\"467\" src=\"https:\/\/www.mendoza.gov.ar\/wp-content\/uploads\/sites\/5\/2023\/05\/IMG_9819-700x467.jpg\" alt=\"\" data-id=\"359143\" data-link=\"https:\/\/www.mendoza.gov.ar\/prensa\/?attachment_id=359143\" class=\"wp-image-359143 img-responsive center-block\" srcset=\"https:\/\/www.mendoza.gov.ar\/wp-content\/uploads\/sites\/5\/2023\/05\/IMG_9819-700x467.jpg 700w, https:\/\/www.mendoza.gov.ar\/wp-content\/uploads\/sites\/5\/2023\/05\/IMG_9819-250x167.jpg 250w, https:\/\/www.mendoza.gov.ar\/wp-content\/uploads\/sites\/5\/2023\/05\/IMG_9819-768x512.jpg 768w, https:\/\/www.mendoza.gov.ar\/wp-content\/uploads\/sites\/5\/2023\/05\/IMG_9819-1536x1024.jpg 1536w, https:\/\/www.mendoza.gov.ar\/wp-content\/uploads\/sites\/5\/2023\/05\/IMG_9819-2048x1366.jpg 2048w, https:\/\/www.mendoza.gov.ar\/wp-content\/uploads\/sites\/5\/2023\/05\/IMG_9819-120x80.jpg 120w\" sizes=\"(max-width: 700px) 100vw, 700px\"><\/a><\/figure><\/li><li class=\"blocks-gallery-item\"><figure><a href=\"https:\/\/www.mendoza.gov.ar\/wp-content\/uploads\/sites\/5\/2023\/05\/IMG_9817-700x467.jpg\"><img loading=\"lazy\" width=\"700\" height=\"467\" src=\"https:\/\/www.mendoza.gov.ar\/wp-content\/uploads\/sites\/5\/2023\/05\/IMG_9817-700x467.jpg\" alt=\"\" data-id=\"359144\" data-link=\"https:\/\/www.mendoza.gov.ar\/prensa\/?attachment_id=359144\" class=\"wp-image-359144 img-responsive center-block\" srcset=\"https:\/\/www.mendoza.gov.ar\/wp-content\/uploads\/sites\/5\/2023\/05\/IMG_9817-700x467.jpg 700w, https:\/\/www.mendoza.gov.ar\/wp-content\/uploads\/sites\/5\/2023\/05\/IMG_9817-250x167.jpg 250w, https:\/\/www.mendoza.gov.ar\/wp-content\/uploads\/sites\/5\/2023\/05\/IMG_9817-768x512.jpg 768w, https:\/\/www.mendoza.gov.ar\/wp-content\/uploads\/sites\/5\/2023\/05\/IMG_9817-1536x1024.jpg 1536w, https:\/\/www.mendoza.gov.ar\/wp-content\/uploads\/sites\/5\/2023\/05\/IMG_9817-2048x1366.jpg 2048w, https:\/\/www.mendoza.gov.ar\/wp-content\/uploads\/sites\/5\/2023\/05\/IMG_9817-120x80.jpg 120w\" sizes=\"(max-width: 700px) 100vw, 700px\"><\/a><\/figure><\/li><li class=\"blocks-gallery-item\"><figure><a href=\"https:\/\/www.mendoza.gov.ar\/wp-content\/uploads\/sites\/5\/2023\/05\/IMG_0020-700x467.jpg\"><img loading=\"lazy\" width=\"700\" height=\"467\" src=\"https:\/\/www.mendoza.gov.ar\/wp-content\/uploads\/sites\/5\/2023\/05\/IMG_0020-700x467.jpg\" alt=\"\" data-id=\"359145\" data-link=\"https:\/\/www.mendoza.gov.ar\/prensa\/?attachment_id=359145\" class=\"wp-image-359145 img-responsive center-block\" srcset=\"https:\/\/www.mendoza.gov.ar\/wp-content\/uploads\/sites\/5\/2023\/05\/IMG_0020-700x467.jpg 700w, https:\/\/www.mendoza.gov.ar\/wp-content\/uploads\/sites\/5\/2023\/05\/IMG_0020-250x167.jpg 250w, https:\/\/www.mendoza.gov.ar\/wp-content\/uploads\/sites\/5\/2023\/05\/IMG_0020-768x512.jpg 768w, https:\/\/www.mendoza.gov.ar\/wp-content\/uploads\/sites\/5\/2023\/05\/IMG_0020-1536x1024.jpg 1536w, https:\/\/www.mendoza.gov.ar\/wp-content\/uploads\/sites\/5\/2023\/05\/IMG_0020-2048x1366.jpg 2048w, https:\/\/www.mendoza.gov.ar\/wp-content\/uploads\/sites\/5\/2023\/05\/IMG_0020-120x80.jpg 120w\" sizes=\"(max-width: 700px) 100vw, 700px\"><\/a><\/figure><\/li><li class=\"blocks-gallery-item\"><figure><a href=\"https:\/\/www.mendoza.gov.ar\/wp-content\/uploads\/sites\/5\/2023\/05\/IMG_0012.jpg\"><img loading=\"lazy\" width=\"700\" height=\"467\" src=\"https:\/\/www.mendoza.gov.ar\/wp-content\/uploads\/sites\/5\/2023\/05\/IMG_0012-700x467.jpg\" alt=\"\" data-id=\"359146\" data-full-url=\"https:\/\/www.mendoza.gov.ar\/wp-content\/uploads\/sites\/5\/2023\/05\/IMG_0012.jpg\" data-link=\"https:\/\/www.mendoza.gov.ar\/prensa\/?attachment_id=359146\" class=\"wp-image-359146 img-responsive center-block\" srcset=\"https:\/\/www.mendoza.gov.ar\/wp-content\/uploads\/sites\/5\/2023\/05\/IMG_0012-700x467.jpg 700w, https:\/\/www.mendoza.gov.ar\/wp-content\/uploads\/sites\/5\/2023\/05\/IMG_0012-250x167.jpg 250w, https:\/\/www.mendoza.gov.ar\/wp-content\/uploads\/sites\/5\/2023\/05\/IMG_0012-768x512.jpg 768w, https:\/\/www.mendoza.gov.ar\/wp-content\/uploads\/sites\/5\/2023\/05\/IMG_0012-1536x1024.jpg 1536w, https:\/\/www.mendoza.gov.ar\/wp-content\/uploads\/sites\/5\/2023\/05\/IMG_0012-2048x1366.jpg 2048w, https:\/\/www.mendoza.gov.ar\/wp-content\/uploads\/sites\/5\/2023\/05\/IMG_0012-120x80.jpg 120w\" sizes=\"(max-width: 700px) 100vw, 700px\"><\/a><\/figure><\/li><\/ul><\/figure>\n<\/body><\/html>\n","protected":false},"excerpt":{"rendered":"Fue organizada por la Asociaci&oacute;n Argentina de Presupuesto y Administraci&oacute;n Financiera P&uacute;blica (ASAP) y el Gobierno de Mendoza. Se abordaron temas relacionados con responsabilidad fiscal, finanzas p&uacute;blicas sostenibles, energ&iacute;as limpias y gesti&oacute;n financiera. El Gobierno de Mendoza, junto a la Asociaci&oacute;n Argentina de Presupuesto y Administraci&oacute;n Financiera, organizaron la 37&ordf; edici&oacute;n del Seminario Nacional de&#8230; <a class=\"view-article\" href=\"https:\/\/www.mendoza.gov.ar\/prensa\/culmino-en-mendoza-la-edicion-37-del-seminario-nacional-de-presupuesto-publico\/\"><\/a>","protected":false},"author":63,"featured_media":359144,"comment_status":"open","ping_status":"open","sticky":false,"template":"","format":"standard","meta":[],"categories":[21],"tags":[],"_links":{"self":[{"href":"https:\/\/www.mendoza.gov.ar\/prensa\/wp-json\/wp\/v2\/posts\/359141"}],"collection":[{"href":"https:\/\/www.mendoza.gov.ar\/prensa\/wp-json\/wp\/v2\/posts"}],"about":[{"href":"https:\/\/www.mendoza.gov.ar\/prensa\/wp-json\/wp\/v2\/types\/post"}],"author":[{"embeddable":true,"href":"https:\/\/www.mendoza.gov.ar\/prensa\/wp-json\/wp\/v2\/users\/63"}],"replies":[{"embeddable":true,"href":"https:\/\/www.mendoza.gov.ar\/prensa\/wp-json\/wp\/v2\/comments?post=359141"}],"version-history":[{"count":3,"href":"https:\/\/www.mendoza.gov.ar\/prensa\/wp-json\/wp\/v2\/posts\/359141\/revisions"}],"predecessor-version":[{"id":359157,"href":"https:\/\/www.mendoza.gov.ar\/prensa\/wp-json\/wp\/v2\/posts\/359141\/revisions\/359157"}],"wp:featuredmedia":[{"embeddable":true,"href":"https:\/\/www.mendoza.gov.ar\/prensa\/wp-json\/wp\/v2\/media\/359144"}],"wp:attachment":[{"href":"https:\/\/www.mendoza.gov.ar\/prensa\/wp-json\/wp\/v2\/media?parent=359141"}],"wp:term":[{"taxonomy":"category","embeddable":true,"href":"https:\/\/www.mendoza.gov.ar\/prensa\/wp-json\/wp\/v2\/categories?post=359141"},{"taxonomy":"post_tag","embeddable":true,"href":"https:\/\/www.mendoza.gov.ar\/prensa\/wp-json\/wp\/v2\/tags?post=359141"}],"curies":[{"name":"wp","href":"https:\/\/api.w.org\/{rel}","templated":true}]}}