{"id":3594,"date":"2014-07-01T17:01:00","date_gmt":"2014-07-01T17:01:00","guid":{"rendered":"http:\/\/prensa.wp2.mendoza.gov.ar\/?p=3594"},"modified":"2014-07-01T17:01:00","modified_gmt":"2014-07-01T17:01:00","slug":"el-zoo-informo-la-muerte-de-nandues-por-ataque-de-perros-vagabundos","status":"publish","type":"post","link":"https:\/\/www.mendoza.gov.ar\/prensa\/el-zoo-informo-la-muerte-de-nandues-por-ataque-de-perros-vagabundos\/","title":{"rendered":"El Zoo inform\u00f3 la muerte de \u00f1and\u00faes por ataque de perros vagabundos"},"content":{"rendered":"<!DOCTYPE html PUBLIC \"-\/\/W3C\/\/DTD HTML 4.0 Transitional\/\/EN\" \"http:\/\/www.w3.org\/TR\/REC-html40\/loose.dtd\">\n<html><body><p><img src=\"https:\/\/www.mendoza.gov.ar\/prensa\/wp-content\/uploads\/sites\/23\/2014\/08\/view_crop_15737.jpg\" class=\" img-responsive center-block\"><\/p>\n<p>La Direcci&oacute;n del Zool&oacute;gico de Mendoza inform&oacute; hoy la muerte de 25 &ntilde;and&uacute;es a causa de un ataque de perros vagabundos, que hicieron ceder el alambrado perimetral del recinto donde habitan las aves.<\/p>\n<p>Gustavo Pronotto, director del Zoo, inform&oacute; que justamente ayer el departamento de Fauna de la Direcci&oacute;n de Recursos Naturales renovables hab&iacute;a hecho un inventario de la cantidad de aves. El ataque de los perros fue de madrugada, y a pesar de la r&aacute;pida actuaci&oacute;n de los guardias que llegaron alertados por los ruidos y tuvieron que luchar contra los furiosos animales, cuando lograron echarlos ya hab&iacute;an atacado a 25 &ntilde;and&uacute;es.<\/p>\n<p>Pronotto explic&oacute; que los guardias hicieron lo que pudieron y para esta noche la Polic&iacute;a Rural ha dispuesto rondines que se sumar&aacute; al personal del Zoo por si los animales decidieran volver.<\/p>\n<p>Se inform&oacute; adem&aacute;s que la jaur&iacute;a baj&oacute; del piedemonte, salt&oacute; la pirca de ingreso al Zoo y con su peso hizo ceder parte de la tela del recinto.<\/p>\n<p>Julio Huaihuas, administrador de Parques y Zool&oacute;gico, explic&oacute; que esa pirca en el ingreso es patrimonio cultural de la Provincia por lo que no puede tocarse. &ldquo;Pediremos permiso a la Direcci&oacute;n de Patrimonio para instalar un fuerte alambrado perimetral alrededor de las piedras, que no da&ntilde;e el bien hist&oacute;rico, pero que brinde protecci&oacute;n a los animales del Zool&oacute;gico&rdquo;, expres&oacute;.<\/p>\n<p>No es la primera vez que perros vagabundos que bajan del piedemonte provocan problemas en la zona.<\/p>\n<p>La Administraci&oacute;n de Parques y Zool&oacute;gico inici&oacute; una investigaci&oacute;n sumaria inmediata, para conocer la gravedad del hecho.<\/p>\n<p><strong style=\"line-height: 1.6em\">Muri&oacute; Charly, el chimpanc&eacute;<\/strong><\/p>\n<p>Veterinarios y personal del Zool&oacute;gico tuvo un triste amanecer este jueves. Luego de constatar los da&ntilde;os en el recinto de &ntilde;and&uacute;es descubrieron el fallecimiento de Charly, el chimpanc&eacute; de 39 a&ntilde;os a causa de un infarto. El cuerpo m&eacute;dico tendr&aacute; los resultados completos de la necropsia en las pr&oacute;ximas horas.<\/p>\n<p>Charly naci&oacute; en Francia en 1975 y dos a&ntilde;os despu&eacute;s lleg&oacute; a Mendoza. Los chimpanc&eacute;s en cautiverio viven entre 35 y 45 a&ntilde;os.<\/p>\n<\/body><\/html>\n","protected":false},"excerpt":{"rendered":"La Direcci&oacute;n del Zool&oacute;gico de Mendoza inform&oacute; hoy la muerte de 25 &ntilde;and&uacute;es a causa de un ataque de perros vagabundos, que hicieron ceder el alambrado perimetral del recinto donde habitan las aves. Gustavo Pronotto, director del Zoo, inform&oacute; que justamente ayer el departamento de Fauna de la Direcci&oacute;n de Recursos Naturales renovables hab&iacute;a hecho&#8230; <a class=\"view-article\" href=\"https:\/\/www.mendoza.gov.ar\/prensa\/el-zoo-informo-la-muerte-de-nandues-por-ataque-de-perros-vagabundos\/\"><\/a>","protected":false},"author":3,"featured_media":0,"comment_status":"closed","ping_status":"open","sticky":false,"template":"","format":"standard","meta":[],"categories":[3],"tags":[],"_links":{"self":[{"href":"https:\/\/www.mendoza.gov.ar\/prensa\/wp-json\/wp\/v2\/posts\/3594"}],"collection":[{"href":"https:\/\/www.mendoza.gov.ar\/prensa\/wp-json\/wp\/v2\/posts"}],"about":[{"href":"https:\/\/www.mendoza.gov.ar\/prensa\/wp-json\/wp\/v2\/types\/post"}],"author":[{"embeddable":true,"href":"https:\/\/www.mendoza.gov.ar\/prensa\/wp-json\/wp\/v2\/users\/3"}],"replies":[{"embeddable":true,"href":"https:\/\/www.mendoza.gov.ar\/prensa\/wp-json\/wp\/v2\/comments?post=3594"}],"version-history":[{"count":0,"href":"https:\/\/www.mendoza.gov.ar\/prensa\/wp-json\/wp\/v2\/posts\/3594\/revisions"}],"wp:attachment":[{"href":"https:\/\/www.mendoza.gov.ar\/prensa\/wp-json\/wp\/v2\/media?parent=3594"}],"wp:term":[{"taxonomy":"category","embeddable":true,"href":"https:\/\/www.mendoza.gov.ar\/prensa\/wp-json\/wp\/v2\/categories?post=3594"},{"taxonomy":"post_tag","embeddable":true,"href":"https:\/\/www.mendoza.gov.ar\/prensa\/wp-json\/wp\/v2\/tags?post=3594"}],"curies":[{"name":"wp","href":"https:\/\/api.w.org\/{rel}","templated":true}]}}