{"id":360448,"date":"2023-05-29T17:19:03","date_gmt":"2023-05-29T20:19:03","guid":{"rendered":"https:\/\/www.mendoza.gov.ar\/prensa\/?p=360448"},"modified":"2023-05-29T17:19:20","modified_gmt":"2023-05-29T20:19:20","slug":"dia-internacional-de-la-accion-por-la-salud-de-la-mujer-trabajadoras-de-la-dge-participaron-de-actividades-de-prevencion-organizadas-por-osep","status":"publish","type":"post","link":"https:\/\/www.mendoza.gov.ar\/prensa\/dia-internacional-de-la-accion-por-la-salud-de-la-mujer-trabajadoras-de-la-dge-participaron-de-actividades-de-prevencion-organizadas-por-osep\/","title":{"rendered":"D\u00eda Internacional de la Acci\u00f3n por la Salud de la Mujer: trabajadoras de la DGE participaron de actividades de prevenci\u00f3n organizadas por OSEP"},"content":{"rendered":"<!DOCTYPE html PUBLIC \"-\/\/W3C\/\/DTD HTML 4.0 Transitional\/\/EN\" \"http:\/\/www.w3.org\/TR\/REC-html40\/loose.dtd\">\n<html><body><h5>En La Enoteca del Centro de Congresos y Exposiciones Dr. Emilio Civit, profesionales de la Obra Social de los Empleados P&uacute;blicos brindaron charlas sobre h&aacute;bitos saludables y salud integral y realizaron controles de peso, tensi&oacute;n arterial y per&iacute;metro abdominal, entre otros.<\/h5>\n\n\n\n<p>Con la presencia del director de OSEP, Carlos Funes, y la responsable del servicio Ser Mujer de la obra social, se realiz&oacute; una jornada de informaci&oacute;n y prevenci&oacute;n en el marco del D&iacute;a Internacional de la Acci&oacute;n por la Salud de la Mujer, que se celebra cada 28 de mayo.<\/p>\n\n\n\n<p>La actividad que llev&oacute; adelante un equipo de especialistas del programa Ser Mujer estuvo dirigida, especialmente a las trabajadoras administrativas de la Direcci&oacute;n General de Escuelas. Se desarroll&oacute; en La Enoteca del Centro de Congresos y Exposiciones Dr. Emilio Civit; en Peltier 611, de Ciudad.<\/p>\n\n\n\n<p>Los profesionales abordaron temas fundamentales de educaci&oacute;n, prevenci&oacute;n y salud integral, haciendo &eacute;nfasis en la importancia de la consulta integrada de la mujer, la detecci&oacute;n de riesgo cardiometab&oacute;lico, la educaci&oacute;n sexual y el autocuidado, con el objetivo de prevenir o detectar de manera temprana cualquier patolog&iacute;a que pueda poner en riesgo la vida de las mujeres.<\/p>\n\n\n\n<p>Se realizaron dos charlas informativas, complementadas por un stand de actividades preventivas. En ese espacio, las asistentes tuvieron la oportunidad de evaluar su riesgo cardiometab&oacute;lico y posible desarrollo de diabetes, adem&aacute;s de controlar su peso, tensi&oacute;n arterial y per&iacute;metro abdominal.<\/p>\n\n\n\n<p>La nutricionista Paola Navarro ofreci&oacute; una exposici&oacute;n sobre Alimentaci&oacute;n Saludable, brindando pautas y consejos para mantener una dieta equilibrada y promover h&aacute;bitos alimentarios saludables. Por su parte, la licenciada en Obstetricia, Alejandra Reyes, abord&oacute; el tema del Cuidado Integral de la Salud en la Mujer, proporcionando informaci&oacute;n sobre la importancia de la atenci&oacute;n preventiva y los cuidados necesarios en cada etapa de la vida.<\/p>\n\n\n\n<p>La presencia del doctor Carlos Funes permiti&oacute; a las presentes realizar consultas tanto sobre la atenci&oacute;n de la mujer como sobre los servicios ofrecidos por la obra social, conviertiendo al encuentro un espacio propicio para el intercambio de inquietudes y dudas.<\/p>\n\n\n\n<p>La actividad preventiva en La Enoteca reafirma el apoyo institucional a una buena iniciativa de la Direcci&oacute;n General de Escuelas, fomentando la prevenci&oacute;n y el autocuidado como pilares de la lucha contra las enfermedades y la promoci&oacute;n de una vida saludable.<\/p>\n\n\n\n<figure class=\"wp-block-gallery columns-3\"><ul class=\"blocks-gallery-grid\"><li class=\"blocks-gallery-item\"><figure><a href=\"https:\/\/www.mendoza.gov.ar\/wp-content\/uploads\/sites\/5\/2023\/05\/foto1-700x525.jpg\"><img loading=\"lazy\" width=\"700\" height=\"525\" src=\"https:\/\/www.mendoza.gov.ar\/wp-content\/uploads\/sites\/5\/2023\/05\/foto1-700x525.jpg\" alt=\"\" data-id=\"360451\" data-link=\"https:\/\/www.mendoza.gov.ar\/prensa\/?attachment_id=360451\" class=\"wp-image-360451 img-responsive center-block\" srcset=\"https:\/\/www.mendoza.gov.ar\/wp-content\/uploads\/sites\/5\/2023\/05\/foto1-700x525.jpg 700w, https:\/\/www.mendoza.gov.ar\/wp-content\/uploads\/sites\/5\/2023\/05\/foto1-250x188.jpg 250w, https:\/\/www.mendoza.gov.ar\/wp-content\/uploads\/sites\/5\/2023\/05\/foto1-768x576.jpg 768w, https:\/\/www.mendoza.gov.ar\/wp-content\/uploads\/sites\/5\/2023\/05\/foto1-1536x1152.jpg 1536w, https:\/\/www.mendoza.gov.ar\/wp-content\/uploads\/sites\/5\/2023\/05\/foto1-120x90.jpg 120w, https:\/\/www.mendoza.gov.ar\/wp-content\/uploads\/sites\/5\/2023\/05\/foto1.jpg 1920w\" sizes=\"(max-width: 700px) 100vw, 700px\"><\/a><\/figure><\/li><li class=\"blocks-gallery-item\"><figure><a href=\"https:\/\/www.mendoza.gov.ar\/wp-content\/uploads\/sites\/5\/2023\/05\/foto2-700x525.jpg\"><img loading=\"lazy\" width=\"700\" height=\"525\" src=\"https:\/\/www.mendoza.gov.ar\/wp-content\/uploads\/sites\/5\/2023\/05\/foto2-700x525.jpg\" alt=\"\" data-id=\"360452\" data-link=\"https:\/\/www.mendoza.gov.ar\/prensa\/?attachment_id=360452\" class=\"wp-image-360452 img-responsive center-block\" srcset=\"https:\/\/www.mendoza.gov.ar\/wp-content\/uploads\/sites\/5\/2023\/05\/foto2-700x525.jpg 700w, https:\/\/www.mendoza.gov.ar\/wp-content\/uploads\/sites\/5\/2023\/05\/foto2-250x188.jpg 250w, https:\/\/www.mendoza.gov.ar\/wp-content\/uploads\/sites\/5\/2023\/05\/foto2-768x576.jpg 768w, https:\/\/www.mendoza.gov.ar\/wp-content\/uploads\/sites\/5\/2023\/05\/foto2-1536x1152.jpg 1536w, https:\/\/www.mendoza.gov.ar\/wp-content\/uploads\/sites\/5\/2023\/05\/foto2-120x90.jpg 120w, https:\/\/www.mendoza.gov.ar\/wp-content\/uploads\/sites\/5\/2023\/05\/foto2.jpg 1920w\" sizes=\"(max-width: 700px) 100vw, 700px\"><\/a><\/figure><\/li><li class=\"blocks-gallery-item\"><figure><a href=\"https:\/\/www.mendoza.gov.ar\/wp-content\/uploads\/sites\/5\/2023\/05\/foto5-1-700x525.jpg\"><img loading=\"lazy\" width=\"700\" height=\"525\" src=\"https:\/\/www.mendoza.gov.ar\/wp-content\/uploads\/sites\/5\/2023\/05\/foto5-1-700x525.jpg\" alt=\"\" data-id=\"360453\" data-link=\"https:\/\/www.mendoza.gov.ar\/prensa\/?attachment_id=360453\" class=\"wp-image-360453 img-responsive center-block\" srcset=\"https:\/\/www.mendoza.gov.ar\/wp-content\/uploads\/sites\/5\/2023\/05\/foto5-1-700x525.jpg 700w, https:\/\/www.mendoza.gov.ar\/wp-content\/uploads\/sites\/5\/2023\/05\/foto5-1-250x188.jpg 250w, https:\/\/www.mendoza.gov.ar\/wp-content\/uploads\/sites\/5\/2023\/05\/foto5-1-768x576.jpg 768w, https:\/\/www.mendoza.gov.ar\/wp-content\/uploads\/sites\/5\/2023\/05\/foto5-1-120x90.jpg 120w, https:\/\/www.mendoza.gov.ar\/wp-content\/uploads\/sites\/5\/2023\/05\/foto5-1.jpg 1280w\" sizes=\"(max-width: 700px) 100vw, 700px\"><\/a><\/figure><\/li><li class=\"blocks-gallery-item\"><figure><a href=\"https:\/\/www.mendoza.gov.ar\/wp-content\/uploads\/sites\/5\/2023\/05\/fotoa-700x525.jpg\"><img loading=\"lazy\" width=\"700\" height=\"525\" src=\"https:\/\/www.mendoza.gov.ar\/wp-content\/uploads\/sites\/5\/2023\/05\/fotoa-700x525.jpg\" alt=\"\" data-id=\"360455\" data-link=\"https:\/\/www.mendoza.gov.ar\/prensa\/?attachment_id=360455\" class=\"wp-image-360455 img-responsive center-block\" srcset=\"https:\/\/www.mendoza.gov.ar\/wp-content\/uploads\/sites\/5\/2023\/05\/fotoa-700x525.jpg 700w, https:\/\/www.mendoza.gov.ar\/wp-content\/uploads\/sites\/5\/2023\/05\/fotoa-250x188.jpg 250w, https:\/\/www.mendoza.gov.ar\/wp-content\/uploads\/sites\/5\/2023\/05\/fotoa-768x576.jpg 768w, https:\/\/www.mendoza.gov.ar\/wp-content\/uploads\/sites\/5\/2023\/05\/fotoa-120x90.jpg 120w, https:\/\/www.mendoza.gov.ar\/wp-content\/uploads\/sites\/5\/2023\/05\/fotoa.jpg 1280w\" sizes=\"(max-width: 700px) 100vw, 700px\"><\/a><\/figure><\/li><li class=\"blocks-gallery-item\"><figure><a href=\"https:\/\/www.mendoza.gov.ar\/wp-content\/uploads\/sites\/5\/2023\/05\/fotob-700x525.jpg\"><img loading=\"lazy\" width=\"700\" height=\"525\" src=\"https:\/\/www.mendoza.gov.ar\/wp-content\/uploads\/sites\/5\/2023\/05\/fotob-700x525.jpg\" alt=\"\" data-id=\"360456\" data-link=\"https:\/\/www.mendoza.gov.ar\/prensa\/?attachment_id=360456\" class=\"wp-image-360456 img-responsive center-block\" srcset=\"https:\/\/www.mendoza.gov.ar\/wp-content\/uploads\/sites\/5\/2023\/05\/fotob-700x525.jpg 700w, https:\/\/www.mendoza.gov.ar\/wp-content\/uploads\/sites\/5\/2023\/05\/fotob-250x188.jpg 250w, https:\/\/www.mendoza.gov.ar\/wp-content\/uploads\/sites\/5\/2023\/05\/fotob-768x576.jpg 768w, https:\/\/www.mendoza.gov.ar\/wp-content\/uploads\/sites\/5\/2023\/05\/fotob-1536x1152.jpg 1536w, https:\/\/www.mendoza.gov.ar\/wp-content\/uploads\/sites\/5\/2023\/05\/fotob-120x90.jpg 120w, https:\/\/www.mendoza.gov.ar\/wp-content\/uploads\/sites\/5\/2023\/05\/fotob.jpg 1920w\" sizes=\"(max-width: 700px) 100vw, 700px\"><\/a><\/figure><\/li><li class=\"blocks-gallery-item\"><figure><a href=\"https:\/\/www.mendoza.gov.ar\/wp-content\/uploads\/sites\/5\/2023\/05\/fotoe-700x525.jpg\"><img src=\"https:\/\/www.mendoza.gov.ar\/wp-content\/uploads\/sites\/5\/2023\/05\/fotoe-700x525.jpg\" alt=\"\" data-id=\"360457\" data-link=\"https:\/\/www.mendoza.gov.ar\/prensa\/?attachment_id=360457\" class=\"wp-image-360457 img-responsive center-block\"><\/a><\/figure><\/li><li class=\"blocks-gallery-item\"><figure><a href=\"https:\/\/www.mendoza.gov.ar\/wp-content\/uploads\/sites\/5\/2023\/05\/fotoh.jpg\"><img loading=\"lazy\" width=\"700\" height=\"525\" src=\"https:\/\/www.mendoza.gov.ar\/wp-content\/uploads\/sites\/5\/2023\/05\/fotoh-700x525.jpg\" alt=\"\" data-id=\"360458\" data-full-url=\"https:\/\/www.mendoza.gov.ar\/wp-content\/uploads\/sites\/5\/2023\/05\/fotoh.jpg\" data-link=\"https:\/\/www.mendoza.gov.ar\/prensa\/?attachment_id=360458\" class=\"wp-image-360458 img-responsive center-block\" srcset=\"https:\/\/www.mendoza.gov.ar\/wp-content\/uploads\/sites\/5\/2023\/05\/fotoh-700x525.jpg 700w, https:\/\/www.mendoza.gov.ar\/wp-content\/uploads\/sites\/5\/2023\/05\/fotoh-250x188.jpg 250w, https:\/\/www.mendoza.gov.ar\/wp-content\/uploads\/sites\/5\/2023\/05\/fotoh-768x576.jpg 768w, https:\/\/www.mendoza.gov.ar\/wp-content\/uploads\/sites\/5\/2023\/05\/fotoh-1536x1152.jpg 1536w, https:\/\/www.mendoza.gov.ar\/wp-content\/uploads\/sites\/5\/2023\/05\/fotoh-120x90.jpg 120w, https:\/\/www.mendoza.gov.ar\/wp-content\/uploads\/sites\/5\/2023\/05\/fotoh.jpg 1920w\" sizes=\"(max-width: 700px) 100vw, 700px\"><\/a><\/figure><\/li><\/ul><\/figure>\n<\/body><\/html>\n","protected":false},"excerpt":{"rendered":"En La Enoteca del Centro de Congresos y Exposiciones Dr. Emilio Civit, profesionales de la Obra Social de los Empleados P&uacute;blicos brindaron charlas sobre h&aacute;bitos saludables y salud integral y realizaron controles de peso, tensi&oacute;n arterial y per&iacute;metro abdominal, entre otros. Con la presencia del director de OSEP, Carlos Funes, y la responsable del servicio&#8230; <a class=\"view-article\" href=\"https:\/\/www.mendoza.gov.ar\/prensa\/dia-internacional-de-la-accion-por-la-salud-de-la-mujer-trabajadoras-de-la-dge-participaron-de-actividades-de-prevencion-organizadas-por-osep\/\"><\/a>","protected":false},"author":63,"featured_media":360457,"comment_status":"open","ping_status":"open","sticky":false,"template":"","format":"standard","meta":[],"categories":[30],"tags":[],"_links":{"self":[{"href":"https:\/\/www.mendoza.gov.ar\/prensa\/wp-json\/wp\/v2\/posts\/360448"}],"collection":[{"href":"https:\/\/www.mendoza.gov.ar\/prensa\/wp-json\/wp\/v2\/posts"}],"about":[{"href":"https:\/\/www.mendoza.gov.ar\/prensa\/wp-json\/wp\/v2\/types\/post"}],"author":[{"embeddable":true,"href":"https:\/\/www.mendoza.gov.ar\/prensa\/wp-json\/wp\/v2\/users\/63"}],"replies":[{"embeddable":true,"href":"https:\/\/www.mendoza.gov.ar\/prensa\/wp-json\/wp\/v2\/comments?post=360448"}],"version-history":[{"count":2,"href":"https:\/\/www.mendoza.gov.ar\/prensa\/wp-json\/wp\/v2\/posts\/360448\/revisions"}],"predecessor-version":[{"id":360459,"href":"https:\/\/www.mendoza.gov.ar\/prensa\/wp-json\/wp\/v2\/posts\/360448\/revisions\/360459"}],"wp:featuredmedia":[{"embeddable":true,"href":"https:\/\/www.mendoza.gov.ar\/prensa\/wp-json\/wp\/v2\/media\/360457"}],"wp:attachment":[{"href":"https:\/\/www.mendoza.gov.ar\/prensa\/wp-json\/wp\/v2\/media?parent=360448"}],"wp:term":[{"taxonomy":"category","embeddable":true,"href":"https:\/\/www.mendoza.gov.ar\/prensa\/wp-json\/wp\/v2\/categories?post=360448"},{"taxonomy":"post_tag","embeddable":true,"href":"https:\/\/www.mendoza.gov.ar\/prensa\/wp-json\/wp\/v2\/tags?post=360448"}],"curies":[{"name":"wp","href":"https:\/\/api.w.org\/{rel}","templated":true}]}}