{"id":361954,"date":"2023-06-09T17:16:54","date_gmt":"2023-06-09T20:16:54","guid":{"rendered":"https:\/\/www.mendoza.gov.ar\/prensa\/?p=361954"},"modified":"2023-06-11T17:08:01","modified_gmt":"2023-06-11T20:08:01","slug":"osep-sillones-odontologicos-de-ultima-generacion-llegan-a-la-paz-y-a-malargue","status":"publish","type":"post","link":"https:\/\/www.mendoza.gov.ar\/prensa\/osep-sillones-odontologicos-de-ultima-generacion-llegan-a-la-paz-y-a-malargue\/","title":{"rendered":"OSEP: sillones odontol\u00f3gicos de \u00faltima generaci\u00f3n llegan a La Paz y a Malarg\u00fce"},"content":{"rendered":"<!DOCTYPE html PUBLIC \"-\/\/W3C\/\/DTD HTML 4.0 Transitional\/\/EN\" \"http:\/\/www.w3.org\/TR\/REC-html40\/loose.dtd\">\n<html><body><p><\/p>\n\n\n\n<h5><strong>Con el  nuevo equipamiento se busca brindar atenci&oacute;n de m&aacute;s calidad y confort en los tratamientos.<\/strong><\/h5>\n\n\n\n<p>El director general de OSEP, Carlos Funes, visit&oacute; la sede de La Paz por la instalaci&oacute;n de los nuevos sillones odontol&oacute;gicos y destac&oacute; los beneficios que esta tecnolog&iacute;a de vanguardia aportar&aacute; a los afiliados. La pr&oacute;xima semana, Funes visitar&aacute; OSEP Malarg&uuml;e, donde tambi&eacute;n se instalar&aacute;n nuevos sillones odontol&oacute;gicos.<\/p>\n\n\n\n<p>En el encuentro participaron Silvana Ponce, referente territorial, y la directora del Servicio de Odontolog&iacute;a de OSEP, Laura Favier.<\/p>\n\n\n\n<p>La renovaci&oacute;n de los sillones odontol&oacute;gicos en todas las sedes de OSEP es una meta de la actual gesti&oacute;n. Los nuevos sillones odontol&oacute;gicos brindan mejores prestaciones para la pr&aacute;ctica de odontolog&iacute;a integral, periodoncia, pr&oacute;tesis, ortodoncia, cirug&iacute;a, endodoncia y atenci&oacute;n de pacientes cr&oacute;nicos.<\/p>\n\n\n\n<figure class=\"wp-block-gallery columns-3 is-cropped\"><ul class=\"blocks-gallery-grid\"><li class=\"blocks-gallery-item\"><figure><img src=\"https:\/\/www.mendoza.gov.ar\/wp-content\/uploads\/sites\/5\/2023\/06\/la-paz1-700x933.jpg\" alt=\"\" data-id=\"361957\" data-full-url=\"https:\/\/www.mendoza.gov.ar\/wp-content\/uploads\/sites\/5\/2023\/06\/la-paz1.jpg\" data-link=\"https:\/\/www.mendoza.gov.ar\/prensa\/?attachment_id=361957\" class=\"wp-image-361957 img-responsive center-block\"><\/figure><\/li><li class=\"blocks-gallery-item\"><figure><img loading=\"lazy\" width=\"700\" height=\"933\" src=\"https:\/\/www.mendoza.gov.ar\/wp-content\/uploads\/sites\/5\/2023\/06\/la-paz2-700x933.jpg\" alt=\"\" data-id=\"361958\" data-full-url=\"https:\/\/www.mendoza.gov.ar\/wp-content\/uploads\/sites\/5\/2023\/06\/la-paz2.jpg\" data-link=\"https:\/\/www.mendoza.gov.ar\/prensa\/?attachment_id=361958\" class=\"wp-image-361958 img-responsive center-block\" srcset=\"https:\/\/www.mendoza.gov.ar\/wp-content\/uploads\/sites\/5\/2023\/06\/la-paz2-700x933.jpg 700w, https:\/\/www.mendoza.gov.ar\/wp-content\/uploads\/sites\/5\/2023\/06\/la-paz2-250x333.jpg 250w, https:\/\/www.mendoza.gov.ar\/wp-content\/uploads\/sites\/5\/2023\/06\/la-paz2-768x1024.jpg 768w, https:\/\/www.mendoza.gov.ar\/wp-content\/uploads\/sites\/5\/2023\/06\/la-paz2-1152x1536.jpg 1152w, https:\/\/www.mendoza.gov.ar\/wp-content\/uploads\/sites\/5\/2023\/06\/la-paz2-120x160.jpg 120w, https:\/\/www.mendoza.gov.ar\/wp-content\/uploads\/sites\/5\/2023\/06\/la-paz2.jpg 1200w\" sizes=\"(max-width: 700px) 100vw, 700px\"><\/figure><\/li><li class=\"blocks-gallery-item\"><figure><img src=\"https:\/\/www.mendoza.gov.ar\/wp-content\/uploads\/sites\/5\/2023\/06\/la-paz3-700x933.jpg\" alt=\"\" data-id=\"361959\" data-full-url=\"https:\/\/www.mendoza.gov.ar\/wp-content\/uploads\/sites\/5\/2023\/06\/la-paz3.jpg\" data-link=\"https:\/\/www.mendoza.gov.ar\/prensa\/?attachment_id=361959\" class=\"wp-image-361959 img-responsive center-block\"><\/figure><\/li><\/ul><\/figure>\n<\/body><\/html>\n","protected":false},"excerpt":{"rendered":"Con el nuevo equipamiento se busca brindar atenci&oacute;n de m&aacute;s calidad y confort en los tratamientos. El director general de OSEP, Carlos Funes, visit&oacute; la sede de La Paz por la instalaci&oacute;n de los nuevos sillones odontol&oacute;gicos y destac&oacute; los beneficios que esta tecnolog&iacute;a de vanguardia aportar&aacute; a los afiliados. La pr&oacute;xima semana, Funes visitar&aacute;&#8230; <a class=\"view-article\" href=\"https:\/\/www.mendoza.gov.ar\/prensa\/osep-sillones-odontologicos-de-ultima-generacion-llegan-a-la-paz-y-a-malargue\/\"><\/a>","protected":false},"author":75,"featured_media":361957,"comment_status":"open","ping_status":"open","sticky":false,"template":"","format":"standard","meta":[],"categories":[2711,30],"tags":[],"_links":{"self":[{"href":"https:\/\/www.mendoza.gov.ar\/prensa\/wp-json\/wp\/v2\/posts\/361954"}],"collection":[{"href":"https:\/\/www.mendoza.gov.ar\/prensa\/wp-json\/wp\/v2\/posts"}],"about":[{"href":"https:\/\/www.mendoza.gov.ar\/prensa\/wp-json\/wp\/v2\/types\/post"}],"author":[{"embeddable":true,"href":"https:\/\/www.mendoza.gov.ar\/prensa\/wp-json\/wp\/v2\/users\/75"}],"replies":[{"embeddable":true,"href":"https:\/\/www.mendoza.gov.ar\/prensa\/wp-json\/wp\/v2\/comments?post=361954"}],"version-history":[{"count":5,"href":"https:\/\/www.mendoza.gov.ar\/prensa\/wp-json\/wp\/v2\/posts\/361954\/revisions"}],"predecessor-version":[{"id":361972,"href":"https:\/\/www.mendoza.gov.ar\/prensa\/wp-json\/wp\/v2\/posts\/361954\/revisions\/361972"}],"wp:featuredmedia":[{"embeddable":true,"href":"https:\/\/www.mendoza.gov.ar\/prensa\/wp-json\/wp\/v2\/media\/361957"}],"wp:attachment":[{"href":"https:\/\/www.mendoza.gov.ar\/prensa\/wp-json\/wp\/v2\/media?parent=361954"}],"wp:term":[{"taxonomy":"category","embeddable":true,"href":"https:\/\/www.mendoza.gov.ar\/prensa\/wp-json\/wp\/v2\/categories?post=361954"},{"taxonomy":"post_tag","embeddable":true,"href":"https:\/\/www.mendoza.gov.ar\/prensa\/wp-json\/wp\/v2\/tags?post=361954"}],"curies":[{"name":"wp","href":"https:\/\/api.w.org\/{rel}","templated":true}]}}