{"id":365879,"date":"2023-07-11T22:38:01","date_gmt":"2023-07-12T01:38:01","guid":{"rendered":"https:\/\/www.mendoza.gov.ar\/prensa\/?p=365879"},"modified":"2024-09-17T19:36:01","modified_gmt":"2024-09-17T22:36:01","slug":"con-gran-exito-se-realizo-la-presentacion-local-de-mendoza-capital-iberoamericana-de-la-armonia-gastronomica-y-del-vino","status":"publish","type":"post","link":"https:\/\/www.mendoza.gov.ar\/prensa\/con-gran-exito-se-realizo-la-presentacion-local-de-mendoza-capital-iberoamericana-de-la-armonia-gastronomica-y-del-vino\/","title":{"rendered":"Con mucho \u00e9xito, se realiz\u00f3 la presentaci\u00f3n local de Mendoza, Capital Iberoamericana de la Armon\u00eda Gastron\u00f3mica y del Vino"},"content":{"rendered":"<!DOCTYPE html PUBLIC \"-\/\/W3C\/\/DTD HTML 4.0 Transitional\/\/EN\" \"http:\/\/www.w3.org\/TR\/REC-html40\/loose.dtd\">\n<html><body><h5>Durante un a&ntilde;o, nuestra provincia ostenta esta importante distinci&oacute;n otorgada por la Academia Iberoamericana de Gastronom&iacute;a.&nbsp;<\/h5>\n\n\n\n<p>La ministra de Cultura y Turismo, Nora Vicario, present&oacute; oficialmente a &nbsp; Mendoza Capital Iberoamericana de la Armon&iacute;a Gastron&oacute;mica &ndash; Protagonista del Vino 2023. Este martes por la tarde, ante una numerosa y distinguida asistencia, con autoridades provinciales e importantes invitados, se vivi&oacute; una velada grandiosa en el Sal&oacute;n de los Espejos del Hotel Park Hyatt Mendoza.&nbsp;<\/p>\n\n\n\n<p>En este acto, se oficializ&oacute; esta importante distinci&oacute;n para Mendoza que, por un a&ntilde;o, es la nueva Capital Iberoamericana de la Armon&iacute;a Gastron&oacute;mica, t&iacute;tulo otorgado por la Academia Iberoamericana de Gastronom&iacute;a.<\/p>\n\n\n\n<p>Estuvieron presentes la presidenta de la Academia Argentina de Gastronom&iacute;a, Mar&iacute;a Podest&aacute;, y el secretario de la Academia, Santiago Fern&aacute;ndez Madero. Desde Madrid, el presidente de la Academia Iberoamericana de Gastronom&iacute;a, Rafael Oliart Ans&oacute;n, estuvo presente a trav&eacute;s de un mensaje de agradecimiento y de reconocimiento. Adem&aacute;s, cont&oacute; con la presencia del ex gobernador y senador nacional Alfredo Cornejo; el intendente de la Ciudad de Mendoza, Ulpiano Suarez, y el intendente de Guaymall&eacute;n, Marcelino Iglesias, entre otros funcionarios provinciales.<\/p>\n\n\n\n<p>A partir de este reconocimiento, la ministra de Cultura y Turismo, Nora Vicario, destac&oacute;: &ldquo;Hoy, Mendoza le otorga una nueva Capital a la Argentina: Mendoza Capital Iberoamericana de la Armon&iacute;a Gastron&oacute;mica, que pone al vino como protagonista de las identidades locales, culturales y tur&iacute;sticas. Esta designaci&oacute;n nos honra y nos brinda un importante compromiso&rdquo;.&nbsp;<\/p>\n\n\n\n<p>&ldquo;Somos conscientes de que el vino es mucho m&aacute;s que una bebida: el vino es un s&iacute;mbolo de nuestra historia, cultura, econom&iacute;a y turismo. Es tambi&eacute;n una expresi&oacute;n de identidad, de diversidad y de nuestras propias capacidades. Nos representa y nos proyecta al mundo y, por eso, trabajamos para fortalecer estos sectores que son parte del crecimiento de Mendoza. Este sector ha producido un salto de calidad para situarnos y competir en el mercado internacional&rdquo;, resalt&oacute; la funcionaria.<\/p>\n\n\n\n<p>Quien tambi&eacute;n se expres&oacute; al respecto fue la presidenta de la Academia Argentina de Gastronom&iacute;a, Mar&iacute;a Podest&aacute;, quien destac&oacute;: &ldquo;Esta es la primera vez mundialmente que se otorga una capitalidad de la armon&iacute;a en donde participan la gastronom&iacute;a y el vino. Es important&iacute;simo para los mendocinos y para la Argentina que se sepa que esta nominaci&oacute;n compiti&oacute; con muchas otras capitales enormemente importantes a nivel mundial, como Jetez, Rioja y Oporto, y realmente sorprende porque hubo unanimidad de los 15 miembros de las asociaciones de la Academia Iberoamericana en votar a favor de la capitalidad de la provincia de Mendoza.&nbsp;<\/p>\n\n\n\n<p>Adem&aacute;s, agreg&oacute;: &ldquo;El pueblo de Mendoza tiene todas las cualidades y contra la calidad no se discute. Entonces, si a eso le acompa&ntilde;amos con hermosos paisajes, la hospitalidad de la gente, la gastronom&iacute;a fant&aacute;stica, y le agregamos este vino que hace la diferencia en cualquier parte del mundo, bienvenida a la capitalidad, muy merecida&rdquo;.<\/p>\n\n\n\n<p>Por otra parte, tambi&eacute;n, otros invitados especiales que asistieron a esta fueron:<\/p>\n\n\n\n<p>&ndash; El vicepresidente de Wine of Argentina Mauricio Boullade, la gerente general Magdalena Pesce y Juan Pablo Sandoni, relaciones institucionales.<\/p>\n\n\n\n<p>&ndash; El gerente general de COVIAR Carlos Fiochetta<\/p>\n\n\n\n<p>&ndash; El presidente de Bodegas Argentinas Walter Bressia y el director ejecutivo Milton Kuret.<\/p>\n\n\n\n<p>&ndash; Presidente del Fondo Vitivin&iacute;cola Bernardo Lanzillota y el gerente Sergio Villanueva.<\/p>\n\n\n\n<p>&ndash; La presidenta de AMUVA Cristina Pandolfi y la vicepresidenta Alejandra Gil Polesman.<\/p>\n\n\n\n<p>&ndash; El presidente de A.E.H.G.A Edmundo Day y la vicepresidenta gastron&oacute;mica Beatriz Barbera.<\/p>\n\n\n\n<p>&ndash; Presidente de la C&aacute;mara de Promoci&oacute;n Tur&iacute;stica Arturo Gonz&aacute;lez Mart&iacute;n&nbsp; y la presidenta de la C&aacute;mara de Hoteler&iacute;a de Mendoza Mar&iacute;a Marta Hidalgo.<\/p>\n\n\n\n<p>&ndash; Del Instituto Zaldivar, Robert y Estela Zaldivar.&nbsp;<\/p>\n\n\n\n<p>&ndash; Presidente de Mendoza Bureau, Federico Barzola.<\/p>\n\n\n\n<p>&ndash; Tambi&eacute;n los en&oacute;logos Silvio Alberto, de Bodegas Bianchi, Mariano Di Paola, de Rutini Wines, Juan Roby, Bodega Lagarde, Juan Pablo Murgia, Bodega Argento, Tom&aacute;s Hughes de Bodega Decero y Gabriel Guardia, de Laur.<\/p>\n\n\n\n<figure class=\"wp-block-gallery columns-3\"><ul class=\"blocks-gallery-grid\"><li class=\"blocks-gallery-item\"><figure><a href=\"https:\/\/www.mendoza.gov.ar\/wp-content\/uploads\/sites\/5\/2023\/07\/dsc35-700x477.jpeg\"><img loading=\"lazy\" width=\"700\" height=\"477\" src=\"https:\/\/www.mendoza.gov.ar\/wp-content\/uploads\/sites\/5\/2023\/07\/dsc35-700x477.jpeg\" alt=\"\" data-id=\"365881\" data-link=\"https:\/\/www.mendoza.gov.ar\/prensa\/?attachment_id=365881\" class=\"wp-image-365881 img-responsive center-block\" srcset=\"https:\/\/www.mendoza.gov.ar\/wp-content\/uploads\/sites\/5\/2023\/07\/dsc35-700x477.jpeg 700w, https:\/\/www.mendoza.gov.ar\/wp-content\/uploads\/sites\/5\/2023\/07\/dsc35-250x170.jpeg 250w, https:\/\/www.mendoza.gov.ar\/wp-content\/uploads\/sites\/5\/2023\/07\/dsc35-768x524.jpeg 768w, https:\/\/www.mendoza.gov.ar\/wp-content\/uploads\/sites\/5\/2023\/07\/dsc35-1536x1047.jpeg 1536w, https:\/\/www.mendoza.gov.ar\/wp-content\/uploads\/sites\/5\/2023\/07\/dsc35-2048x1396.jpeg 2048w, https:\/\/www.mendoza.gov.ar\/wp-content\/uploads\/sites\/5\/2023\/07\/dsc35-120x82.jpeg 120w\" sizes=\"(max-width: 700px) 100vw, 700px\"><\/a><\/figure><\/li><li class=\"blocks-gallery-item\"><figure><a href=\"https:\/\/www.mendoza.gov.ar\/wp-content\/uploads\/sites\/5\/2023\/07\/dsc25-700x466.jpeg\"><img loading=\"lazy\" width=\"700\" height=\"466\" src=\"https:\/\/www.mendoza.gov.ar\/wp-content\/uploads\/sites\/5\/2023\/07\/dsc25-700x466.jpeg\" alt=\"\" data-id=\"365882\" data-link=\"https:\/\/www.mendoza.gov.ar\/prensa\/?attachment_id=365882\" class=\"wp-image-365882 img-responsive center-block\" srcset=\"https:\/\/www.mendoza.gov.ar\/wp-content\/uploads\/sites\/5\/2023\/07\/dsc25-700x466.jpeg 700w, https:\/\/www.mendoza.gov.ar\/wp-content\/uploads\/sites\/5\/2023\/07\/dsc25-250x167.jpeg 250w, https:\/\/www.mendoza.gov.ar\/wp-content\/uploads\/sites\/5\/2023\/07\/dsc25-768x512.jpeg 768w, https:\/\/www.mendoza.gov.ar\/wp-content\/uploads\/sites\/5\/2023\/07\/dsc25-1536x1024.jpeg 1536w, https:\/\/www.mendoza.gov.ar\/wp-content\/uploads\/sites\/5\/2023\/07\/dsc25-2048x1365.jpeg 2048w, https:\/\/www.mendoza.gov.ar\/wp-content\/uploads\/sites\/5\/2023\/07\/dsc25-120x80.jpeg 120w\" sizes=\"(max-width: 700px) 100vw, 700px\"><\/a><\/figure><\/li><li class=\"blocks-gallery-item\"><figure><a href=\"https:\/\/www.mendoza.gov.ar\/wp-content\/uploads\/sites\/5\/2023\/07\/dsc27-700x467.jpeg\"><img loading=\"lazy\" width=\"700\" height=\"467\" src=\"https:\/\/www.mendoza.gov.ar\/wp-content\/uploads\/sites\/5\/2023\/07\/dsc27-700x467.jpeg\" alt=\"\" data-id=\"365883\" data-link=\"https:\/\/www.mendoza.gov.ar\/prensa\/?attachment_id=365883\" class=\"wp-image-365883 img-responsive center-block\" srcset=\"https:\/\/www.mendoza.gov.ar\/wp-content\/uploads\/sites\/5\/2023\/07\/dsc27-700x467.jpeg 700w, https:\/\/www.mendoza.gov.ar\/wp-content\/uploads\/sites\/5\/2023\/07\/dsc27-250x167.jpeg 250w, https:\/\/www.mendoza.gov.ar\/wp-content\/uploads\/sites\/5\/2023\/07\/dsc27-768x512.jpeg 768w, https:\/\/www.mendoza.gov.ar\/wp-content\/uploads\/sites\/5\/2023\/07\/dsc27-1536x1024.jpeg 1536w, https:\/\/www.mendoza.gov.ar\/wp-content\/uploads\/sites\/5\/2023\/07\/dsc27-2048x1365.jpeg 2048w, https:\/\/www.mendoza.gov.ar\/wp-content\/uploads\/sites\/5\/2023\/07\/dsc27-120x80.jpeg 120w\" sizes=\"(max-width: 700px) 100vw, 700px\"><\/a><\/figure><\/li><li class=\"blocks-gallery-item\"><figure><a href=\"https:\/\/www.mendoza.gov.ar\/wp-content\/uploads\/sites\/5\/2023\/07\/dsc26-700x467.jpeg\"><img loading=\"lazy\" width=\"700\" height=\"467\" src=\"https:\/\/www.mendoza.gov.ar\/wp-content\/uploads\/sites\/5\/2023\/07\/dsc26-700x467.jpeg\" alt=\"\" data-id=\"365884\" data-link=\"https:\/\/www.mendoza.gov.ar\/prensa\/?attachment_id=365884\" class=\"wp-image-365884 img-responsive center-block\" srcset=\"https:\/\/www.mendoza.gov.ar\/wp-content\/uploads\/sites\/5\/2023\/07\/dsc26-700x467.jpeg 700w, https:\/\/www.mendoza.gov.ar\/wp-content\/uploads\/sites\/5\/2023\/07\/dsc26-250x167.jpeg 250w, https:\/\/www.mendoza.gov.ar\/wp-content\/uploads\/sites\/5\/2023\/07\/dsc26-768x512.jpeg 768w, https:\/\/www.mendoza.gov.ar\/wp-content\/uploads\/sites\/5\/2023\/07\/dsc26-1536x1024.jpeg 1536w, https:\/\/www.mendoza.gov.ar\/wp-content\/uploads\/sites\/5\/2023\/07\/dsc26-2048x1365.jpeg 2048w, https:\/\/www.mendoza.gov.ar\/wp-content\/uploads\/sites\/5\/2023\/07\/dsc26-120x80.jpeg 120w\" sizes=\"(max-width: 700px) 100vw, 700px\"><\/a><\/figure><\/li><li class=\"blocks-gallery-item\"><figure><a href=\"https:\/\/www.mendoza.gov.ar\/wp-content\/uploads\/sites\/5\/2023\/07\/dsc24-700x466.jpeg\"><img src=\"https:\/\/www.mendoza.gov.ar\/wp-content\/uploads\/sites\/5\/2023\/07\/dsc24-700x466.jpeg\" alt=\"\" data-id=\"365885\" data-link=\"https:\/\/www.mendoza.gov.ar\/prensa\/?attachment_id=365885\" class=\"wp-image-365885 img-responsive center-block\"><\/a><\/figure><\/li><li class=\"blocks-gallery-item\"><figure><a href=\"https:\/\/www.mendoza.gov.ar\/wp-content\/uploads\/sites\/5\/2023\/07\/IMG_7625.jpg\"><img loading=\"lazy\" width=\"700\" height=\"467\" src=\"https:\/\/www.mendoza.gov.ar\/wp-content\/uploads\/sites\/5\/2023\/07\/IMG_7625-700x467.jpg\" alt=\"\" data-id=\"365887\" data-full-url=\"https:\/\/www.mendoza.gov.ar\/wp-content\/uploads\/sites\/5\/2023\/07\/IMG_7625.jpg\" data-link=\"https:\/\/www.mendoza.gov.ar\/prensa\/con-gran-exito-se-realizo-la-presentacion-local-de-mendoza-capital-iberoamericana-de-la-armonia-gastronomica-y-del-vino\/img_7625\/\" class=\"wp-image-365887 img-responsive center-block\" srcset=\"https:\/\/www.mendoza.gov.ar\/wp-content\/uploads\/sites\/5\/2023\/07\/IMG_7625-700x467.jpg 700w, https:\/\/www.mendoza.gov.ar\/wp-content\/uploads\/sites\/5\/2023\/07\/IMG_7625-250x167.jpg 250w, https:\/\/www.mendoza.gov.ar\/wp-content\/uploads\/sites\/5\/2023\/07\/IMG_7625-768x512.jpg 768w, https:\/\/www.mendoza.gov.ar\/wp-content\/uploads\/sites\/5\/2023\/07\/IMG_7625-1536x1024.jpg 1536w, https:\/\/www.mendoza.gov.ar\/wp-content\/uploads\/sites\/5\/2023\/07\/IMG_7625-2048x1365.jpg 2048w, https:\/\/www.mendoza.gov.ar\/wp-content\/uploads\/sites\/5\/2023\/07\/IMG_7625-120x80.jpg 120w\" sizes=\"(max-width: 700px) 100vw, 700px\"><\/a><\/figure><\/li><li class=\"blocks-gallery-item\"><figure><a href=\"https:\/\/www.mendoza.gov.ar\/wp-content\/uploads\/sites\/5\/2023\/07\/IMG_7663.jpg\"><img loading=\"lazy\" width=\"700\" height=\"467\" src=\"https:\/\/www.mendoza.gov.ar\/wp-content\/uploads\/sites\/5\/2023\/07\/IMG_7663-700x467.jpg\" alt=\"\" data-id=\"365888\" data-full-url=\"https:\/\/www.mendoza.gov.ar\/wp-content\/uploads\/sites\/5\/2023\/07\/IMG_7663.jpg\" data-link=\"https:\/\/www.mendoza.gov.ar\/prensa\/con-gran-exito-se-realizo-la-presentacion-local-de-mendoza-capital-iberoamericana-de-la-armonia-gastronomica-y-del-vino\/img_7663\/\" class=\"wp-image-365888 img-responsive center-block\" srcset=\"https:\/\/www.mendoza.gov.ar\/wp-content\/uploads\/sites\/5\/2023\/07\/IMG_7663-700x467.jpg 700w, https:\/\/www.mendoza.gov.ar\/wp-content\/uploads\/sites\/5\/2023\/07\/IMG_7663-250x167.jpg 250w, https:\/\/www.mendoza.gov.ar\/wp-content\/uploads\/sites\/5\/2023\/07\/IMG_7663-768x512.jpg 768w, https:\/\/www.mendoza.gov.ar\/wp-content\/uploads\/sites\/5\/2023\/07\/IMG_7663-1536x1024.jpg 1536w, https:\/\/www.mendoza.gov.ar\/wp-content\/uploads\/sites\/5\/2023\/07\/IMG_7663-2048x1365.jpg 2048w, https:\/\/www.mendoza.gov.ar\/wp-content\/uploads\/sites\/5\/2023\/07\/IMG_7663-120x80.jpg 120w\" sizes=\"(max-width: 700px) 100vw, 700px\"><\/a><\/figure><\/li><li class=\"blocks-gallery-item\"><figure><a href=\"https:\/\/www.mendoza.gov.ar\/wp-content\/uploads\/sites\/5\/2023\/07\/IMG_7696.jpg\"><img loading=\"lazy\" width=\"700\" height=\"467\" src=\"https:\/\/www.mendoza.gov.ar\/wp-content\/uploads\/sites\/5\/2023\/07\/IMG_7696-700x467.jpg\" alt=\"\" data-id=\"365889\" data-full-url=\"https:\/\/www.mendoza.gov.ar\/wp-content\/uploads\/sites\/5\/2023\/07\/IMG_7696.jpg\" data-link=\"https:\/\/www.mendoza.gov.ar\/prensa\/con-gran-exito-se-realizo-la-presentacion-local-de-mendoza-capital-iberoamericana-de-la-armonia-gastronomica-y-del-vino\/img_7696-2\/\" class=\"wp-image-365889 img-responsive center-block\" srcset=\"https:\/\/www.mendoza.gov.ar\/wp-content\/uploads\/sites\/5\/2023\/07\/IMG_7696-700x467.jpg 700w, https:\/\/www.mendoza.gov.ar\/wp-content\/uploads\/sites\/5\/2023\/07\/IMG_7696-250x167.jpg 250w, https:\/\/www.mendoza.gov.ar\/wp-content\/uploads\/sites\/5\/2023\/07\/IMG_7696-768x512.jpg 768w, https:\/\/www.mendoza.gov.ar\/wp-content\/uploads\/sites\/5\/2023\/07\/IMG_7696-1536x1024.jpg 1536w, https:\/\/www.mendoza.gov.ar\/wp-content\/uploads\/sites\/5\/2023\/07\/IMG_7696-2048x1365.jpg 2048w, https:\/\/www.mendoza.gov.ar\/wp-content\/uploads\/sites\/5\/2023\/07\/IMG_7696-120x80.jpg 120w\" sizes=\"(max-width: 700px) 100vw, 700px\"><\/a><\/figure><\/li><li class=\"blocks-gallery-item\"><figure><a href=\"https:\/\/www.mendoza.gov.ar\/wp-content\/uploads\/sites\/5\/2023\/07\/LA7_9006.jpg\"><img loading=\"lazy\" width=\"700\" height=\"466\" src=\"https:\/\/www.mendoza.gov.ar\/wp-content\/uploads\/sites\/5\/2023\/07\/LA7_9006-700x466.jpg\" alt=\"\" data-id=\"365890\" data-full-url=\"https:\/\/www.mendoza.gov.ar\/wp-content\/uploads\/sites\/5\/2023\/07\/LA7_9006.jpg\" data-link=\"https:\/\/www.mendoza.gov.ar\/prensa\/con-gran-exito-se-realizo-la-presentacion-local-de-mendoza-capital-iberoamericana-de-la-armonia-gastronomica-y-del-vino\/la7_9006\/\" class=\"wp-image-365890 img-responsive center-block\" srcset=\"https:\/\/www.mendoza.gov.ar\/wp-content\/uploads\/sites\/5\/2023\/07\/LA7_9006-700x466.jpg 700w, https:\/\/www.mendoza.gov.ar\/wp-content\/uploads\/sites\/5\/2023\/07\/LA7_9006-250x166.jpg 250w, https:\/\/www.mendoza.gov.ar\/wp-content\/uploads\/sites\/5\/2023\/07\/LA7_9006-768x511.jpg 768w, https:\/\/www.mendoza.gov.ar\/wp-content\/uploads\/sites\/5\/2023\/07\/LA7_9006-1536x1022.jpg 1536w, https:\/\/www.mendoza.gov.ar\/wp-content\/uploads\/sites\/5\/2023\/07\/LA7_9006-2048x1363.jpg 2048w, https:\/\/www.mendoza.gov.ar\/wp-content\/uploads\/sites\/5\/2023\/07\/LA7_9006-120x80.jpg 120w\" sizes=\"(max-width: 700px) 100vw, 700px\"><\/a><\/figure><\/li><li class=\"blocks-gallery-item\"><figure><a href=\"https:\/\/www.mendoza.gov.ar\/wp-content\/uploads\/sites\/5\/2023\/07\/LA7_9085.jpg\"><img loading=\"lazy\" width=\"700\" height=\"466\" src=\"https:\/\/www.mendoza.gov.ar\/wp-content\/uploads\/sites\/5\/2023\/07\/LA7_9085-700x466.jpg\" alt=\"\" data-id=\"365891\" data-full-url=\"https:\/\/www.mendoza.gov.ar\/wp-content\/uploads\/sites\/5\/2023\/07\/LA7_9085.jpg\" data-link=\"https:\/\/www.mendoza.gov.ar\/prensa\/con-gran-exito-se-realizo-la-presentacion-local-de-mendoza-capital-iberoamericana-de-la-armonia-gastronomica-y-del-vino\/la7_9085\/\" class=\"wp-image-365891 img-responsive center-block\" srcset=\"https:\/\/www.mendoza.gov.ar\/wp-content\/uploads\/sites\/5\/2023\/07\/LA7_9085-700x466.jpg 700w, https:\/\/www.mendoza.gov.ar\/wp-content\/uploads\/sites\/5\/2023\/07\/LA7_9085-250x166.jpg 250w, https:\/\/www.mendoza.gov.ar\/wp-content\/uploads\/sites\/5\/2023\/07\/LA7_9085-768x511.jpg 768w, https:\/\/www.mendoza.gov.ar\/wp-content\/uploads\/sites\/5\/2023\/07\/LA7_9085-1536x1022.jpg 1536w, https:\/\/www.mendoza.gov.ar\/wp-content\/uploads\/sites\/5\/2023\/07\/LA7_9085-2048x1363.jpg 2048w, https:\/\/www.mendoza.gov.ar\/wp-content\/uploads\/sites\/5\/2023\/07\/LA7_9085-120x80.jpg 120w\" sizes=\"(max-width: 700px) 100vw, 700px\"><\/a><\/figure><\/li><li class=\"blocks-gallery-item\"><figure><a href=\"https:\/\/www.mendoza.gov.ar\/wp-content\/uploads\/sites\/5\/2023\/07\/LA7_9155.jpg\"><img loading=\"lazy\" width=\"700\" height=\"466\" src=\"https:\/\/www.mendoza.gov.ar\/wp-content\/uploads\/sites\/5\/2023\/07\/LA7_9155-700x466.jpg\" alt=\"\" data-id=\"365892\" data-full-url=\"https:\/\/www.mendoza.gov.ar\/wp-content\/uploads\/sites\/5\/2023\/07\/LA7_9155.jpg\" data-link=\"https:\/\/www.mendoza.gov.ar\/prensa\/con-gran-exito-se-realizo-la-presentacion-local-de-mendoza-capital-iberoamericana-de-la-armonia-gastronomica-y-del-vino\/la7_9155\/\" class=\"wp-image-365892 img-responsive center-block\" srcset=\"https:\/\/www.mendoza.gov.ar\/wp-content\/uploads\/sites\/5\/2023\/07\/LA7_9155-700x466.jpg 700w, https:\/\/www.mendoza.gov.ar\/wp-content\/uploads\/sites\/5\/2023\/07\/LA7_9155-250x166.jpg 250w, https:\/\/www.mendoza.gov.ar\/wp-content\/uploads\/sites\/5\/2023\/07\/LA7_9155-768x511.jpg 768w, https:\/\/www.mendoza.gov.ar\/wp-content\/uploads\/sites\/5\/2023\/07\/LA7_9155-1536x1022.jpg 1536w, https:\/\/www.mendoza.gov.ar\/wp-content\/uploads\/sites\/5\/2023\/07\/LA7_9155-2048x1363.jpg 2048w, https:\/\/www.mendoza.gov.ar\/wp-content\/uploads\/sites\/5\/2023\/07\/LA7_9155-120x80.jpg 120w\" sizes=\"(max-width: 700px) 100vw, 700px\"><\/a><\/figure><\/li><li class=\"blocks-gallery-item\"><figure><a href=\"https:\/\/www.mendoza.gov.ar\/wp-content\/uploads\/sites\/5\/2023\/07\/LA7_9158-Mejorado-NR.jpg\"><img loading=\"lazy\" width=\"700\" height=\"466\" src=\"https:\/\/www.mendoza.gov.ar\/wp-content\/uploads\/sites\/5\/2023\/07\/LA7_9158-Mejorado-NR-700x466.jpg\" alt=\"\" data-id=\"365893\" data-full-url=\"https:\/\/www.mendoza.gov.ar\/wp-content\/uploads\/sites\/5\/2023\/07\/LA7_9158-Mejorado-NR.jpg\" data-link=\"https:\/\/www.mendoza.gov.ar\/prensa\/con-gran-exito-se-realizo-la-presentacion-local-de-mendoza-capital-iberoamericana-de-la-armonia-gastronomica-y-del-vino\/la7_9158-mejorado-nr\/\" class=\"wp-image-365893 img-responsive center-block\" srcset=\"https:\/\/www.mendoza.gov.ar\/wp-content\/uploads\/sites\/5\/2023\/07\/LA7_9158-Mejorado-NR-700x466.jpg 700w, https:\/\/www.mendoza.gov.ar\/wp-content\/uploads\/sites\/5\/2023\/07\/LA7_9158-Mejorado-NR-250x166.jpg 250w, https:\/\/www.mendoza.gov.ar\/wp-content\/uploads\/sites\/5\/2023\/07\/LA7_9158-Mejorado-NR-768x511.jpg 768w, https:\/\/www.mendoza.gov.ar\/wp-content\/uploads\/sites\/5\/2023\/07\/LA7_9158-Mejorado-NR-1536x1022.jpg 1536w, https:\/\/www.mendoza.gov.ar\/wp-content\/uploads\/sites\/5\/2023\/07\/LA7_9158-Mejorado-NR-2048x1363.jpg 2048w, https:\/\/www.mendoza.gov.ar\/wp-content\/uploads\/sites\/5\/2023\/07\/LA7_9158-Mejorado-NR-120x80.jpg 120w\" sizes=\"(max-width: 700px) 100vw, 700px\"><\/a><\/figure><\/li><li class=\"blocks-gallery-item\"><figure><a href=\"https:\/\/www.mendoza.gov.ar\/wp-content\/uploads\/sites\/5\/2023\/07\/LA7_9166.jpg\"><img loading=\"lazy\" width=\"700\" height=\"466\" src=\"https:\/\/www.mendoza.gov.ar\/wp-content\/uploads\/sites\/5\/2023\/07\/LA7_9166-700x466.jpg\" alt=\"\" data-id=\"365894\" data-full-url=\"https:\/\/www.mendoza.gov.ar\/wp-content\/uploads\/sites\/5\/2023\/07\/LA7_9166.jpg\" data-link=\"https:\/\/www.mendoza.gov.ar\/prensa\/con-gran-exito-se-realizo-la-presentacion-local-de-mendoza-capital-iberoamericana-de-la-armonia-gastronomica-y-del-vino\/la7_9166\/\" class=\"wp-image-365894 img-responsive center-block\" srcset=\"https:\/\/www.mendoza.gov.ar\/wp-content\/uploads\/sites\/5\/2023\/07\/LA7_9166-700x466.jpg 700w, https:\/\/www.mendoza.gov.ar\/wp-content\/uploads\/sites\/5\/2023\/07\/LA7_9166-250x166.jpg 250w, https:\/\/www.mendoza.gov.ar\/wp-content\/uploads\/sites\/5\/2023\/07\/LA7_9166-768x511.jpg 768w, https:\/\/www.mendoza.gov.ar\/wp-content\/uploads\/sites\/5\/2023\/07\/LA7_9166-1536x1022.jpg 1536w, https:\/\/www.mendoza.gov.ar\/wp-content\/uploads\/sites\/5\/2023\/07\/LA7_9166-2048x1363.jpg 2048w, https:\/\/www.mendoza.gov.ar\/wp-content\/uploads\/sites\/5\/2023\/07\/LA7_9166-120x80.jpg 120w\" sizes=\"(max-width: 700px) 100vw, 700px\"><\/a><\/figure><\/li><li class=\"blocks-gallery-item\"><figure><a href=\"https:\/\/www.mendoza.gov.ar\/wp-content\/uploads\/sites\/5\/2023\/07\/LA7_9193.jpg\"><img loading=\"lazy\" width=\"700\" height=\"466\" src=\"https:\/\/www.mendoza.gov.ar\/wp-content\/uploads\/sites\/5\/2023\/07\/LA7_9193-700x466.jpg\" alt=\"\" data-id=\"365895\" data-full-url=\"https:\/\/www.mendoza.gov.ar\/wp-content\/uploads\/sites\/5\/2023\/07\/LA7_9193.jpg\" data-link=\"https:\/\/www.mendoza.gov.ar\/prensa\/con-gran-exito-se-realizo-la-presentacion-local-de-mendoza-capital-iberoamericana-de-la-armonia-gastronomica-y-del-vino\/la7_9193\/\" class=\"wp-image-365895 img-responsive center-block\" srcset=\"https:\/\/www.mendoza.gov.ar\/wp-content\/uploads\/sites\/5\/2023\/07\/LA7_9193-700x466.jpg 700w, https:\/\/www.mendoza.gov.ar\/wp-content\/uploads\/sites\/5\/2023\/07\/LA7_9193-250x166.jpg 250w, https:\/\/www.mendoza.gov.ar\/wp-content\/uploads\/sites\/5\/2023\/07\/LA7_9193-768x511.jpg 768w, https:\/\/www.mendoza.gov.ar\/wp-content\/uploads\/sites\/5\/2023\/07\/LA7_9193-1536x1022.jpg 1536w, https:\/\/www.mendoza.gov.ar\/wp-content\/uploads\/sites\/5\/2023\/07\/LA7_9193-2048x1363.jpg 2048w, https:\/\/www.mendoza.gov.ar\/wp-content\/uploads\/sites\/5\/2023\/07\/LA7_9193-120x80.jpg 120w\" sizes=\"(max-width: 700px) 100vw, 700px\"><\/a><\/figure><\/li><\/ul><\/figure>\n<\/body><\/html>\n","protected":false},"excerpt":{"rendered":"Durante un a&ntilde;o, nuestra provincia ostenta esta importante distinci&oacute;n otorgada por la Academia Iberoamericana de Gastronom&iacute;a.&nbsp; La ministra de Cultura y Turismo, Nora Vicario, present&oacute; oficialmente a &nbsp; Mendoza Capital Iberoamericana de la Armon&iacute;a Gastron&oacute;mica &ndash; Protagonista del Vino 2023. Este martes por la tarde, ante una numerosa y distinguida asistencia, con autoridades provinciales e&#8230; <a class=\"view-article\" href=\"https:\/\/www.mendoza.gov.ar\/prensa\/con-gran-exito-se-realizo-la-presentacion-local-de-mendoza-capital-iberoamericana-de-la-armonia-gastronomica-y-del-vino\/\"><\/a>","protected":false},"author":68,"featured_media":365885,"comment_status":"open","ping_status":"open","sticky":false,"template":"","format":"standard","meta":[],"categories":[37,2711,3052],"tags":[],"_links":{"self":[{"href":"https:\/\/www.mendoza.gov.ar\/prensa\/wp-json\/wp\/v2\/posts\/365879"}],"collection":[{"href":"https:\/\/www.mendoza.gov.ar\/prensa\/wp-json\/wp\/v2\/posts"}],"about":[{"href":"https:\/\/www.mendoza.gov.ar\/prensa\/wp-json\/wp\/v2\/types\/post"}],"author":[{"embeddable":true,"href":"https:\/\/www.mendoza.gov.ar\/prensa\/wp-json\/wp\/v2\/users\/68"}],"replies":[{"embeddable":true,"href":"https:\/\/www.mendoza.gov.ar\/prensa\/wp-json\/wp\/v2\/comments?post=365879"}],"version-history":[{"count":7,"href":"https:\/\/www.mendoza.gov.ar\/prensa\/wp-json\/wp\/v2\/posts\/365879\/revisions"}],"predecessor-version":[{"id":365982,"href":"https:\/\/www.mendoza.gov.ar\/prensa\/wp-json\/wp\/v2\/posts\/365879\/revisions\/365982"}],"wp:featuredmedia":[{"embeddable":true,"href":"https:\/\/www.mendoza.gov.ar\/prensa\/wp-json\/wp\/v2\/media\/365885"}],"wp:attachment":[{"href":"https:\/\/www.mendoza.gov.ar\/prensa\/wp-json\/wp\/v2\/media?parent=365879"}],"wp:term":[{"taxonomy":"category","embeddable":true,"href":"https:\/\/www.mendoza.gov.ar\/prensa\/wp-json\/wp\/v2\/categories?post=365879"},{"taxonomy":"post_tag","embeddable":true,"href":"https:\/\/www.mendoza.gov.ar\/prensa\/wp-json\/wp\/v2\/tags?post=365879"}],"curies":[{"name":"wp","href":"https:\/\/api.w.org\/{rel}","templated":true}]}}