{"id":369439,"date":"2023-08-07T16:20:35","date_gmt":"2023-08-07T19:20:35","guid":{"rendered":"https:\/\/www.mendoza.gov.ar\/prensa\/?p=369439"},"modified":"2023-08-07T19:05:44","modified_gmt":"2023-08-07T22:05:44","slug":"capacitacion-salud-mental-en-ambitos-deportivos-escolares-para-profesionales-de-la-educacion-fisica-del-sur-provincial","status":"publish","type":"post","link":"https:\/\/www.mendoza.gov.ar\/prensa\/capacitacion-salud-mental-en-ambitos-deportivos-escolares-para-profesionales-de-la-educacion-fisica-del-sur-provincial\/","title":{"rendered":"Capacitaci\u00f3n &#8220;Salud mental en \u00e1mbitos deportivos escolares&#8221;, para profesionales de Educaci\u00f3n F\u00edsica del Sur provincial"},"content":{"rendered":"<!DOCTYPE html PUBLIC \"-\/\/W3C\/\/DTD HTML 4.0 Transitional\/\/EN\" \"http:\/\/www.w3.org\/TR\/REC-html40\/loose.dtd\">\n<html><body><h5>En las charlas, que se realizaron en distintas zonas, se compartieron herramientas para abordar problem&aacute;ticas que afectan a chicos y chicas.<\/h5>\n\n\n\n<p>El &uacute;ltimo s&aacute;bado se realiz&oacute; un nuevo encuentro de la capacitaci&oacute;n &ldquo;Desarrollo de la salud mental en &aacute;mbitos deportivos escolares&rdquo;.<\/p>\n\n\n\n<p>En la oportunidad, 65 profesores de Educaci&oacute;n F&iacute;sica de Malarg&uuml;e, General Alvear y San Rafael se reunieron en el Centro de Congresos y Exposiciones de San Rafael para conocer informaci&oacute;n y adquirir herramientas que les permitan abordar distintas situaciones que se presentan en las escuelas de la provincia.<\/p>\n\n\n\n<p>Estas capacitaciones fueron organizadas por el Ministerio de Salud, Desarrollo Social y Deportes, a trav&eacute;s de la Subsecretar&iacute;a de Deportes y la Direcci&oacute;n de Salud Mental, en conjunto con la Direcci&oacute;n General de Escuelas de la provincia (DGE).<\/p>\n\n\n\n<p>El &uacute;ltimo encuentro fue el s&aacute;bado 5 de agosto, en San Rafael. Estuvo a cargo de los licenciados en Psicolog&iacute;a Facundo C&oacute;cola y Mariam Mosseta, de la Direcci&oacute;n de Salud Mental de la Provincia.<\/p>\n\n\n\n<p>La directora de Deportes Social y Comunitario, Viviana Balzarelli, particip&oacute; en todos los encuentros. En esta oportunidad, explic&oacute; que &ldquo;el objetivo es capacitar a todos los profesores de Educaci&oacute;n F&iacute;sica de Mendoza que se desempe&ntilde;en en instituciones deportivas y escuelas&rdquo;.<\/p>\n\n\n\n<p>Balzarelli coment&oacute;: &ldquo;Recorrimos toda la provincia con una capacitaci&oacute;n que nos pareci&oacute; muy significativa sobre salud mental y consumos problem&aacute;ticos. Es una tem&aacute;tica muy importante, porque cuando uno est&aacute; en el territorio, se puede encontrar con este tipo de situaciones que no sabe bien c&oacute;mo abordarlas. La idea es dar herramientas para que se sepa que el Gobierno trabaja con una red de contenci&oacute;n. Cada vez se suicidan m&aacute;s j&oacute;venes. Desde Deportes tratamos de dar informaci&oacute;n y este a&ntilde;o lo hicimos en conjunto con la DGE, as&iacute; es que ha sido cerrado, pero ven&iacute;amos trabajando desde el 2021 de manera virtual; en el 2022, presencial, y tambi&eacute;n con el &aacute;rea de G&eacute;nero y Diversidad&rdquo;.<\/p>\n\n\n\n<p>&ldquo;Creemos que son temas que a veces la sociedad los mira de costado, pero es importante ponerlos en valor y conocerlos, porque algunas veces se puede estar frente a situaciones en las que teniendo estas herramientas se puede salvar la vida de alguien. Sobre todo, los profesores de Educaci&oacute;n F&iacute;sica, que tenemos una relaci&oacute;n especial con chicos, j&oacute;venes y adultos mayores&rdquo;.<\/p>\n\n\n\n<p>La directora de Deporte Social y Comunitario asegur&oacute; que est&aacute;n haciendo hincapi&eacute; en profesores de Educaci&oacute;n F&iacute;sica, tanto en polideportivos, escuelas, en el &aacute;rea sanitaria, pero que tambi&eacute;n lo van a hacer extensivo, a partir del a&ntilde;o que viene, a todos los docentes.<\/p>\n\n\n\n<p>Finalmente, se&ntilde;al&oacute; que &ldquo;si bien la pr&aacute;ctica del deporte es un &aacute;mbito sano, es un espacio que no est&aacute; exento de estas problem&aacute;ticas que atraviesan a la sociedad. Por ejemplo, el consumo de alcohol u otras sustancias que son cada vez m&aacute;s accesibles y que tenemos que estar preparados para contenerlos cuando su consumo se hace habitual&rdquo;.<\/p>\n\n\n\n<p>Entre otros temas, los profesionales abordaron los siguientes conceptos: aspectos generales de los consumos problem&aacute;ticos y de los recursos para su abordaje en la red asistencial provincial; posibilidades de trabajo preventivo en el &aacute;mbito de referencia (educativo, deporte, laboral, etc.); herramientas para desarrollar dispositivos preventivos; orientaci&oacute;n de las pr&aacute;cticas educativas para trabajar en la educaci&oacute;n y prevenci&oacute;n sobre los consumos problem&aacute;ticos en todas las modalidades y niveles del sistema Educativo Nacional; alcance de la Resoluci&oacute;n 256\/15 del Consejo Federal de Educaci&oacute;n, y lineamientos curriculares para la prevenci&oacute;n de adicciones en la comunidad educativa.<\/p>\n\n\n\n<p>Tambi&eacute;n se brindaron herramientas de comunicaci&oacute;n y contenci&oacute;n emocional, auxilios psicol&oacute;gicos, captaci&oacute;n y gesti&oacute;n del riesgo suicida en adolescentes, y se explayaron sobre la importancia de la articulaci&oacute;n entre el deporte y la salud mental.<\/p>\n\n\n\n<figure class=\"wp-block-gallery columns-3\"><ul class=\"blocks-gallery-grid\"><li class=\"blocks-gallery-item\"><figure><a href=\"https:\/\/www.mendoza.gov.ar\/wp-content\/uploads\/sites\/5\/2023\/08\/20230805091114__G4_0789-700x467.jpg\"><img loading=\"lazy\" width=\"700\" height=\"467\" src=\"https:\/\/www.mendoza.gov.ar\/wp-content\/uploads\/sites\/5\/2023\/08\/20230805091114__G4_0789-700x467.jpg\" alt=\"\" data-id=\"369441\" data-link=\"https:\/\/www.mendoza.gov.ar\/prensa\/?attachment_id=369441\" class=\"wp-image-369441 img-responsive center-block\" srcset=\"https:\/\/www.mendoza.gov.ar\/wp-content\/uploads\/sites\/5\/2023\/08\/20230805091114__G4_0789-700x467.jpg 700w, https:\/\/www.mendoza.gov.ar\/wp-content\/uploads\/sites\/5\/2023\/08\/20230805091114__G4_0789-250x167.jpg 250w, https:\/\/www.mendoza.gov.ar\/wp-content\/uploads\/sites\/5\/2023\/08\/20230805091114__G4_0789-768x512.jpg 768w, https:\/\/www.mendoza.gov.ar\/wp-content\/uploads\/sites\/5\/2023\/08\/20230805091114__G4_0789-1536x1024.jpg 1536w, https:\/\/www.mendoza.gov.ar\/wp-content\/uploads\/sites\/5\/2023\/08\/20230805091114__G4_0789-120x80.jpg 120w, https:\/\/www.mendoza.gov.ar\/wp-content\/uploads\/sites\/5\/2023\/08\/20230805091114__G4_0789.jpg 1920w\" sizes=\"(max-width: 700px) 100vw, 700px\"><\/a><\/figure><\/li><li class=\"blocks-gallery-item\"><figure><a href=\"https:\/\/www.mendoza.gov.ar\/wp-content\/uploads\/sites\/5\/2023\/08\/20230805091150__G4_0794-700x467.jpg\"><img loading=\"lazy\" width=\"700\" height=\"467\" src=\"https:\/\/www.mendoza.gov.ar\/wp-content\/uploads\/sites\/5\/2023\/08\/20230805091150__G4_0794-700x467.jpg\" alt=\"\" data-id=\"369442\" data-link=\"https:\/\/www.mendoza.gov.ar\/prensa\/?attachment_id=369442\" class=\"wp-image-369442 img-responsive center-block\" srcset=\"https:\/\/www.mendoza.gov.ar\/wp-content\/uploads\/sites\/5\/2023\/08\/20230805091150__G4_0794-700x467.jpg 700w, https:\/\/www.mendoza.gov.ar\/wp-content\/uploads\/sites\/5\/2023\/08\/20230805091150__G4_0794-250x167.jpg 250w, https:\/\/www.mendoza.gov.ar\/wp-content\/uploads\/sites\/5\/2023\/08\/20230805091150__G4_0794-768x512.jpg 768w, https:\/\/www.mendoza.gov.ar\/wp-content\/uploads\/sites\/5\/2023\/08\/20230805091150__G4_0794-1536x1024.jpg 1536w, https:\/\/www.mendoza.gov.ar\/wp-content\/uploads\/sites\/5\/2023\/08\/20230805091150__G4_0794-120x80.jpg 120w, https:\/\/www.mendoza.gov.ar\/wp-content\/uploads\/sites\/5\/2023\/08\/20230805091150__G4_0794.jpg 1920w\" sizes=\"(max-width: 700px) 100vw, 700px\"><\/a><\/figure><\/li><li class=\"blocks-gallery-item\"><figure><a href=\"https:\/\/www.mendoza.gov.ar\/wp-content\/uploads\/sites\/5\/2023\/08\/20230805123439__G4_1052-700x467.jpg\"><img loading=\"lazy\" width=\"700\" height=\"467\" src=\"https:\/\/www.mendoza.gov.ar\/wp-content\/uploads\/sites\/5\/2023\/08\/20230805123439__G4_1052-700x467.jpg\" alt=\"\" data-id=\"369443\" data-link=\"https:\/\/www.mendoza.gov.ar\/prensa\/?attachment_id=369443\" class=\"wp-image-369443 img-responsive center-block\" srcset=\"https:\/\/www.mendoza.gov.ar\/wp-content\/uploads\/sites\/5\/2023\/08\/20230805123439__G4_1052-700x467.jpg 700w, https:\/\/www.mendoza.gov.ar\/wp-content\/uploads\/sites\/5\/2023\/08\/20230805123439__G4_1052-250x167.jpg 250w, https:\/\/www.mendoza.gov.ar\/wp-content\/uploads\/sites\/5\/2023\/08\/20230805123439__G4_1052-768x512.jpg 768w, https:\/\/www.mendoza.gov.ar\/wp-content\/uploads\/sites\/5\/2023\/08\/20230805123439__G4_1052-1536x1024.jpg 1536w, https:\/\/www.mendoza.gov.ar\/wp-content\/uploads\/sites\/5\/2023\/08\/20230805123439__G4_1052-120x80.jpg 120w, https:\/\/www.mendoza.gov.ar\/wp-content\/uploads\/sites\/5\/2023\/08\/20230805123439__G4_1052.jpg 1920w\" sizes=\"(max-width: 700px) 100vw, 700px\"><\/a><\/figure><\/li><li class=\"blocks-gallery-item\"><figure><a href=\"https:\/\/www.mendoza.gov.ar\/wp-content\/uploads\/sites\/5\/2023\/08\/20230805100454__G4_0881-1-700x467.jpg\"><img loading=\"lazy\" width=\"700\" height=\"467\" src=\"https:\/\/www.mendoza.gov.ar\/wp-content\/uploads\/sites\/5\/2023\/08\/20230805100454__G4_0881-1-700x467.jpg\" alt=\"\" data-id=\"369440\" data-link=\"https:\/\/www.mendoza.gov.ar\/prensa\/?attachment_id=369440\" class=\"wp-image-369440 img-responsive center-block\" srcset=\"https:\/\/www.mendoza.gov.ar\/wp-content\/uploads\/sites\/5\/2023\/08\/20230805100454__G4_0881-1-700x467.jpg 700w, https:\/\/www.mendoza.gov.ar\/wp-content\/uploads\/sites\/5\/2023\/08\/20230805100454__G4_0881-1-250x167.jpg 250w, https:\/\/www.mendoza.gov.ar\/wp-content\/uploads\/sites\/5\/2023\/08\/20230805100454__G4_0881-1-768x512.jpg 768w, https:\/\/www.mendoza.gov.ar\/wp-content\/uploads\/sites\/5\/2023\/08\/20230805100454__G4_0881-1-1536x1024.jpg 1536w, https:\/\/www.mendoza.gov.ar\/wp-content\/uploads\/sites\/5\/2023\/08\/20230805100454__G4_0881-1-120x80.jpg 120w, https:\/\/www.mendoza.gov.ar\/wp-content\/uploads\/sites\/5\/2023\/08\/20230805100454__G4_0881-1.jpg 1920w\" sizes=\"(max-width: 700px) 100vw, 700px\"><\/a><figcaption class=\"blocks-gallery-item__caption\">deportes<\/figcaption><\/figure><\/li><li class=\"blocks-gallery-item\"><figure><a href=\"https:\/\/www.mendoza.gov.ar\/wp-content\/uploads\/sites\/5\/2023\/08\/20230805092106__G4_0871-700x467.jpg\"><img loading=\"lazy\" width=\"700\" height=\"467\" src=\"https:\/\/www.mendoza.gov.ar\/wp-content\/uploads\/sites\/5\/2023\/08\/20230805092106__G4_0871-700x467.jpg\" alt=\"\" data-id=\"369444\" data-link=\"https:\/\/www.mendoza.gov.ar\/prensa\/?attachment_id=369444\" class=\"wp-image-369444 img-responsive center-block\" srcset=\"https:\/\/www.mendoza.gov.ar\/wp-content\/uploads\/sites\/5\/2023\/08\/20230805092106__G4_0871-700x467.jpg 700w, https:\/\/www.mendoza.gov.ar\/wp-content\/uploads\/sites\/5\/2023\/08\/20230805092106__G4_0871-250x167.jpg 250w, https:\/\/www.mendoza.gov.ar\/wp-content\/uploads\/sites\/5\/2023\/08\/20230805092106__G4_0871-768x512.jpg 768w, https:\/\/www.mendoza.gov.ar\/wp-content\/uploads\/sites\/5\/2023\/08\/20230805092106__G4_0871-1536x1024.jpg 1536w, https:\/\/www.mendoza.gov.ar\/wp-content\/uploads\/sites\/5\/2023\/08\/20230805092106__G4_0871-120x80.jpg 120w, https:\/\/www.mendoza.gov.ar\/wp-content\/uploads\/sites\/5\/2023\/08\/20230805092106__G4_0871.jpg 1920w\" sizes=\"(max-width: 700px) 100vw, 700px\"><\/a><\/figure><\/li><li class=\"blocks-gallery-item\"><figure><a href=\"https:\/\/www.mendoza.gov.ar\/wp-content\/uploads\/sites\/5\/2023\/08\/20230805091415__G4_0819-1-700x467.jpg\"><img loading=\"lazy\" width=\"700\" height=\"467\" src=\"https:\/\/www.mendoza.gov.ar\/wp-content\/uploads\/sites\/5\/2023\/08\/20230805091415__G4_0819-1-700x467.jpg\" alt=\"\" data-id=\"369445\" data-link=\"https:\/\/www.mendoza.gov.ar\/prensa\/?attachment_id=369445\" class=\"wp-image-369445 img-responsive center-block\" srcset=\"https:\/\/www.mendoza.gov.ar\/wp-content\/uploads\/sites\/5\/2023\/08\/20230805091415__G4_0819-1-700x467.jpg 700w, https:\/\/www.mendoza.gov.ar\/wp-content\/uploads\/sites\/5\/2023\/08\/20230805091415__G4_0819-1-250x167.jpg 250w, https:\/\/www.mendoza.gov.ar\/wp-content\/uploads\/sites\/5\/2023\/08\/20230805091415__G4_0819-1-768x512.jpg 768w, https:\/\/www.mendoza.gov.ar\/wp-content\/uploads\/sites\/5\/2023\/08\/20230805091415__G4_0819-1-1536x1024.jpg 1536w, https:\/\/www.mendoza.gov.ar\/wp-content\/uploads\/sites\/5\/2023\/08\/20230805091415__G4_0819-1-120x80.jpg 120w, https:\/\/www.mendoza.gov.ar\/wp-content\/uploads\/sites\/5\/2023\/08\/20230805091415__G4_0819-1.jpg 1920w\" sizes=\"(max-width: 700px) 100vw, 700px\"><\/a><\/figure><\/li><li class=\"blocks-gallery-item\"><figure><a href=\"https:\/\/www.mendoza.gov.ar\/wp-content\/uploads\/sites\/5\/2023\/08\/20230805091501__G4_0829-1.jpg\"><img src=\"https:\/\/www.mendoza.gov.ar\/wp-content\/uploads\/sites\/5\/2023\/08\/20230805091501__G4_0829-1-700x467.jpg\" alt=\"\" data-id=\"369446\" data-full-url=\"https:\/\/www.mendoza.gov.ar\/wp-content\/uploads\/sites\/5\/2023\/08\/20230805091501__G4_0829-1.jpg\" data-link=\"https:\/\/www.mendoza.gov.ar\/prensa\/?attachment_id=369446\" class=\"wp-image-369446 img-responsive center-block\"><\/a><\/figure><\/li><\/ul><\/figure>\n<\/body><\/html>\n","protected":false},"excerpt":{"rendered":"En las charlas, que se realizaron en distintas zonas, se compartieron herramientas para abordar problem&aacute;ticas que afectan a chicos y chicas. El &uacute;ltimo s&aacute;bado se realiz&oacute; un nuevo encuentro de la capacitaci&oacute;n &ldquo;Desarrollo de la salud mental en &aacute;mbitos deportivos escolares&rdquo;. En la oportunidad, 65 profesores de Educaci&oacute;n F&iacute;sica de Malarg&uuml;e, General Alvear y San&#8230; <a class=\"view-article\" href=\"https:\/\/www.mendoza.gov.ar\/prensa\/capacitacion-salud-mental-en-ambitos-deportivos-escolares-para-profesionales-de-la-educacion-fisica-del-sur-provincial\/\"><\/a>","protected":false},"author":63,"featured_media":369446,"comment_status":"open","ping_status":"open","sticky":false,"template":"","format":"standard","meta":[],"categories":[10,32],"tags":[],"_links":{"self":[{"href":"https:\/\/www.mendoza.gov.ar\/prensa\/wp-json\/wp\/v2\/posts\/369439"}],"collection":[{"href":"https:\/\/www.mendoza.gov.ar\/prensa\/wp-json\/wp\/v2\/posts"}],"about":[{"href":"https:\/\/www.mendoza.gov.ar\/prensa\/wp-json\/wp\/v2\/types\/post"}],"author":[{"embeddable":true,"href":"https:\/\/www.mendoza.gov.ar\/prensa\/wp-json\/wp\/v2\/users\/63"}],"replies":[{"embeddable":true,"href":"https:\/\/www.mendoza.gov.ar\/prensa\/wp-json\/wp\/v2\/comments?post=369439"}],"version-history":[{"count":6,"href":"https:\/\/www.mendoza.gov.ar\/prensa\/wp-json\/wp\/v2\/posts\/369439\/revisions"}],"predecessor-version":[{"id":369464,"href":"https:\/\/www.mendoza.gov.ar\/prensa\/wp-json\/wp\/v2\/posts\/369439\/revisions\/369464"}],"wp:featuredmedia":[{"embeddable":true,"href":"https:\/\/www.mendoza.gov.ar\/prensa\/wp-json\/wp\/v2\/media\/369446"}],"wp:attachment":[{"href":"https:\/\/www.mendoza.gov.ar\/prensa\/wp-json\/wp\/v2\/media?parent=369439"}],"wp:term":[{"taxonomy":"category","embeddable":true,"href":"https:\/\/www.mendoza.gov.ar\/prensa\/wp-json\/wp\/v2\/categories?post=369439"},{"taxonomy":"post_tag","embeddable":true,"href":"https:\/\/www.mendoza.gov.ar\/prensa\/wp-json\/wp\/v2\/tags?post=369439"}],"curies":[{"name":"wp","href":"https:\/\/api.w.org\/{rel}","templated":true}]}}