{"id":3700,"date":"2014-07-04T12:50:00","date_gmt":"2014-07-04T12:50:00","guid":{"rendered":"http:\/\/prensa.wp2.mendoza.gov.ar\/?p=3700"},"modified":"2014-07-04T12:50:00","modified_gmt":"2014-07-04T12:50:00","slug":"ambiente-realizo-un-fuerte-operativo-en-deposito-clandestino-de-patogenicos","status":"publish","type":"post","link":"https:\/\/www.mendoza.gov.ar\/prensa\/ambiente-realizo-un-fuerte-operativo-en-deposito-clandestino-de-patogenicos\/","title":{"rendered":"Ambiente realiz\u00f3 un fuerte operativo en dep\u00f3sito clandestino de patog\u00e9nicos"},"content":{"rendered":"<!DOCTYPE html PUBLIC \"-\/\/W3C\/\/DTD HTML 4.0 Transitional\/\/EN\" \"http:\/\/www.w3.org\/TR\/REC-html40\/loose.dtd\">\n<html><body><p><img src=\"https:\/\/www.mendoza.gov.ar\/prensa\/wp-content\/uploads\/sites\/23\/2014\/08\/view_crop_15806.JPG\" class=\" img-responsive center-block\"><\/p>\n<p style=\"text-align: justify\">El Ministerio de Tierras, Ambiente y Recursos Naturales en conjunto con el Ministerio de Salud y el Municipio de Guaymallen, comenzaron en horas de la ma&ntilde;ana a retirar los residuos patog&eacute;nicos dispuestos clandestinamente en un dep&oacute;sito de Guaymallen.<\/p>\n<p style=\"text-align: justify\">El ministro, Guillermo Elizalde se hizo presente en el lugar junto Pablo Isuani del Ministerio de Salud y Federico Sampieri, secretario de Obras&nbsp;y Servicios P&uacute;blicos de Guaymallen.<\/p>\n<p style=\"text-align: justify\">Luego de recorrer la chacarita, Elizalde se&ntilde;al&oacute; que &ldquo;es una situaci&oacute;n muy delicada la que presenta este lugar, porque tiene que ver con residuos patog&eacute;nicos y despu&eacute;s de hacer la denuncia en la Fiscal&iacute;a 9&ordf;, hoy estamos procediendo a la remediaci&oacute;n, sacando toda esta basura que es un riesgo para la poblaci&oacute;n y queremos que la Justicia vaya hasta las &uacute;ltimas consecuencias para saber quien ha originado &eacute;sto y sancionarlo&rdquo;.<\/p>\n<p style=\"text-align: justify\">\"Desde el Ministerio de Tierras vamos a llevar a cabo el procedimiento implementado en Mendoza desde el 2011, que garantiza mediante el servicio p&uacute;blico la recolecci&oacute;n y disposici&oacute;n final de los residuos patog&eacute;nicos. Este operativo es urgente por el riesgo que implica para los habitantes de Guaymallen&rdquo;, agreg&oacute; Elizalde.<\/p>\n<p style=\"text-align: justify\">Pablo Isuani constat&oacute; que entre los residuos encontrados son en su gran mayor&iacute;a farmac&eacute;uticos vencidos desde el 2007 y punzo cortantes como frascos de medicamentos vencidos, rotos, bl&iacute;ster&nbsp; de distintos tipos de pastillas, ampollas, sondas de todo tipo, gu&iacute;as, cajas completas de agujas vencidas, recipientes de suero, de transfusiones, entre otros elementos relacionados con la salud.<\/p>\n<p style=\"text-align: justify\">La Municipalidad de Guaymallen dispuso para el operativo personal para ayudar a la empresa de recolecci&oacute;n y maquinaria que garantice la r&aacute;pida remediaci&oacute;n del lugar. Por su parte Sampieri sostuvo \"sorprende este tipo de deposito de patog&eacute;nicos ya que no se registran denuncias por este tipo de residuos\" y destac&oacute; la efectividad de la intervenci&oacute;n conjunta para la seguridad de la gente de Guaymallen.<\/p>\n<p style=\"text-align: justify\">Los residuos patog&eacute;nicos, tal como lo indica la Ley Provincial 7.168 que los regula, ser&aacute;n llevados a la planta de tratamiento y disposici&oacute;n final ubicada en Capdevila, Departamento de Las Heras por la empresa concesionaria del sistema de recolecci&oacute;n, transporte y tratamiento, SUSTENTA.<\/p>\n<p style=\"text-align: justify\"><strong>&iquest;C&oacute;mo se tratan los residuos patog&eacute;nicos en Mendoza?<\/strong><\/p>\n<p style=\"text-align: justify\">La gesti&oacute;n de residuos patog&eacute;nicos y farmac&eacute;uticos en Mendoza&nbsp;est&aacute; regida por la Ley Provincial N&ordm; 7.168\/03 y su Decreto Reglamentario N&ordm; 2.108\/05.<\/p>\n<p style=\"text-align: justify\">Esta legislaci&oacute;n establece que el Servicio de Recolecci&oacute;n, Transporte, Tratamiento y Disposici&oacute;n Final de los Residuos Patog&eacute;nicos y Farmac&eacute;uticos ser&aacute; un servicio p&uacute;blico; a&nbsp;diferencia de a&ntilde;os anteriores a estas legislaciones&nbsp;donde cada etapa estaba a cargo de empresas privadas, cuyos costos eran fijados por los particulares&nbsp;y no se garantizaba que el servicio prestara cobertura a&nbsp;toda la Provincia. Actualmente el servicio p&uacute;blico, est&aacute; gestionando un promedio diario de 3.500 kilos.<\/p>\n<p style=\"text-align: justify\">Una vez ingresados los residuos en la Planta de Tratamiento ubicada en Capdevila, Departamento de Las Heras, se les da el tratamiento correspondiente seg&uacute;n la naturaleza del residuo. En el caso de los residuos patog&eacute;nicos, se&nbsp;procede al autoclave que es la esterilizaci&oacute;n del residuo con vapor y presi&oacute;n.<\/p>\n<p style=\"text-align: justify\">Los residuos patog&eacute;nicos luego de ser esterilizados, pierden su caracter&iacute;stica de pat&oacute;genos y se convierten en residuos asimilables a residuos s&oacute;lidos urbanos; entonces son transportados por camiones de mayor porte a un relleno sanitario especialmente construido para este fin, ubicado en el Borboll&oacute;n, Las Heras.<\/p>\n<p style=\"text-align: justify\">Desde el Ministerio de Tierras, Ambiente y Recursos Naturales, a trav&eacute;s de los inspectores de la Unidad de Proyectos Cr&iacute;ticos, se realizan controles mensuales a las distintas etapas del Sistema con el objetivo de detectar cualquier desviaci&oacute;n en la misma.<\/p>\n<\/body><\/html>\n","protected":false},"excerpt":{"rendered":"El Ministerio de Tierras, Ambiente y Recursos Naturales en conjunto con el Ministerio de Salud y el Municipio de Guaymallen, comenzaron en horas de la ma&ntilde;ana a retirar los residuos patog&eacute;nicos dispuestos clandestinamente en un dep&oacute;sito de Guaymallen. El ministro, Guillermo Elizalde se hizo presente en el lugar junto Pablo Isuani del Ministerio de Salud&#8230; <a class=\"view-article\" href=\"https:\/\/www.mendoza.gov.ar\/prensa\/ambiente-realizo-un-fuerte-operativo-en-deposito-clandestino-de-patogenicos\/\"><\/a>","protected":false},"author":3,"featured_media":0,"comment_status":"closed","ping_status":"open","sticky":false,"template":"","format":"standard","meta":[],"categories":[3],"tags":[],"_links":{"self":[{"href":"https:\/\/www.mendoza.gov.ar\/prensa\/wp-json\/wp\/v2\/posts\/3700"}],"collection":[{"href":"https:\/\/www.mendoza.gov.ar\/prensa\/wp-json\/wp\/v2\/posts"}],"about":[{"href":"https:\/\/www.mendoza.gov.ar\/prensa\/wp-json\/wp\/v2\/types\/post"}],"author":[{"embeddable":true,"href":"https:\/\/www.mendoza.gov.ar\/prensa\/wp-json\/wp\/v2\/users\/3"}],"replies":[{"embeddable":true,"href":"https:\/\/www.mendoza.gov.ar\/prensa\/wp-json\/wp\/v2\/comments?post=3700"}],"version-history":[{"count":0,"href":"https:\/\/www.mendoza.gov.ar\/prensa\/wp-json\/wp\/v2\/posts\/3700\/revisions"}],"wp:attachment":[{"href":"https:\/\/www.mendoza.gov.ar\/prensa\/wp-json\/wp\/v2\/media?parent=3700"}],"wp:term":[{"taxonomy":"category","embeddable":true,"href":"https:\/\/www.mendoza.gov.ar\/prensa\/wp-json\/wp\/v2\/categories?post=3700"},{"taxonomy":"post_tag","embeddable":true,"href":"https:\/\/www.mendoza.gov.ar\/prensa\/wp-json\/wp\/v2\/tags?post=3700"}],"curies":[{"name":"wp","href":"https:\/\/api.w.org\/{rel}","templated":true}]}}