{"id":370750,"date":"2023-08-17T09:43:14","date_gmt":"2023-08-17T12:43:14","guid":{"rendered":"https:\/\/www.mendoza.gov.ar\/prensa\/?p=370750"},"modified":"2023-08-17T12:14:34","modified_gmt":"2023-08-17T15:14:34","slug":"dario-silva-participara-en-la-copa-del-mundo-de-natacion-de-invierno-en-el-calafate","status":"publish","type":"post","link":"https:\/\/www.mendoza.gov.ar\/prensa\/dario-silva-participara-en-la-copa-del-mundo-de-natacion-de-invierno-en-el-calafate\/","title":{"rendered":"Dar\u00edo Silva participar\u00e1 en la Copa del Mundo de nataci\u00f3n de invierno en El Calafate"},"content":{"rendered":"<!DOCTYPE html PUBLIC \"-\/\/W3C\/\/DTD HTML 4.0 Transitional\/\/EN\" \"http:\/\/www.w3.org\/TR\/REC-html40\/loose.dtd\">\n<html><body><p><strong>Ser&aacute; el &uacute;nico mendocino que estar&aacute;<\/strong> <strong>en la competencia a disputarse del<\/strong> <strong>22 al 27 de este mes. Previamente,<\/strong> <strong>este domingo lo har&aacute; en aguas<\/strong> <strong>abiertas, calendario fecha NAF en<\/strong> <strong>Puerto Madryn, Chubut. En ambos<\/strong> <strong>casos nadar&aacute; sin traje de neoprene.&nbsp;&nbsp;<\/strong><\/p>\n\n\n\n<p>El reconocido nadador mendocino Dar&iacute;o Silva, de 55 a&ntilde;os, oriundo de Luj&aacute;n, viajar&aacute; hoy, a Chubut para participar en una competencia de aguas abiertas. Silva tiene una larga trayectoria en competencias a nivel nacional e internacional, representando al pa&iacute;s y fundamentalmente a nuestra provincia en nataci&oacute;n de invierno en distancias cortas y aguas abiertas. <\/p>\n\n\n\n<p>Posteriormente, el nadador se trasladar&aacute; a Santa Cruz para formar parte como &uacute;nico mendocino de la Copa del Mundo de Nataci&oacute;n de Invierno Argentina 2023, que se disputar&aacute; en el Parque Nacional Los Glaciares.<\/p>\n\n\n\n<p>Silva disputar&aacute; su tercera cita mundialista, ya que anteriormente estuvo representando a la Argentina en 2018, en Estonia, y en 2020, en Eslovenia, adem&aacute;s de varios circuitos europeos. &ldquo;Significa para m&iacute; un orgullo poder seguir representando a mi pa&iacute;s en nataci&oacute;n de invierno&rdquo;, expres&oacute;.&nbsp;<\/p>\n\n\n\n<p>El destacado deportista explic&oacute; que, el&nbsp;domingo 20, &ldquo;en el golfo de Puerto Madryn estar&eacute; en la competencia de aguas abiertas calendario fecha NAF [nadadores de aguas fr&iacute;as], en las distancias de 1000 metros y 2000 metros con o sin traje, donde yo compito en la de 2000 metros sin traje de neoprene&rdquo;.&nbsp;<\/p>\n\n\n\n<p>Indic&oacute; que, posteriormente, participar&aacute; &ldquo;en el Mundial de Nataci&oacute;n de Invierno, que por primera vez se realizar&aacute; en la Argentina, en el Lago Argentino, en una pileta flotante donde se nadar&aacute;n las siguientes pruebas:&nbsp;&nbsp;25m, 50m, 100m, 200m estilo libre, 25m, 50m, 100m y 200m estilo pecho, 25m, 50m, estilo mariposa. Estilo espalda no se nada para preservar la salud de los nadadores, ya que al estar la cabeza siempre en contacto con el agua congelada es bastante peligroso. Por &uacute;ltimo, las distancias de 500m y 1000m en modalidad aguas abiertas con bollados en el mismo Lago Argentino&rdquo;.<\/p>\n\n\n\n<p>&ldquo;Yo participo en todas las pruebas &ndash;agreg&oacute;&ndash;; me vengo entrenando muy duro, de lunes a viernes de 7 a 8.30, martes y jueves de 20.30 a 22 y s&aacute;bados de 13 a 15. Participo por mi cuenta y tengo la mejor de las expectativas en ambas competiciones&rdquo;, concluy&oacute;.<\/p>\n\n\n\n<figure class=\"wp-block-gallery columns-3\"><ul class=\"blocks-gallery-grid\"><li class=\"blocks-gallery-item\"><figure><a href=\"https:\/\/www.mendoza.gov.ar\/wp-content\/uploads\/sites\/5\/2023\/08\/thumbnail-8-26-700x945.jpg\"><img loading=\"lazy\" width=\"700\" height=\"945\" src=\"https:\/\/www.mendoza.gov.ar\/wp-content\/uploads\/sites\/5\/2023\/08\/thumbnail-8-26-700x945.jpg\" alt=\"\" data-id=\"370751\" data-link=\"https:\/\/www.mendoza.gov.ar\/prensa\/?attachment_id=370751\" class=\"wp-image-370751 img-responsive center-block\" srcset=\"https:\/\/www.mendoza.gov.ar\/wp-content\/uploads\/sites\/5\/2023\/08\/thumbnail-8-26-700x945.jpg 700w, https:\/\/www.mendoza.gov.ar\/wp-content\/uploads\/sites\/5\/2023\/08\/thumbnail-8-26-250x338.jpg 250w, https:\/\/www.mendoza.gov.ar\/wp-content\/uploads\/sites\/5\/2023\/08\/thumbnail-8-26-120x162.jpg 120w, https:\/\/www.mendoza.gov.ar\/wp-content\/uploads\/sites\/5\/2023\/08\/thumbnail-8-26.jpg 720w\" sizes=\"(max-width: 700px) 100vw, 700px\"><\/a><\/figure><\/li><li class=\"blocks-gallery-item\"><figure><a href=\"https:\/\/www.mendoza.gov.ar\/wp-content\/uploads\/sites\/5\/2023\/08\/thumbnail-7-34-700x465.jpg\"><img loading=\"lazy\" width=\"700\" height=\"465\" src=\"https:\/\/www.mendoza.gov.ar\/wp-content\/uploads\/sites\/5\/2023\/08\/thumbnail-7-34-700x465.jpg\" alt=\"\" data-id=\"370752\" data-link=\"https:\/\/www.mendoza.gov.ar\/prensa\/?attachment_id=370752\" class=\"wp-image-370752 img-responsive center-block\" srcset=\"https:\/\/www.mendoza.gov.ar\/wp-content\/uploads\/sites\/5\/2023\/08\/thumbnail-7-34-700x465.jpg 700w, https:\/\/www.mendoza.gov.ar\/wp-content\/uploads\/sites\/5\/2023\/08\/thumbnail-7-34-250x166.jpg 250w, https:\/\/www.mendoza.gov.ar\/wp-content\/uploads\/sites\/5\/2023\/08\/thumbnail-7-34-768x510.jpg 768w, https:\/\/www.mendoza.gov.ar\/wp-content\/uploads\/sites\/5\/2023\/08\/thumbnail-7-34-120x80.jpg 120w, https:\/\/www.mendoza.gov.ar\/wp-content\/uploads\/sites\/5\/2023\/08\/thumbnail-7-34.jpg 1280w\" sizes=\"(max-width: 700px) 100vw, 700px\"><\/a><\/figure><\/li><li class=\"blocks-gallery-item\"><figure><a href=\"https:\/\/www.mendoza.gov.ar\/wp-content\/uploads\/sites\/5\/2023\/08\/thumbnail-6-45-700x933.jpg\"><img loading=\"lazy\" width=\"700\" height=\"933\" src=\"https:\/\/www.mendoza.gov.ar\/wp-content\/uploads\/sites\/5\/2023\/08\/thumbnail-6-45-700x933.jpg\" alt=\"\" data-id=\"370753\" data-link=\"https:\/\/www.mendoza.gov.ar\/prensa\/?attachment_id=370753\" class=\"wp-image-370753 img-responsive center-block\" srcset=\"https:\/\/www.mendoza.gov.ar\/wp-content\/uploads\/sites\/5\/2023\/08\/thumbnail-6-45-700x933.jpg 700w, https:\/\/www.mendoza.gov.ar\/wp-content\/uploads\/sites\/5\/2023\/08\/thumbnail-6-45-250x333.jpg 250w, https:\/\/www.mendoza.gov.ar\/wp-content\/uploads\/sites\/5\/2023\/08\/thumbnail-6-45-768x1024.jpg 768w, https:\/\/www.mendoza.gov.ar\/wp-content\/uploads\/sites\/5\/2023\/08\/thumbnail-6-45-120x160.jpg 120w, https:\/\/www.mendoza.gov.ar\/wp-content\/uploads\/sites\/5\/2023\/08\/thumbnail-6-45.jpg 780w\" sizes=\"(max-width: 700px) 100vw, 700px\"><\/a><\/figure><\/li><li class=\"blocks-gallery-item\"><figure><a href=\"https:\/\/www.mendoza.gov.ar\/wp-content\/uploads\/sites\/5\/2023\/08\/thumbnail-5-52-700x525.jpg\"><img loading=\"lazy\" width=\"700\" height=\"525\" src=\"https:\/\/www.mendoza.gov.ar\/wp-content\/uploads\/sites\/5\/2023\/08\/thumbnail-5-52-700x525.jpg\" alt=\"\" data-id=\"370754\" data-link=\"https:\/\/www.mendoza.gov.ar\/prensa\/?attachment_id=370754\" class=\"wp-image-370754 img-responsive center-block\" srcset=\"https:\/\/www.mendoza.gov.ar\/wp-content\/uploads\/sites\/5\/2023\/08\/thumbnail-5-52-700x525.jpg 700w, https:\/\/www.mendoza.gov.ar\/wp-content\/uploads\/sites\/5\/2023\/08\/thumbnail-5-52-250x188.jpg 250w, https:\/\/www.mendoza.gov.ar\/wp-content\/uploads\/sites\/5\/2023\/08\/thumbnail-5-52-768x576.jpg 768w, https:\/\/www.mendoza.gov.ar\/wp-content\/uploads\/sites\/5\/2023\/08\/thumbnail-5-52-120x90.jpg 120w, https:\/\/www.mendoza.gov.ar\/wp-content\/uploads\/sites\/5\/2023\/08\/thumbnail-5-52.jpg 1280w\" sizes=\"(max-width: 700px) 100vw, 700px\"><\/a><\/figure><\/li><li class=\"blocks-gallery-item\"><figure><a href=\"https:\/\/www.mendoza.gov.ar\/wp-content\/uploads\/sites\/5\/2023\/08\/thumbnail-4-55-700x933.jpg\"><img loading=\"lazy\" width=\"700\" height=\"933\" src=\"https:\/\/www.mendoza.gov.ar\/wp-content\/uploads\/sites\/5\/2023\/08\/thumbnail-4-55-700x933.jpg\" alt=\"\" data-id=\"370755\" data-link=\"https:\/\/www.mendoza.gov.ar\/prensa\/?attachment_id=370755\" class=\"wp-image-370755 img-responsive center-block\" srcset=\"https:\/\/www.mendoza.gov.ar\/wp-content\/uploads\/sites\/5\/2023\/08\/thumbnail-4-55-700x933.jpg 700w, https:\/\/www.mendoza.gov.ar\/wp-content\/uploads\/sites\/5\/2023\/08\/thumbnail-4-55-250x333.jpg 250w, https:\/\/www.mendoza.gov.ar\/wp-content\/uploads\/sites\/5\/2023\/08\/thumbnail-4-55-768x1024.jpg 768w, https:\/\/www.mendoza.gov.ar\/wp-content\/uploads\/sites\/5\/2023\/08\/thumbnail-4-55-120x160.jpg 120w, https:\/\/www.mendoza.gov.ar\/wp-content\/uploads\/sites\/5\/2023\/08\/thumbnail-4-55.jpg 960w\" sizes=\"(max-width: 700px) 100vw, 700px\"><\/a><\/figure><\/li><li class=\"blocks-gallery-item\"><figure><a href=\"https:\/\/www.mendoza.gov.ar\/wp-content\/uploads\/sites\/5\/2023\/08\/thumbnail-2-60-700x1244.jpg\"><img loading=\"lazy\" width=\"700\" height=\"1244\" src=\"https:\/\/www.mendoza.gov.ar\/wp-content\/uploads\/sites\/5\/2023\/08\/thumbnail-2-60-700x1244.jpg\" alt=\"\" data-id=\"370756\" data-link=\"https:\/\/www.mendoza.gov.ar\/prensa\/?attachment_id=370756\" class=\"wp-image-370756 img-responsive center-block\" srcset=\"https:\/\/www.mendoza.gov.ar\/wp-content\/uploads\/sites\/5\/2023\/08\/thumbnail-2-60-700x1244.jpg 700w, https:\/\/www.mendoza.gov.ar\/wp-content\/uploads\/sites\/5\/2023\/08\/thumbnail-2-60-250x444.jpg 250w, https:\/\/www.mendoza.gov.ar\/wp-content\/uploads\/sites\/5\/2023\/08\/thumbnail-2-60-120x213.jpg 120w, https:\/\/www.mendoza.gov.ar\/wp-content\/uploads\/sites\/5\/2023\/08\/thumbnail-2-60.jpg 720w\" sizes=\"(max-width: 700px) 100vw, 700px\"><\/a><\/figure><\/li><li class=\"blocks-gallery-item\"><figure><a href=\"https:\/\/www.mendoza.gov.ar\/wp-content\/uploads\/sites\/5\/2023\/08\/thumbnail-1-65-700x700.jpg\"><img loading=\"lazy\" width=\"700\" height=\"700\" src=\"https:\/\/www.mendoza.gov.ar\/wp-content\/uploads\/sites\/5\/2023\/08\/thumbnail-1-65-700x700.jpg\" alt=\"\" data-id=\"370757\" data-link=\"https:\/\/www.mendoza.gov.ar\/prensa\/?attachment_id=370757\" class=\"wp-image-370757 img-responsive center-block\" srcset=\"https:\/\/www.mendoza.gov.ar\/wp-content\/uploads\/sites\/5\/2023\/08\/thumbnail-1-65-700x700.jpg 700w, https:\/\/www.mendoza.gov.ar\/wp-content\/uploads\/sites\/5\/2023\/08\/thumbnail-1-65-250x250.jpg 250w, https:\/\/www.mendoza.gov.ar\/wp-content\/uploads\/sites\/5\/2023\/08\/thumbnail-1-65-150x150.jpg 150w, https:\/\/www.mendoza.gov.ar\/wp-content\/uploads\/sites\/5\/2023\/08\/thumbnail-1-65-768x768.jpg 768w, https:\/\/www.mendoza.gov.ar\/wp-content\/uploads\/sites\/5\/2023\/08\/thumbnail-1-65-120x120.jpg 120w, https:\/\/www.mendoza.gov.ar\/wp-content\/uploads\/sites\/5\/2023\/08\/thumbnail-1-65.jpg 867w\" sizes=\"(max-width: 700px) 100vw, 700px\"><\/a><\/figure><\/li><li class=\"blocks-gallery-item\"><figure><a href=\"https:\/\/www.mendoza.gov.ar\/wp-content\/uploads\/sites\/5\/2023\/08\/thumbnail-76-700x463.jpg\"><img loading=\"lazy\" width=\"700\" height=\"463\" src=\"https:\/\/www.mendoza.gov.ar\/wp-content\/uploads\/sites\/5\/2023\/08\/thumbnail-76-700x463.jpg\" alt=\"\" data-id=\"370758\" data-link=\"https:\/\/www.mendoza.gov.ar\/prensa\/?attachment_id=370758\" class=\"wp-image-370758 img-responsive center-block\" srcset=\"https:\/\/www.mendoza.gov.ar\/wp-content\/uploads\/sites\/5\/2023\/08\/thumbnail-76-700x463.jpg 700w, https:\/\/www.mendoza.gov.ar\/wp-content\/uploads\/sites\/5\/2023\/08\/thumbnail-76-250x165.jpg 250w, https:\/\/www.mendoza.gov.ar\/wp-content\/uploads\/sites\/5\/2023\/08\/thumbnail-76-768x508.jpg 768w, https:\/\/www.mendoza.gov.ar\/wp-content\/uploads\/sites\/5\/2023\/08\/thumbnail-76-120x79.jpg 120w, https:\/\/www.mendoza.gov.ar\/wp-content\/uploads\/sites\/5\/2023\/08\/thumbnail-76.jpg 1280w\" sizes=\"(max-width: 700px) 100vw, 700px\"><\/a><\/figure><\/li><li class=\"blocks-gallery-item\"><figure><a href=\"https:\/\/www.mendoza.gov.ar\/wp-content\/uploads\/sites\/5\/2023\/08\/thumbnail-12-8.jpg\"><img loading=\"lazy\" width=\"640\" height=\"640\" src=\"https:\/\/www.mendoza.gov.ar\/wp-content\/uploads\/sites\/5\/2023\/08\/thumbnail-12-8.jpg\" alt=\"\" data-id=\"370759\" data-link=\"https:\/\/www.mendoza.gov.ar\/prensa\/?attachment_id=370759\" class=\"wp-image-370759 img-responsive center-block\" srcset=\"https:\/\/www.mendoza.gov.ar\/wp-content\/uploads\/sites\/5\/2023\/08\/thumbnail-12-8.jpg 640w, https:\/\/www.mendoza.gov.ar\/wp-content\/uploads\/sites\/5\/2023\/08\/thumbnail-12-8-250x250.jpg 250w, https:\/\/www.mendoza.gov.ar\/wp-content\/uploads\/sites\/5\/2023\/08\/thumbnail-12-8-150x150.jpg 150w, https:\/\/www.mendoza.gov.ar\/wp-content\/uploads\/sites\/5\/2023\/08\/thumbnail-12-8-120x120.jpg 120w\" sizes=\"(max-width: 640px) 100vw, 640px\"><\/a><\/figure><\/li><li class=\"blocks-gallery-item\"><figure><a href=\"https:\/\/www.mendoza.gov.ar\/wp-content\/uploads\/sites\/5\/2023\/08\/thumbnail-10-13-700x933.jpg\"><img loading=\"lazy\" width=\"700\" height=\"933\" src=\"https:\/\/www.mendoza.gov.ar\/wp-content\/uploads\/sites\/5\/2023\/08\/thumbnail-10-13-700x933.jpg\" alt=\"\" data-id=\"370760\" data-link=\"https:\/\/www.mendoza.gov.ar\/prensa\/?attachment_id=370760\" class=\"wp-image-370760 img-responsive center-block\" srcset=\"https:\/\/www.mendoza.gov.ar\/wp-content\/uploads\/sites\/5\/2023\/08\/thumbnail-10-13-700x933.jpg 700w, https:\/\/www.mendoza.gov.ar\/wp-content\/uploads\/sites\/5\/2023\/08\/thumbnail-10-13-250x333.jpg 250w, https:\/\/www.mendoza.gov.ar\/wp-content\/uploads\/sites\/5\/2023\/08\/thumbnail-10-13-768x1024.jpg 768w, https:\/\/www.mendoza.gov.ar\/wp-content\/uploads\/sites\/5\/2023\/08\/thumbnail-10-13-120x160.jpg 120w, https:\/\/www.mendoza.gov.ar\/wp-content\/uploads\/sites\/5\/2023\/08\/thumbnail-10-13.jpg 960w\" sizes=\"(max-width: 700px) 100vw, 700px\"><\/a><\/figure><\/li><li class=\"blocks-gallery-item\"><figure><a href=\"https:\/\/www.mendoza.gov.ar\/wp-content\/uploads\/sites\/5\/2023\/08\/thumbnail-9-19-700x525.jpg\"><img loading=\"lazy\" width=\"700\" height=\"525\" src=\"https:\/\/www.mendoza.gov.ar\/wp-content\/uploads\/sites\/5\/2023\/08\/thumbnail-9-19-700x525.jpg\" alt=\"\" data-id=\"370762\" data-link=\"https:\/\/www.mendoza.gov.ar\/prensa\/?attachment_id=370762\" class=\"wp-image-370762 img-responsive center-block\" srcset=\"https:\/\/www.mendoza.gov.ar\/wp-content\/uploads\/sites\/5\/2023\/08\/thumbnail-9-19-700x525.jpg 700w, https:\/\/www.mendoza.gov.ar\/wp-content\/uploads\/sites\/5\/2023\/08\/thumbnail-9-19-250x188.jpg 250w, https:\/\/www.mendoza.gov.ar\/wp-content\/uploads\/sites\/5\/2023\/08\/thumbnail-9-19-768x576.jpg 768w, https:\/\/www.mendoza.gov.ar\/wp-content\/uploads\/sites\/5\/2023\/08\/thumbnail-9-19-120x90.jpg 120w, https:\/\/www.mendoza.gov.ar\/wp-content\/uploads\/sites\/5\/2023\/08\/thumbnail-9-19.jpg 1040w\" sizes=\"(max-width: 700px) 100vw, 700px\"><\/a><\/figure><\/li><li class=\"blocks-gallery-item\"><figure><a href=\"https:\/\/www.mendoza.gov.ar\/wp-content\/uploads\/sites\/5\/2023\/08\/thumbnail-11-14-700x1054.jpg\"><img loading=\"lazy\" width=\"700\" height=\"1054\" src=\"https:\/\/www.mendoza.gov.ar\/wp-content\/uploads\/sites\/5\/2023\/08\/thumbnail-11-14-700x1054.jpg\" alt=\"\" data-id=\"370764\" data-link=\"https:\/\/www.mendoza.gov.ar\/prensa\/?attachment_id=370764\" class=\"wp-image-370764 img-responsive center-block\" srcset=\"https:\/\/www.mendoza.gov.ar\/wp-content\/uploads\/sites\/5\/2023\/08\/thumbnail-11-14-700x1054.jpg 700w, https:\/\/www.mendoza.gov.ar\/wp-content\/uploads\/sites\/5\/2023\/08\/thumbnail-11-14-250x376.jpg 250w, https:\/\/www.mendoza.gov.ar\/wp-content\/uploads\/sites\/5\/2023\/08\/thumbnail-11-14-120x181.jpg 120w, https:\/\/www.mendoza.gov.ar\/wp-content\/uploads\/sites\/5\/2023\/08\/thumbnail-11-14.jpg 704w\" sizes=\"(max-width: 700px) 100vw, 700px\"><\/a><\/figure><\/li><\/ul><\/figure>\n<\/body><\/html>\n","protected":false},"excerpt":{"rendered":"Ser&aacute; el &uacute;nico mendocino que estar&aacute; en la competencia a disputarse del 22 al 27 de este mes. Previamente, este domingo lo har&aacute; en aguas abiertas, calendario fecha NAF en Puerto Madryn, Chubut. En ambos casos nadar&aacute; sin traje de neoprene.&nbsp;&nbsp; El reconocido nadador mendocino Dar&iacute;o Silva, de 55 a&ntilde;os, oriundo de Luj&aacute;n, viajar&aacute; hoy,&#8230; <a class=\"view-article\" href=\"https:\/\/www.mendoza.gov.ar\/prensa\/dario-silva-participara-en-la-copa-del-mundo-de-natacion-de-invierno-en-el-calafate\/\"><\/a>","protected":false},"author":61,"featured_media":370752,"comment_status":"open","ping_status":"open","sticky":false,"template":"","format":"standard","meta":[],"categories":[10],"tags":[],"_links":{"self":[{"href":"https:\/\/www.mendoza.gov.ar\/prensa\/wp-json\/wp\/v2\/posts\/370750"}],"collection":[{"href":"https:\/\/www.mendoza.gov.ar\/prensa\/wp-json\/wp\/v2\/posts"}],"about":[{"href":"https:\/\/www.mendoza.gov.ar\/prensa\/wp-json\/wp\/v2\/types\/post"}],"author":[{"embeddable":true,"href":"https:\/\/www.mendoza.gov.ar\/prensa\/wp-json\/wp\/v2\/users\/61"}],"replies":[{"embeddable":true,"href":"https:\/\/www.mendoza.gov.ar\/prensa\/wp-json\/wp\/v2\/comments?post=370750"}],"version-history":[{"count":5,"href":"https:\/\/www.mendoza.gov.ar\/prensa\/wp-json\/wp\/v2\/posts\/370750\/revisions"}],"predecessor-version":[{"id":370833,"href":"https:\/\/www.mendoza.gov.ar\/prensa\/wp-json\/wp\/v2\/posts\/370750\/revisions\/370833"}],"wp:featuredmedia":[{"embeddable":true,"href":"https:\/\/www.mendoza.gov.ar\/prensa\/wp-json\/wp\/v2\/media\/370752"}],"wp:attachment":[{"href":"https:\/\/www.mendoza.gov.ar\/prensa\/wp-json\/wp\/v2\/media?parent=370750"}],"wp:term":[{"taxonomy":"category","embeddable":true,"href":"https:\/\/www.mendoza.gov.ar\/prensa\/wp-json\/wp\/v2\/categories?post=370750"},{"taxonomy":"post_tag","embeddable":true,"href":"https:\/\/www.mendoza.gov.ar\/prensa\/wp-json\/wp\/v2\/tags?post=370750"}],"curies":[{"name":"wp","href":"https:\/\/api.w.org\/{rel}","templated":true}]}}